{"id":153821,"date":"2025-10-03T00:33:07","date_gmt":"2025-10-03T00:33:07","guid":{"rendered":"https:\/\/www.europesays.com\/es\/153821\/"},"modified":"2025-10-03T00:33:07","modified_gmt":"2025-10-03T00:33:07","slug":"concentracion-gaza-valencia-valencia-clama-contra-el-secuestro-de-la-flotilla","status":"publish","type":"post","link":"https:\/\/www.europesays.com\/es\/153821\/","title":{"rendered":"CONCENTRACI\u00d3N GAZA VALENCIA | Val\u00e8ncia clama contra el \u00absecuestro\u00bb de la Flotilla"},"content":{"rendered":"<p class=\"ft-text ft-helper-closenews\"><strong>La plaza del Ayuntamiento de Val\u00e8ncia se ha llenado este jueves por la tarde para protestar contra el \u00absecuestro\u00bb de la Flotilla Global Sumud,<\/strong> bloqueada el mi\u00e9rcoles a 70 millas n\u00e1uticas de las costas de Gaza. Entre gritos de \u00abPalestina lliure\u00bb y banderas con el rojo, el blanco, el verde y el negro<strong> 3.000 personas, seg\u00fan rdtima la Delegaci\u00f3n de Gobierno, se han concentrado frente al edificio consistorial para clamar contra el fin de los bombardeos y <\/strong><a class=\"ft-link ft-link--decoration\" href=\"https:\/\/www.levante-emv.com\/espana\/2025\/10\/02\/fiscalia-incluye-interceptacion-flotilla-investigacion-crimenes-israel-gaza-122201294.html\" target=\"_blank\" rel=\"nofollow noopener\"><strong>reclamar la liberaci\u00f3n de los activistas retenidos por Israel<\/strong><\/a><strong>. <\/strong><\/p>\n<p><img decoding=\"async\" src=\"https:\/\/www.europesays.com\/es\/wp-content\/uploads\/2025\/10\/7a4b0564-566a-4c13-8f7a-1b2bc198a298_alta-libre-aspect-ratio_default_0.jpg\" width=\"1200\" height=\"1600\" alt=\"Concentraci\u00f3n en la plaza del Ayuntamiento por la liberaci\u00f3n de los activistas secuestrados anoche en la Flotilla\" class=\"ft-helper-img-rd\" loading=\"lazy\" hasdataaida=\"true\"\/><\/p>\n<p class=\"ft-helper-fontColor-quaternary ft-helper-fontSize-body-S ft-helper-spacer-t-xxs\">Concentraci\u00f3n en la plaza del Ayuntamiento por la liberaci\u00f3n de los activistas secuestrados anoche en la Flotilla  \/ Diego Aitor San Jos\u00e9<\/p>\n<p class=\"ft-text\">\u00abIsrael ha atacado a activistas pac\u00edficos de todo el planeta que sin armas ibtebtaron abrir un corredor humanitario y reclamaban el fin del genocidio y el bloqueo, estas deber\u00edan ser las tareas de los gobiernos\u00bb, ha se\u00f1alado el manifiesto le\u00eddo en el que <a class=\"ft-link ft-link--decoration\" href=\"https:\/\/www.levante-emv.com\/comunitat-valenciana\/2025\/10\/02\/cuatro-valencianos-detenidos-israel-flotilla-gaza-122185814.html\" target=\"_blank\" rel=\"nofollow noopener\"><strong>se ha recordado a los cuatro valencianos detenidos por Israel<\/strong><\/a>. \u00abEstamos con vosotros, no nos parar\u00e1n, Palestina vencer\u00e1\u00bb, han se\u00f1alado en\u00a0el\u00a0parlamento.<\/p>\n<p class=\"ft-text\">En la concentraci\u00f3n se ha celebrado un minuto de silencio por Gaza y le han pedido al Gobierno de Espa\u00f1a<strong> que exija la liberaci\u00f3n de los activistas \u00absecuestrados\u00bb.<\/strong> Tambi\u00e9n se han reclamado \u00absanciones\u00bb contra el Estado de Israel al considerarlas la mejor forma de debilitar el \u00absistema\u00a0de\u00a0apartheid\u00bb.<\/p>\n<p class=\"ft-text\">La concentraci\u00f3n celebrada este jueves frente al <a class=\"ft-link ft-link--decoration\" href=\"https:\/\/www.levante-emv.com\/tags\/ayuntamiento-valencia\/\" target=\"_blank\" rel=\"nofollow noopener\">Ayuntamiento de Val\u00e8ncia<\/a> es la protesta n\u00famero 35 convocada en el Cap i Casal desde que comenzaran los ataques israel\u00edes a la Franja de Gaza a partir del 7 de octubre\u00a0de\u00a02023.<\/p>\n<p data-close=\"closedContent\" class=\"subscribeHideForDisplay\">Suscr\u00edbete para seguir leyendo<\/p>\n","protected":false},"excerpt":{"rendered":"La plaza del Ayuntamiento de Val\u00e8ncia se ha llenado este jueves por la tarde para protestar contra el&hellip;\n","protected":false},"author":2,"featured_media":153822,"comment_status":"","ping_status":"","sticky":false,"template":"","format":"standard","meta":{"footnotes":""},"categories":[5],"tags":[17,18,46303,12189,25,24,13,14,9144,694,11,74,19,20,9,10,15,16,76,46305,46304,23,12,21,22,235],"class_list":{"0":"post-153821","1":"post","2":"type-post","3":"status-publish","4":"format-standard","5":"has-post-thumbnail","7":"category-titulares","8":"tag-breaking-news","9":"tag-breakingnews","10":"tag-clama","11":"tag-comunitat-valenciana","12":"tag-es","13":"tag-espana","14":"tag-featured-news","15":"tag-featurednews","16":"tag-flotilla","17":"tag-gaza","18":"tag-headlines","19":"tag-israel","20":"tag-latest-news","21":"tag-latestnews","22":"tag-news","23":"tag-noticias","24":"tag-noticias-destacadas","25":"tag-noticiasdestacadas","26":"tag-palestina","27":"tag-plaza-del-ayuntamiento","28":"tag-secuestro","29":"tag-spain","30":"tag-titulares","31":"tag-ultimas-noticias","32":"tag-ultimasnoticias","33":"tag-valencia"},"share_on_mastodon":{"url":"","error":""},"_links":{"self":[{"href":"https:\/\/www.europesays.com\/es\/wp-json\/wp\/v2\/posts\/153821","targetHints":{"allow":["GET"]}}],"collection":[{"href":"https:\/\/www.europesays.com\/es\/wp-json\/wp\/v2\/posts"}],"about":[{"href":"https:\/\/www.europesays.com\/es\/wp-json\/wp\/v2\/types\/post"}],"author":[{"embeddable":true,"href":"https:\/\/www.europesays.com\/es\/wp-json\/wp\/v2\/users\/2"}],"replies":[{"embeddable":true,"href":"https:\/\/www.europesays.com\/es\/wp-json\/wp\/v2\/comments?post=153821"}],"version-history":[{"count":0,"href":"https:\/\/www.europesays.com\/es\/wp-json\/wp\/v2\/posts\/153821\/revisions"}],"wp:featuredmedia":[{"embeddable":true,"href":"https:\/\/www.europesays.com\/es\/wp-json\/wp\/v2\/media\/153822"}],"wp:attachment":[{"href":"https:\/\/www.europesays.com\/es\/wp-json\/wp\/v2\/media?parent=153821"}],"wp:term":[{"taxonomy":"category","embeddable":true,"href":"https:\/\/www.europesays.com\/es\/wp-json\/wp\/v2\/categories?post=153821"},{"taxonomy":"post_tag","embeddable":true,"href":"https:\/\/www.europesays.com\/es\/wp-json\/wp\/v2\/tags?post=153821"}],"curies":[{"name":"wp","href":"https:\/\/api.w.org\/{rel}","templated":true}]}}