{"id":153825,"date":"2025-10-03T00:35:36","date_gmt":"2025-10-03T00:35:36","guid":{"rendered":"https:\/\/www.europesays.com\/es\/153825\/"},"modified":"2025-10-03T00:35:36","modified_gmt":"2025-10-03T00:35:36","slug":"roca-rey-no-faenara-en-zaragoza-tras-anunciar-que-corta-su-temporada-en-espana-para-recuperarse-de-sus-lesiones","status":"publish","type":"post","link":"https:\/\/www.europesays.com\/es\/153825\/","title":{"rendered":"Roca Rey no faenar\u00e1 en Zaragoza tras anunciar que corta su temporada en Espa\u00f1a para \u00abrecuperarse de sus lesiones\u00bb"},"content":{"rendered":"<p class=\"ft-text\">El <strong>diestro peruano Andr\u00e9s Roca Rey<\/strong> ha comunicado este lunes que se ve<strong> \u00abobligado\u00bb<\/strong> a cortar su temporada en ruedos espa\u00f1oles para recuperarse de las diferentes lesiones que ha venido arrastrando durante <strong>todo el a\u00f1o y con la vista puesta<\/strong> en la reaparici\u00f3n el pr\u00f3ximo 2 de noviembre en la feria de Lima (Per\u00fa). Esa tarde tiene previsto estoquear estoquear\u00e1 seis toros en solitario por su d\u00e9cimo aniversario de alternativa.<\/p>\n<p class=\"ft-text\">Por lo tanto, <strong>Roca Rey no estar\u00e1 en la Feria del Pilar de Zaragoza<\/strong>. El torero peruano era una de las estrellas del cartel de<strong>l coso de la Misericordia e iba a torear seis toros de Juan Pedro Domecq<\/strong> el s\u00e1bado 11 de octubre a las 17.30 horas junto a <strong>Alejandro Talavante y Trist\u00e1n Barroso.<\/strong><\/p>\n<p class=\"ft-text\">Seg\u00fan un comunicado de su oficina de prensa, Roca Rey ha sumado numeroso<strong>s percances este a\u00f1o cuyas consecuencias se suman a la \u00abpreocupante hernia que padece desde 2019<\/strong>, que requiere un tratamiento cr\u00f3nico y continuado, y que se reactiv\u00f3 tras la fuerte voltereta sufrida en Valladolid, con <strong>p\u00e9rdida de fuerza en el hombro y el brazo izquierdos\u00bb.<\/strong><\/p>\n<p class=\"ft-text\">\u00abA ese diagn\u00f3stico -sigue la nota- se suman las lesiones acumuladas en el <strong>hombro, el tobillo, la fragilidad en el tend\u00f3n de Aquiles<\/strong> y las costillas derechas, que en los \u00faltimos meses le han obligado a torear infiltrado en repetidas ocasiones\u00bb, por lo que el torero,<strong> \u00abmuy a su pesar\u00bb, ha tomado la decisi\u00f3n de detener su actividad en Espa\u00f1a \u00abpara preservar su salud\u00bb.<\/strong><\/p>\n<p>Gracias de coraz\u00f3n<\/p>\n<p class=\"ft-text\">Hasta esa corrida contratada en su Lima natal, en el abono del Se\u00f1or de los Milagros, Roca Rey dejar\u00e1 de cumplir los <strong>tres compromisos que le quedaban en Espa\u00f1a<\/strong>: el 4 de octubre en \u00dabeda (Ja\u00e9n), junto a Morante de la Puebla y Juan Ortega; el 11 en la feria del Pilar de Zaragoza, con Alejandro Talavante y Trist\u00e1n Barroso; y el 18 en Illescas (Toledo), en <strong>una corrida mixta con el rejoneador Guillermo Hermoso de Mendoza y la novillera Olga Casado.<\/strong><\/p>\n<p class=\"ft-text\">\u00abRoca Rey -finaliza la nota- lamenta profundamente no poder cumplir con esas tres corridas que a\u00fan ten\u00eda programadas, <strong>todas con los tendidos pr\u00e1cticamente llenos,<\/strong> y agradece de coraz\u00f3n el apoyo y cari\u00f1o de la afici\u00f3n en este dif\u00edcil momento\u00bb.\u00a0<\/p>\n","protected":false},"excerpt":{"rendered":"El diestro peruano Andr\u00e9s Roca Rey ha comunicado este lunes que se ve \u00abobligado\u00bb a cortar su temporada&hellip;\n","protected":false},"author":2,"featured_media":153826,"comment_status":"","ping_status":"","sticky":false,"template":"","format":"standard","meta":{"footnotes":""},"categories":[277],"tags":[18203,373,46307,168,25,24,599,14524,705,5330,1048,23,167,46306,13780,374,1607,491],"class_list":{"0":"post-153825","1":"post","2":"type-post","3":"status-publish","4":"format-standard","5":"has-post-thumbnail","7":"category-toreo","8":"tag-anunciar","9":"tag-bullfighting","10":"tag-conciertos-y-espectaculos-fiestas-del-pilar-2025","11":"tag-deportes","12":"tag-es","13":"tag-espana","14":"tag-feria","15":"tag-fiestas-del-pilar","16":"tag-peru","17":"tag-rey","18":"tag-roca","19":"tag-spain","20":"tag-sports","21":"tag-temporada-espana","22":"tag-toreara","23":"tag-toreo","24":"tag-valladolid","25":"tag-zaragoza"},"share_on_mastodon":{"url":"","error":""},"_links":{"self":[{"href":"https:\/\/www.europesays.com\/es\/wp-json\/wp\/v2\/posts\/153825","targetHints":{"allow":["GET"]}}],"collection":[{"href":"https:\/\/www.europesays.com\/es\/wp-json\/wp\/v2\/posts"}],"about":[{"href":"https:\/\/www.europesays.com\/es\/wp-json\/wp\/v2\/types\/post"}],"author":[{"embeddable":true,"href":"https:\/\/www.europesays.com\/es\/wp-json\/wp\/v2\/users\/2"}],"replies":[{"embeddable":true,"href":"https:\/\/www.europesays.com\/es\/wp-json\/wp\/v2\/comments?post=153825"}],"version-history":[{"count":0,"href":"https:\/\/www.europesays.com\/es\/wp-json\/wp\/v2\/posts\/153825\/revisions"}],"wp:featuredmedia":[{"embeddable":true,"href":"https:\/\/www.europesays.com\/es\/wp-json\/wp\/v2\/media\/153826"}],"wp:attachment":[{"href":"https:\/\/www.europesays.com\/es\/wp-json\/wp\/v2\/media?parent=153825"}],"wp:term":[{"taxonomy":"category","embeddable":true,"href":"https:\/\/www.europesays.com\/es\/wp-json\/wp\/v2\/categories?post=153825"},{"taxonomy":"post_tag","embeddable":true,"href":"https:\/\/www.europesays.com\/es\/wp-json\/wp\/v2\/tags?post=153825"}],"curies":[{"name":"wp","href":"https:\/\/api.w.org\/{rel}","templated":true}]}}