{"id":153831,"date":"2025-10-03T00:39:09","date_gmt":"2025-10-03T00:39:09","guid":{"rendered":"https:\/\/www.europesays.com\/es\/153831\/"},"modified":"2025-10-03T00:39:09","modified_gmt":"2025-10-03T00:39:09","slug":"europeo-relevo-mixto-remontada-de-francia-ante-italia","status":"publish","type":"post","link":"https:\/\/www.europesays.com\/es\/153831\/","title":{"rendered":"Europeo relevo mixto: Remontada de Francia ante Italia"},"content":{"rendered":"<blockquote class=\"twitter-tweet\" data-media-max-width=\"560\">\n<p dir=\"ltr\" lang=\"es\">\ud835\udc68\ud835\udc8d\ud835\udc8d\ud835\udc86\ud835\udc9b \ud835\udc73\ud835\udc86\ud835\udc94 \ud835\udc69\ud835\udc8d\ud835\udc86\ud835\udc96\ud835\udc94 \ud83d\udc13\ud83c\uddeb\ud83c\uddf7<\/p>\n<p>El seis franc\u00e9s compuesto por Armirail, Cavagna, Guernalec, Borras, Kerbaol y Labous se proclaman campeones de Europa de contrarreloj por equipos mixto.<\/p>\n<p>\ud83d\udcfa\ud83d\udeb4\u200d\u2642\ufe0f Lo has visto en <a href=\"https:\/\/twitter.com\/Eurosport_ES?ref_src=twsrc%5Etfw\" rel=\"nofollow noopener\" target=\"_blank\">@Eurosport_ES<\/a> y <a href=\"https:\/\/twitter.com\/StreamMaxES?ref_src=twsrc%5Etfw\" rel=\"nofollow noopener\" target=\"_blank\">@StreamMaxES<\/a>. <a href=\"https:\/\/twitter.com\/hashtag\/EuroRoad25?src=hash&amp;ref_src=twsrc%5Etfw\" rel=\"nofollow noopener\" target=\"_blank\">#EuroRoad25<\/a> <a href=\"https:\/\/t.co\/fel8xyhBsu\" rel=\"nofollow\">pic.twitter.com\/fel8xyhBsu<\/a><\/p>\n<p>\u2014 Eurosport.es (@Eurosport_ES) <a href=\"https:\/\/twitter.com\/Eurosport_ES\/status\/1973762640749932597?ref_src=twsrc%5Etfw\" rel=\"nofollow noopener\" target=\"_blank\">October 2, 2025<\/a><\/p>\n<\/blockquote>\n<p><strong>Redacci\u00f3n \/ <a href=\"https:\/\/www.ciclo21.com\/whatsapp-telegram-2025\/\" target=\"_blank\" rel=\"noopener nofollow\">Ciclo 21<\/a><\/strong><\/p>\n<p style=\"text-align: justify;\"><strong>La selecci\u00f3n francesa se colg\u00f3 las medallas de oro<\/strong> en la contrarreloj por equipos, el <strong>relevo mixto<\/strong>, del Campeonato de Europa, recuperando el t\u00edtulo conseguido dos a\u00f1os atr\u00e1s. De aquella edici\u00f3n repitieron victoria <strong>R\u00e9mi Cavagna, Juliette Labous, Bruno Armirail y C\u00e9drine Kerbaol<\/strong>, con las novedades de <strong>Marion Borras y Thibault Guernalec<\/strong>. Los galos se impusieron a <strong>Italia, vigente campeona<\/strong>, que dominaba en el relevo masculino, pero que se vio <strong>derrotada en el esfuerzo de las mujeres.<\/strong><\/p>\n<p style=\"text-align: justify;\"><strong>Francia recuper\u00f3 una diferencia de 23 segundos en contra<\/strong> y acab\u00f3 llev\u00e1ndose la victoria por apenas seis segundos. <strong>La medalla de bronce fue para Suiza<\/strong>, que se qued\u00f3 a 40 segundos de los ganadores. No tuvieron problemas para defender este tercer escal\u00f3n del podio, puesto que <strong>Luxemburgo se desinfl\u00f3 en el relevo femenino y Alemania estuvo lejos<\/strong>, como ya ocurri\u00f3 en el Mundial. Ucrania y Estonia completaron la escueta participaci\u00f3n, inferior a la de la prueba junior.<\/p>\n<p><a href=\"https:\/\/www.ciclo21.com\/wp-content\/uploads\/2025\/10\/G2Q4XX_XEAAns0A-scaled.jpg\" target=\"_blank\" rel=\"noopener nofollow\"><img fetchpriority=\"high\" decoding=\"async\" aria-describedby=\"caption-attachment-449087\" class=\"wp-image-449087 lazy\" src=\"data:image\/svg+xml,%3Csvg%20xmlns=\" http:=\"\" data-src=\"https:\/\/www.europesays.com\/es\/wp-content\/uploads\/2025\/10\/G2Q4XX_XEAAns0A-scaled.jpg.webp.webp\" alt=\"\" width=\"750\" height=\"500\" data- data-\/><\/a><\/p>\n<p id=\"caption-attachment-449087\" class=\"wp-caption-text\">Francia, campeona de Europa de relevo mixto \u00a9 Groupama-FDJ\/Getty<\/p>\n<p><a href=\"https:\/\/www.ciclo21.com\/europeos-2025-ardeche-drome-selecciones\/\" target=\"_blank\" rel=\"noopener nofollow\"><strong>TODAS LAS PRUEBAS<\/strong><\/a><\/p>\n<p><a href=\"https:\/\/www.ciclo21.com\/europeo-ardeche-drome-2025-seleccion-espanola\/\" target=\"_blank\" rel=\"noopener nofollow\"><strong>LA SELECCI\u00d3N ESPA\u00d1OLA<\/strong><\/a><\/p>\n<p><a href=\"https:\/\/www.europeroute2025.com\/app\/uploads\/2025\/09\/CD-EUROPE-Itineraires-Horaires-29.09.2025.pdf\" target=\"_blank\" rel=\"noopener nofollow\"><strong>HORARIOS<\/strong><\/a><\/p>\n<p><a href=\"https:\/\/chronoconsult.fr\/resultat\/rec\/?page=live&amp;event=\" target=\"_blank\" rel=\"noopener nofollow\"><strong>TIEMPOS EN DIRECTO<\/strong><\/a><\/p>\n<p><strong>DECLARACIONES<\/strong><\/p>\n<p style=\"text-align: justify;\"><strong>Juliette Labous<\/strong>: \u201cEs genial ganar. Despu\u00e9s de Kigali terminamos a solo unos segundos y fue frustrante, as\u00ed que salir aqu\u00ed y quedar unos segundos por delante se siente fant\u00e1stico. El equipo femenino hizo un trabajo incre\u00edble y, colectivamente, somos muy fuertes. En esta prueba lo que te da resultados es el trabajo en equipo y la constancia. Puede que no siempre seamos las mejores individualmente, pero cuando corremos juntas somos muy fuertes. Eso es lo que te hace ganar el Campeonato de Europa\u00bb.<\/p>\n<p style=\"text-align: justify;\"><strong>Bruno Armirail<\/strong>: \u201cThibaut estuvo muy fuerte al inicio contra el viento, fue duro. R\u00e9my estuvo excelente en los relevos largos y en las subidas. En general, ejecutamos bien. Aunque los recorridos fueron distintos a Kigali, la intensidad fue similar. Se trataba de mantenerse constantes y fuertes.\u201d<\/p>\n<p style=\"text-align: justify;\"><strong>C\u00e9drine Kerbaol<\/strong>: \u201cAyer fue decepcionante, pero no bajamos los brazos. Vali\u00f3 la pena, y nos llevamos a casa un hermoso maillot de campeones de Europa como equipo. Juliette estuvo incre\u00edble en el final, y el esfuerzo de todos fue simplemente fant\u00e1stico.\u201d<\/p>\n<p><strong>CLASIFICACI\u00d3N<\/strong><\/p>\n<tr class=\"odd\" role=\"row\">\n<td>01<\/td>\n<td>France<\/td>\n<td align=\"right\">47:42<\/td>\n<\/tr>\n<tr role=\"row\">\n<td>\u00a0<\/td>\n<td colspan=\"2\">\u00a0Armirail\u00a0Bruno\u00a0\u00a0Borras\u00a0Marion\u00a0\u00a0Cavagna\u00a0Remi\u00a0\u00a0Guernalec\u00a0Thibault\u00a0\u00a0Kerbaol\u00a0C\u00e9drine\u00a0\u00a0Labous\u00a0Juliette<\/td>\n<\/tr>\n<tr role=\"row\">\n<td>02<\/td>\n<td>Italy<\/td>\n<td align=\"right\">+00:07<\/td>\n<\/tr>\n<tr role=\"row\">\n<td>\u00a0<\/td>\n<td colspan=\"2\">\u00a0Cecchini\u00a0Elena\u00a0\u00a0Frigo\u00a0Marco\u00a0\u00a0Ganna\u00a0Filippo\u00a0\u00a0Guazzini\u00a0Vittoria\u00a0\u00a0Milesi\u00a0Lorenzo\u00a0\u00a0Venturelli\u00a0Federica<\/td>\n<\/tr>\n<tr role=\"row\">\n<td>03<\/td>\n<td>Switzerland<\/td>\n<td align=\"right\">+00:40<\/td>\n<\/tr>\n<tr role=\"row\">\n<td>\u00a0<\/td>\n<td colspan=\"2\">\u00a0Christen\u00a0Jan\u00a0\u00a0K\u00fcng\u00a0Stefan\u00a0\u00a0Liechti\u00a0Jasmin\u00a0\u00a0Reusser\u00a0Marlen\u00a0\u00a0R\u00fcegg\u00a0Noemi\u00a0\u00a0Schmid\u00a0Mauro<\/td>\n<\/tr>\n<tr role=\"row\">\n<td>04<\/td>\n<td>Germany<\/td>\n<td align=\"right\">+01:25<\/td>\n<\/tr>\n<tr role=\"row\">\n<td>\u00a0<\/td>\n<td colspan=\"2\">\u00a0Brau\u00dfe\u00a0Franziska\u00a0\u00a0Fietzke\u00a0Paul\u00a0\u00a0Heidemann\u00a0Miguel\u00a0\u00a0Klein\u00a0Lisa\u00a0\u00a0Kr\u00f6ger\u00a0Mieke\u00a0\u00a0Leidert\u00a0Louis<\/td>\n<\/tr>\n<tr role=\"row\">\n<td>05<\/td>\n<td>Luxembourg<\/td>\n<td align=\"right\">+02:04<\/td>\n<\/tr>\n<tr role=\"row\">\n<td>\u00a0<\/td>\n<td colspan=\"2\">\u00a0Berton\u00a0Nina\u00a0\u00a0Kirsch\u00a0Alex\u00a0\u00a0Kluckers\u00a0Arthur\u00a0\u00a0Nothum\u00a0Gwen\u00a0\u00a0Wenzel\u00a0Liv\u00a0\u00a0Wenzel\u00a0Mats<\/td>\n<\/tr>\n<tr role=\"row\">\n<td>06<\/td>\n<td>Ukraine<\/td>\n<td align=\"right\">+03:28<\/td>\n<\/tr>\n<tr role=\"row\">\n<td>\u00a0<\/td>\n<td colspan=\"2\">\u00a0Biriukova\u00a0Yuliia\u00a0\u00a0Chyzhykov\u00a0Heorhii\u00a0\u00a0Kozoriz\u00a0Danylo\u00a0\u00a0Kulynych\u00a0Olha\u00a0\u00a0Shekel\u00a0Olga\u00a0\u00a0Simon\u00a0Semen<\/td>\n<\/tr>\n<tr role=\"row\">\n<td>07<\/td>\n<td>Estonia<\/td>\n<td align=\"right\">+03:39<\/td>\n<\/tr>\n<tr role=\"row\">\n<td>\u00a0<\/td>\n<td colspan=\"2\">\u00a0Ebras\u00a0Elisabeth\u00a0\u00a0K\u00fc\u00fct\u00a0Oskar\u00a0\u00a0M\u00e4euibo\u00a0Markus\u00a0\u00a0Ragilo\u00a0Frank Aron\u00a0\u00a0Sander\u00a0Laura Lizette\u00a0\u00a0Tuisk\u00a0Aidi Gerde<\/td>\n<\/tr>\n<p><strong>DORSALES OFICIALES<\/strong><\/p>\n<p><strong>PALMAR\u00c9S<\/strong><\/p>\n<p><a href=\"https:\/\/www.ciclo21.com\/europeo-relevo-mixto-elite-2024-italia\/\" target=\"_blank\" rel=\"noopener nofollow\"><strong>Edici\u00f3n 2024: Italia<\/strong><\/a><\/p>\n<p><script async src=\"https:\/\/platform.twitter.com\/widgets.js\" charset=\"utf-8\"><\/script><\/p>\n","protected":false},"excerpt":{"rendered":"\ud835\udc68\ud835\udc8d\ud835\udc8d\ud835\udc86\ud835\udc9b \ud835\udc73\ud835\udc86\ud835\udc94 \ud835\udc69\ud835\udc8d\ud835\udc86\ud835\udc96\ud835\udc94 \ud83d\udc13\ud83c\uddeb\ud83c\uddf7 El seis franc\u00e9s compuesto por Armirail, Cavagna, Guernalec, Borras, Kerbaol y Labous se proclaman&hellip;\n","protected":false},"author":2,"featured_media":153832,"comment_status":"","ping_status":"","sticky":false,"template":"","format":"standard","meta":{"footnotes":""},"categories":[273],"tags":[313,312,168,25,24,46112,46308,23,167],"class_list":{"0":"post-153831","1":"post","2":"type-post","3":"status-publish","4":"format-standard","5":"has-post-thumbnail","7":"category-ciclismo","8":"tag-ciclismo","9":"tag-cycling","10":"tag-deportes","11":"tag-es","12":"tag-espana","13":"tag-europeo-2025","14":"tag-europeo-relevos-mixto","15":"tag-spain","16":"tag-sports"},"share_on_mastodon":{"url":"","error":""},"_links":{"self":[{"href":"https:\/\/www.europesays.com\/es\/wp-json\/wp\/v2\/posts\/153831","targetHints":{"allow":["GET"]}}],"collection":[{"href":"https:\/\/www.europesays.com\/es\/wp-json\/wp\/v2\/posts"}],"about":[{"href":"https:\/\/www.europesays.com\/es\/wp-json\/wp\/v2\/types\/post"}],"author":[{"embeddable":true,"href":"https:\/\/www.europesays.com\/es\/wp-json\/wp\/v2\/users\/2"}],"replies":[{"embeddable":true,"href":"https:\/\/www.europesays.com\/es\/wp-json\/wp\/v2\/comments?post=153831"}],"version-history":[{"count":0,"href":"https:\/\/www.europesays.com\/es\/wp-json\/wp\/v2\/posts\/153831\/revisions"}],"wp:featuredmedia":[{"embeddable":true,"href":"https:\/\/www.europesays.com\/es\/wp-json\/wp\/v2\/media\/153832"}],"wp:attachment":[{"href":"https:\/\/www.europesays.com\/es\/wp-json\/wp\/v2\/media?parent=153831"}],"wp:term":[{"taxonomy":"category","embeddable":true,"href":"https:\/\/www.europesays.com\/es\/wp-json\/wp\/v2\/categories?post=153831"},{"taxonomy":"post_tag","embeddable":true,"href":"https:\/\/www.europesays.com\/es\/wp-json\/wp\/v2\/tags?post=153831"}],"curies":[{"name":"wp","href":"https:\/\/api.w.org\/{rel}","templated":true}]}}