{"id":153845,"date":"2025-10-03T00:51:09","date_gmt":"2025-10-03T00:51:09","guid":{"rendered":"https:\/\/www.europesays.com\/es\/153845\/"},"modified":"2025-10-03T00:51:09","modified_gmt":"2025-10-03T00:51:09","slug":"la-boda-de-postin-de-cayetano-martinez-de-irujo-el-aristocrata-rompecorazones","status":"publish","type":"post","link":"https:\/\/www.europesays.com\/es\/153845\/","title":{"rendered":"La boda de post\u00edn de Cayetano Mart\u00ednez de Irujo, el arist\u00f3crata rompecorazones"},"content":{"rendered":"<p>03\/10\/2025<br \/>\n<br \/><strong><br \/>\nActualizado a las 02:03h.<br \/>\n<\/strong><\/p>\n<p class=\"voc-p\" style=\"\">Este s\u00e1bado 4 de octubre, <strong>Cayetano Mart\u00ednez de Irujo<\/strong> (62 a\u00f1os), quinto hijo de la fallecida <strong>duquesa de Alba<\/strong>, volver\u00e1 a pasar por el altar. Y lo har\u00e1 con la joven madrile\u00f1a <strong>B\u00e1rbara Mirjan<\/strong> (29), tras casi<a href=\"https:\/\/www.abc.es\/gente\/lista-bodas-cayetano-martinez-irujo-servilletas-150-20250703113350-nt.html\" target=\"_self\" data-voc-vtm-id=\"in-text-traffic\" title=\" una d\u00e9cada de feliz noviazgo\" data-mrf-link=\"www.abc.es\" rel=\"nofollow noopener\"> una d\u00e9cada de feliz noviazgo<\/a>, en el templo de la Hermandad de los Gitanos de Sevilla, donde reposan parte de las cenizas de la madre del novio. <\/p>\n<p class=\"voc-p\" style=\"\">Se espera que el interfecto sea llevado al altar por su hija <strong>Amina<\/strong> y que entre los 300 invitados se encuentren la mayor parte de los Alba, pese a los conflictos y desavenencias protagonizadas desde la muerte de Cayetana Fitz-James Stuart en 2014 y la toma de posesi\u00f3n del control de la Casa del mayor de los hermanos <strong>Mart\u00ednez de Irujo<\/strong>, <strong>Carlos<\/strong>. Despu\u00e9s de la ceremonia religiosa, oficiada por<strong> Ignacio Jim\u00e9nez S\u00e1nchez-Dalp<\/strong>, cura amigo de la familia, los invitados disfrutar\u00e1n del banquete nupcial (un almuerzo servido por el catering de <strong>Miguel \u00c1ngel<\/strong>) en la finca Las Arroyuelas, en la localidad sevillana de Carmona, propiedad de Cayetano. <\/p>\n<p class=\"voc-p\" style=\"\">Seg\u00fan dijo este hace poco a la revista &#8216;\u00a1Hola!&#8217;, en la finca entrena caballos, comercializa su propio aceite y est\u00e1 desarrollando un proyecto agropecuario de 1.500 hect\u00e1reas. <a href=\"https:\/\/www.abc.es\/gente\/lista-bodas-cayetano-martinez-irujo-servilletas-150-20250703113350-nt.html\" target=\"_self\" data-voc-vtm-id=\"in-text-traffic\" title=\"\u00abHe estado varias veces en la ruina\u00bb\" data-mrf-link=\"www.abc.es\" rel=\"nofollow noopener\">\u00abHe estado varias veces en la ruina\u00bb<\/a>, cont\u00f3. \u00abPero me las he ingeniado para salir adelante, aunque la estructura de gastos es muy dif\u00edcil de mantener. Estoy aprendiendo a ser empresario sin dinero, como el 90 por ciento de los emprSResarios. Con dinero heredado es relativamente f\u00e1cil. Lo dif\u00edcil es salir adelante sin dinero y pidi\u00e9ndolo a los bancos. Todo lo que hice los siete a\u00f1os despu\u00e9s de morir mi madre me sali\u00f3 regular o mal, porque yo hab\u00eda sido deportista de \u00e9lite y no estaba preparado\u00bb.<\/p>\n<p>\nHistorial amoroso\n<\/p>\n<p class=\"voc-p\" style=\"\">A sus 62 a\u00f1os, Cayetano, IV duque de Arjona y XIV conde de Salvatierra, cuenta con un amplio historial amoroso. En su libro &#8216;De Cayetano a Cayetana&#8217; relat\u00f3 lo duro que le result\u00f3 perder a su padre con solo nueve a\u00f1os y crecer en el Palacio de Liria junto a una madre fr\u00eda y distante. A los 16 a\u00f1os, aquel adolescente triste y desencantado se escapaba de casa con frecuencia para verse con una se\u00f1ora mayor que \u00e9l, esposa de un hombre que comerciaba con diamantes, a la que conoci\u00f3 en el Club de Campo. \u00abEsta mujer me recog\u00eda en su coche, me daba 20.000 pesetas para que pagase yo en los estupendos restaurantes a los que acud\u00edamos. Despu\u00e9s, las copas en Mau Mau, que abr\u00eda sus puertas a partir de medianoche. Dorm\u00edamos juntos y el lunes me llevaba al colegio. Me quedaba con el dinero sobrante. Me gustaba mucho, creo que cumpl\u00eda varios papeles en mi vida: amante, amiga, madre&#8230; El idilio nos dur\u00f3 a\u00f1o y medio\u00bb. Luego<a href=\"https:\/\/www.abc.es\/gente\/lista-bodas-cayetano-martinez-irujo-servilletas-150-20250703113350-nt.html\" target=\"_self\" data-voc-vtm-id=\"in-text-traffic\" title=\" tuvo algunas novias de la sociedad madrile\u00f1a\" data-mrf-link=\"www.abc.es\" rel=\"nofollow noopener\"> tuvo algunas novias de la sociedad madrile\u00f1a<\/a> en las que busc\u00f3 cari\u00f1o, apoyo y comprensi\u00f3n y se acerc\u00f3 al mundo de la juerga y las drogas (del que le salvaron \u00abel deporte y mi fuerza de voluntad para seguir levant\u00e1ndome cada d\u00eda\u00bb).<\/p>\n<p class=\"voc-p\" style=\"\">A principios de los noventa, volcado ya en su faceta de jinete de caballos de \u00e9lite, mantuvo un idilio con la <strong>Infanta Elena<\/strong>, con la que coincid\u00eda en muchos concursos h\u00edpicos. En sus memorias dice que se conocieron poco antes de los Juegos Ol\u00edmpicos de Barcelona 92 y que lo suyo apenas dur\u00f3 tres meses (para desconsuelo de <strong>do\u00f1a Sof\u00eda<\/strong>, que vio en \u00e9l a un buen partido para su hija). \u00abBuscaba la normalidad, alcanzar un entorno cotidiano sin sobresaltos, como el del resto de la gente, no pertenecer a mundos exclusivos, que tanto da\u00f1o me hab\u00edan hecho\u00bb, relat\u00f3. \u00abNecesitaba desesperadamente reafirmar mi personalidad al margen de la familia en la que hab\u00eda nacido. Continuar con Elena era destruir el esfuerzo tit\u00e1nico que manten\u00eda para asentar mi propia identidad. Quer\u00eda salir de mi palacio, no entrar en otro\u00bb. <\/p>\n<p class=\"voc-p\" style=\"\">Algo m\u00e1s de tiempo dur\u00f3 su historia con <strong>Mar Flores<\/strong>. La modelo y actriz quiso entrar en la Casa de Alba, pero la Duquesa -al igual que media Espa\u00f1a- estaba al tanto de que la chica hab\u00eda sido desleal a una anterior pareja y no la pod\u00eda ver ni en pintura. Cuando en octubre del 98 <strong>Eugenia Mart\u00ednez de Irujo<\/strong> se cas\u00f3 con el torero <strong>Fran Rivera<\/strong>, Cayetano, hermano de la novia, tuvo que ponerse farruco para que su familia le permitiera ir a la boda acompa\u00f1ado de Mar (la Duquesa acab\u00f3 consintiendo, m\u00e1s que nada porque el susodicho era el padrino). Pero su qu\u00edmica con &#8216;la flor de Usera&#8217; se fue desvaneciendo, sobre todo, a ra\u00edz de la publicaci\u00f3n en Intervi\u00fa (a principios del 99) de unas fotos en las que Mar y <strong>Lequio<\/strong> aparec\u00edan juntos en la habitaci\u00f3n de un hotel. Mar ha asegurado que, debido al esc\u00e1ndalo de esas im\u00e1genes y a la presi\u00f3n que soportaba, acab\u00f3 ingresada en un hospital tras ingerir pastillas. Cayetano reconoce que aquel d\u00eda fue a buscarla a su salida del hospital y se la llev\u00f3 unas semanas a su finca para que se recuperara.<\/p>\n<p><img decoding=\"async\" loading=\"lazy\" src=\"https:\/\/www.europesays.com\/es\/wp-content\/uploads\/2025\/10\/mar-U80160352483gDF-760x427@diario_abc.jpg\" class=\"voc-img\" width=\"760\" height=\"427\" alt=\"Cayetano Mart\u00ednez de Irujo junto a Mar Flores\" data-voc-vtm-id=\"in-text-traffic\"\/><\/p>\n<p>Cayetano Mart\u00ednez de Irujo junto a Mar Flores<\/p>\n<p>gtres<\/p>\n<p class=\"voc-p\" style=\"\">Mucho m\u00e1s tarde, en declaraciones publicadas por la revista &#8216;Semana&#8217;, Cayetano afirma que su relaci\u00f3n con Mar acab\u00f3 al poco de esto, \u00abporque ella me dijo que ten\u00eda que irse a uno de sus viajes de trabajo y despu\u00e9s descubr\u00ed por unas fotos que estaba con <strong>Javier Merino<\/strong>&#8230; Esa fue la verdadera causa de la ruptura\u00bb. Y no parece que en la actualidad sienta ninguna simpat\u00eda por una se\u00f1ora de quien asegura que \u00abfue la horma de mi zapato en el peor de los sentidos. Yo, que pensaba que todas las mujeres estaban a mi disposici\u00f3n, sabore\u00e9 mi propia medicina: <a href=\"https:\/\/www.abc.es\/gente\/lista-bodas-cayetano-martinez-irujo-servilletas-150-20250703113350-nt.html\" target=\"_self\" data-voc-vtm-id=\"in-text-traffic\" title=\"era una mujer maquiav\u00e9lica y fr\u00eda, de doble personalidad\" data-mrf-link=\"www.abc.es\" rel=\"nofollow noopener\">era una mujer maquiav\u00e9lica y fr\u00eda, de doble personalidad<\/a> [&#8230;]. No tengo ning\u00fan reproche. Cuando digo que fue la horma de mi zapato, es porque me hizo lo mismo que yo hab\u00eda hecho antes a otras mujeres, sin querer y sin ser consciente\u00bb.<\/p>\n<p class=\"voc-p\" style=\"\">Bastante mejor recuerdo guarda de <strong>Katia Ca\u00f1edo<\/strong>, a quien considera su primer gran amor, y de <strong>Genoveva Casanova<\/strong>, con la que en 2001 tuvo dos hijos mellizos (<strong>Luis<\/strong> y <strong>Amina<\/strong>, que hoy d\u00eda viven y trabajan en Londres) y estuvo casado de 2005 a 2007, fecha en la que decidieron tomar caminos separados. \u00abKatia no pudo conmigo\u00bb, confes\u00f3. \u00abEstuvimos juntos cuatro a\u00f1os, fue en mi \u00e9poca m\u00e1s dif\u00edcil, cuando yo no sab\u00eda ni qui\u00e9n era ni d\u00f3nde estaba. Me dej\u00f3 ella, no pod\u00eda m\u00e1s [&#8230;]. <a href=\"https:\/\/www.abc.es\/gente\/genoveva-casanova-abandona-espana-plena-cuenta-atras-20250929101801-nt.html\" target=\"_self\" data-voc-vtm-id=\"in-text-traffic\" title=\"M\u00e1s tarde lo intent\u00f3 Genoveva Casanova\" data-mrf-link=\"www.abc.es\" rel=\"nofollow noopener\">M\u00e1s tarde lo intent\u00f3 Genoveva Casanova<\/a>. La madre de mis hijos hizo un tremendo esfuerzo para que nuestra pareja, primero, y nuestro matrimonio, despu\u00e9s, funcionaran y pudi\u00e9ramos formar la ansiada familia para ambos. No pudo ser. Yo me quer\u00eda y me odiaba, estar conmigo era un desbarajuste\u00bb. Aunque ahora, asegura, s\u00ed es capaz de \u00abestar con una mujer y sentirla a mi lado como compa\u00f1era\u00bb. De ah\u00ed que salga con B\u00e1rbara, una discreta y sociable ni\u00f1a bien, 33 a\u00f1os m\u00e1s joven que \u00e9l, de la que admira que \u00absaca lo mejor de m\u00ed\u00bb y \u00abes inteligente y resolutiva\u00bb. <\/p>\n<p><img decoding=\"async\" loading=\"lazy\" src=\"https:\/\/s3.abcstatics.com\/abc\/www\/multimedia\/gente\/2025\/10\/03\/geenoveva-U05333356157mYO-760x427@diario_abc.jpg\" class=\"voc-img\" width=\"760\" height=\"427\" alt=\"Cayetano Mart\u00ednez de Irujo junto a Genoveva Casanova\" data-voc-vtm-id=\"in-text-traffic\"\/><\/p>\n<p>Cayetano Mart\u00ednez de Irujo junto a Genoveva Casanova<\/p>\n<p>gtres<\/p>\n<p class=\"voc-p\" style=\"\">Seg\u00fan algunas fuentes, B\u00e1rbara estudi\u00f3 Filolog\u00eda Francesa y Gesti\u00f3n de Empresas y hace unos meses dej\u00f3 su trabajo como organizadora de eventos para centrarse en los preparativos del que sin duda es el bodorrio del oto\u00f1o.<\/p>\n<p>Reportar un error<\/p>\n","protected":false},"excerpt":{"rendered":"03\/10\/2025 Actualizado a las 02:03h. Este s\u00e1bado 4 de octubre, Cayetano Mart\u00ednez de Irujo (62 a\u00f1os), quinto hijo&hellip;\n","protected":false},"author":2,"featured_media":153846,"comment_status":"","ping_status":"","sticky":false,"template":"","format":"standard","meta":{"footnotes":""},"categories":[91],"tags":[46310,3158,4812,146,147,25,24,36166,825,46309,46311,23],"class_list":{"0":"post-153845","1":"post","2":"type-post","3":"status-publish","4":"format-standard","5":"has-post-thumbnail","7":"category-entretenimiento","8":"tag-aristocrata","9":"tag-boda","10":"tag-cayetano","11":"tag-entertainment","12":"tag-entretenimiento","13":"tag-es","14":"tag-espana","15":"tag-irujo","16":"tag-martinez","17":"tag-postin","18":"tag-rompecorazones","19":"tag-spain"},"share_on_mastodon":{"url":"","error":""},"_links":{"self":[{"href":"https:\/\/www.europesays.com\/es\/wp-json\/wp\/v2\/posts\/153845","targetHints":{"allow":["GET"]}}],"collection":[{"href":"https:\/\/www.europesays.com\/es\/wp-json\/wp\/v2\/posts"}],"about":[{"href":"https:\/\/www.europesays.com\/es\/wp-json\/wp\/v2\/types\/post"}],"author":[{"embeddable":true,"href":"https:\/\/www.europesays.com\/es\/wp-json\/wp\/v2\/users\/2"}],"replies":[{"embeddable":true,"href":"https:\/\/www.europesays.com\/es\/wp-json\/wp\/v2\/comments?post=153845"}],"version-history":[{"count":0,"href":"https:\/\/www.europesays.com\/es\/wp-json\/wp\/v2\/posts\/153845\/revisions"}],"wp:featuredmedia":[{"embeddable":true,"href":"https:\/\/www.europesays.com\/es\/wp-json\/wp\/v2\/media\/153846"}],"wp:attachment":[{"href":"https:\/\/www.europesays.com\/es\/wp-json\/wp\/v2\/media?parent=153845"}],"wp:term":[{"taxonomy":"category","embeddable":true,"href":"https:\/\/www.europesays.com\/es\/wp-json\/wp\/v2\/categories?post=153845"},{"taxonomy":"post_tag","embeddable":true,"href":"https:\/\/www.europesays.com\/es\/wp-json\/wp\/v2\/tags?post=153845"}],"curies":[{"name":"wp","href":"https:\/\/api.w.org\/{rel}","templated":true}]}}