{"id":153851,"date":"2025-10-03T00:54:09","date_gmt":"2025-10-03T00:54:09","guid":{"rendered":"https:\/\/www.europesays.com\/es\/153851\/"},"modified":"2025-10-03T00:54:09","modified_gmt":"2025-10-03T00:54:09","slug":"venezuela-dice-que-cinco-cazas-f-35-de-ee-uu-volaron-cerca-de-su-costa-en-el-caribe","status":"publish","type":"post","link":"https:\/\/www.europesays.com\/es\/153851\/","title":{"rendered":"Venezuela dice que cinco cazas F-35 de EE.UU. volaron cerca de su costa en el Caribe"},"content":{"rendered":"<p>      CNN Espa\u00f1ol<br \/>\n        \u00a0\u2014\u00a0<\/p>\n<p class=\"paragraph inline-placeholder vossi-paragraph\" data-uri=\"es.cms.cnn.com\/_components\/paragraph\/instances\/cmg9uqbgh000r27p3gviz3emg@published\" data-editable=\"text\" data-component-name=\"paragraph\" data-article-gutter=\"true\">\n            Venezuela detect\u00f3 cinco aviones de combate de EE.UU. volando cerca de su costa sobre el Caribe, dijo este jueves el ministro de Defensa Vladimir Padrino L\u00f3pez, describiendo el incidente como una \u201cprovocaci\u00f3n\u201d de Washington.\n    <\/p>\n<p class=\"paragraph inline-placeholder vossi-paragraph\" data-uri=\"es.cms.cnn.com\/_components\/paragraph\/instances\/cmg9uqppg0000356n29m84546@published\" data-editable=\"text\" data-component-name=\"paragraph\" data-article-gutter=\"true\">\n            \u201cSon aviones de combate. Aviones de combate que el imperialismo estadounidense ha atrevido a acercarse a las costas venezolanas\u201d, declar\u00f3 en la cadena estatal VTV.\n    <\/p>\n<p class=\"paragraph inline-placeholder vossi-paragraph\" data-uri=\"es.cms.cnn.com\/_components\/paragraph\/instances\/cmg9xci5k0000356nvef1qe0e@published\" data-editable=\"text\" data-component-name=\"paragraph\" data-article-gutter=\"true\">\n            En un <a href=\"https:\/\/t.me\/luchaalmada15\/14359?single\" target=\"_blank\" rel=\"nofollow\">comunicado oficial <\/a>publicado horas despu\u00e9s se detall\u00f3 que las aeronaves fueron detectadas a 75 kil\u00f3metros de la costa de Venezuela, es decir posiblemente dentro de su Zona Econ\u00f3mica Exclusiva (200 millas n\u00e1uticas o 370 kil\u00f3metros) pero no en el espacio a\u00e9reo sobre sus aguas territoriales (12 millas n\u00e1uticas o 22 kil\u00f3metros desde la costa).\n    <\/p>\n<p class=\"paragraph inline-placeholder vossi-paragraph\" data-uri=\"es.cms.cnn.com\/_components\/paragraph\/instances\/cmg9y5up80005356nvn7kdixm@published\" data-editable=\"text\" data-component-name=\"paragraph\" data-article-gutter=\"true\">\n            CNN se ha puesto en contacto con el Ministerio del Poder Popular para la Defensa de Venezuela para obtener m\u00e1s informaci\u00f3n sobre la ubicaci\u00f3n exacta.\n    <\/p>\n<p class=\"paragraph inline-placeholder vossi-paragraph\" data-uri=\"es.cms.cnn.com\/_components\/paragraph\/instances\/cmg9wd62v000o356nlk7kuvge@published\" data-editable=\"text\" data-component-name=\"paragraph\" data-article-gutter=\"true\">\n            Padrino L\u00f3pez describi\u00f3 los aviones como cazas F-35 que volaban a una velocidad de 400 nudos (unos 740 kil\u00f3metros por hora) y una altitud de 35.000 pies (unos 10.600 metros).\n    <\/p>\n<p class=\"paragraph inline-placeholder vossi-paragraph\" data-uri=\"es.cms.cnn.com\/_components\/paragraph\/instances\/cmg9xyy4j0002356no42jm6tr@published\" data-editable=\"text\" data-component-name=\"paragraph\" data-article-gutter=\"true\">\n            Asegur\u00f3 que fueron detectados por los sistemas de defensa a\u00e9rea que operan dentro de la regi\u00f3n de informaci\u00f3n de vuelo de Maiquet\u00eda y que los mismos datos fueron tambi\u00e9n reportados por un avi\u00f3n comercial (de acuerdo con el <a href=\"https:\/\/t.me\/luchaalmada15\/14359?single\" target=\"_blank\" rel=\"nofollow\">comunicado<\/a>, perteneciente a la colombiana Avianca), que supuestamente inform\u00f3 a la torre de control del Aeropuerto de Maiquet\u00eda que hab\u00eda detectado la presencia de aviones de combate.\n    <\/p>\n<p class=\"paragraph inline-placeholder vossi-paragraph\" data-uri=\"es.cms.cnn.com\/_components\/paragraph\/instances\/cmg9wd62v000p356nozjmynm5@published\" data-editable=\"text\" data-component-name=\"paragraph\" data-article-gutter=\"true\">\n            CNN tambi\u00e9n se ha comunicado con el Departamento de Defensa de EE.UU. para obtener comentarios.\n    <\/p>\n<p class=\"paragraph inline-placeholder vossi-paragraph\" data-uri=\"es.cms.cnn.com\/_components\/paragraph\/instances\/cmg9wd62v000q356ncaecm40t@published\" data-editable=\"text\" data-component-name=\"paragraph\" data-article-gutter=\"true\">\n            \u201cNunca hab\u00edamos visto este despliegue de aviones, que sabemos que est\u00e1n estacionados en Puerto Rico, de la clase F-35. Eso no nos intimida, no intimida al pueblo de Venezuela\u201d, declar\u00f3 Padrino. \u201cLa presencia de esos aviones es una groses\u00eda, es una provocaci\u00f3n, es una amenaza contra la seguridad de la Naci\u00f3n\u201d, agreg\u00f3.\n    <\/p>\n<p>       <img decoding=\"async\" src=\"https:\/\/www.europesays.com\/es\/wp-content\/uploads\/2025\/10\/gettyimages-2234664528.jpg\" alt=\"Un caza F35-B del Cuerpo de Marines de Estados Unidos en Ceiba, Puerto Rico, el 13 de septiembre.\" class=\"image__dam-img image__dam-img--loading\" onload=\"this.classList.remove('image__dam-img--loading')\" onerror=\"imageLoadError(this)\" height=\"3333\" width=\"5000\" loading=\"lazy\"\/><\/p>\n<p class=\"paragraph inline-placeholder vossi-paragraph\" data-uri=\"es.cms.cnn.com\/_components\/paragraph\/instances\/cmg9wd62v000r356nv713sk2k@published\" data-editable=\"text\" data-component-name=\"paragraph\" data-article-gutter=\"true\">\n            Al menos cinco aviones de combate F-35<a href=\"https:\/\/cnnespanol.cnn.com\/2025\/09\/15\/eeuu\/f35-aviones-puerto-rico-tension-venezuela-orix\" rel=\"nofollow noopener\" target=\"_blank\"> fueron avistados en Puerto Rico a mediados de septiembre<\/a>, seg\u00fan im\u00e1genes publicadas por Reuters. Llegaron all\u00ed despu\u00e9s de que dos funcionarios de la Casa Blanca informaran previamente a CNN que Estados Unidos enviar\u00eda 10 de esos aviones a la isla, donde una unidad de la Infanter\u00eda de Marina ha estado realizando ejercicios de entrenamiento de desembarco anfibio.\n    <\/p>\n<p class=\"paragraph inline-placeholder vossi-paragraph\" data-uri=\"es.cms.cnn.com\/_components\/paragraph\/instances\/cmg9x0q790000356npnwdq2u8@published\" data-editable=\"text\" data-component-name=\"paragraph\" data-article-gutter=\"true\">\n            Los F-35 son c<a href=\"https:\/\/cnnespanol.cnn.com\/2025\/09\/12\/latinoamerica\/despliegue-cazas-cruceros-carteles-venezuela-orix\" rel=\"nofollow noopener\" target=\"_blank\">azas polivalentes y furtivos q<\/a>ue entraron en servicio en 2015 e incorporan lo \u00faltimo en tecnolog\u00eda aeron\u00e1utica y de radares estadounidense. Est\u00e1n dise\u00f1ados para, entre otras misiones, penetrar defensas enemigas y llevar adelante ataques de precisi\u00f3n.\n    <\/p>\n<p class=\"paragraph inline-placeholder vossi-paragraph\" data-uri=\"es.cms.cnn.com\/_components\/paragraph\/instances\/cmg9wd4dg000m356ncspub01z@published\" data-editable=\"text\" data-component-name=\"paragraph\" data-article-gutter=\"true\">\n            En tanto la noticia llega en medio de una creciente tensi\u00f3n entre Estados Unidos y Venezuela tras el despliegue de varios buques de guerra estadounidenses en el Caribe, que Estados Unidos insiste en que es una misi\u00f3n para combatir el narcotr\u00e1fico, pero Venezuela cree que busca un cambio de r\u00e9gimen.\n    <\/p>\n","protected":false},"excerpt":{"rendered":"CNN Espa\u00f1ol \u00a0\u2014\u00a0 Venezuela detect\u00f3 cinco aviones de combate de EE.UU. volando cerca de su costa sobre el&hellip;\n","protected":false},"author":2,"featured_media":153852,"comment_status":"","ping_status":"","sticky":false,"template":"","format":"standard","meta":{"footnotes":""},"categories":[42],"tags":[17,18,30234,629,13,14,11,61,62,63,64,19,20,9,10,15,16,12,21,22,1192,65,66,67],"class_list":{"0":"post-153851","1":"post","2":"type-post","3":"status-publish","4":"format-standard","5":"has-post-thumbnail","7":"category-internacional","8":"tag-breaking-news","9":"tag-breakingnews","10":"tag-caribe","11":"tag-estados-unidos","12":"tag-featured-news","13":"tag-featurednews","14":"tag-headlines","15":"tag-internacional","16":"tag-international","17":"tag-international-news","18":"tag-internationalnews","19":"tag-latest-news","20":"tag-latestnews","21":"tag-news","22":"tag-noticias","23":"tag-noticias-destacadas","24":"tag-noticiasdestacadas","25":"tag-titulares","26":"tag-ultimas-noticias","27":"tag-ultimasnoticias","28":"tag-venezuela","29":"tag-world","30":"tag-world-news","31":"tag-worldnews"},"share_on_mastodon":{"url":"","error":""},"_links":{"self":[{"href":"https:\/\/www.europesays.com\/es\/wp-json\/wp\/v2\/posts\/153851","targetHints":{"allow":["GET"]}}],"collection":[{"href":"https:\/\/www.europesays.com\/es\/wp-json\/wp\/v2\/posts"}],"about":[{"href":"https:\/\/www.europesays.com\/es\/wp-json\/wp\/v2\/types\/post"}],"author":[{"embeddable":true,"href":"https:\/\/www.europesays.com\/es\/wp-json\/wp\/v2\/users\/2"}],"replies":[{"embeddable":true,"href":"https:\/\/www.europesays.com\/es\/wp-json\/wp\/v2\/comments?post=153851"}],"version-history":[{"count":0,"href":"https:\/\/www.europesays.com\/es\/wp-json\/wp\/v2\/posts\/153851\/revisions"}],"wp:featuredmedia":[{"embeddable":true,"href":"https:\/\/www.europesays.com\/es\/wp-json\/wp\/v2\/media\/153852"}],"wp:attachment":[{"href":"https:\/\/www.europesays.com\/es\/wp-json\/wp\/v2\/media?parent=153851"}],"wp:term":[{"taxonomy":"category","embeddable":true,"href":"https:\/\/www.europesays.com\/es\/wp-json\/wp\/v2\/categories?post=153851"},{"taxonomy":"post_tag","embeddable":true,"href":"https:\/\/www.europesays.com\/es\/wp-json\/wp\/v2\/tags?post=153851"}],"curies":[{"name":"wp","href":"https:\/\/api.w.org\/{rel}","templated":true}]}}