{"id":153853,"date":"2025-10-03T00:55:17","date_gmt":"2025-10-03T00:55:17","guid":{"rendered":"https:\/\/www.europesays.com\/es\/153853\/"},"modified":"2025-10-03T00:55:17","modified_gmt":"2025-10-03T00:55:17","slug":"los-medicos-vuelven-este-viernes-a-la-huelga","status":"publish","type":"post","link":"https:\/\/www.europesays.com\/es\/153853\/","title":{"rendered":"Los m\u00e9dicos vuelven este viernes a la huelga"},"content":{"rendered":"<p>La Confederaci\u00f3n Estatal de Sindicatos M\u00e9dicos (CESM) y el Sindicato M\u00e9dico Andaluz (SMA) vuelven este viernes a una huelga, de la que esperan un alto seguimiento por el respaldo mostrado por diferentes organizaciones y sindicatos, para mostrar su<strong> rechazo al borrador del Estatuto Marco<\/strong> presentado por el Ministerio de Sanidad y reclamar un texto propio para la profesi\u00f3n. <\/p>\n<p>Se trata del <strong>segundo paro nacional <\/strong>convocado por estas organizaciones <a href=\"https:\/\/www.rtve.es\/play\/audios\/las-mananas-de-rne\/huelga-del-personal-medico-queremos-estatuto-marco-se-adapte-necesidades-sanitarias-del-siglo-xxi-espana\/16623222\/\" target=\"_blank\" rel=\"nofollow noopener\">tras el del pasado 13 de junio<\/a> y han llamado a participar a todos los profesionales con relaci\u00f3n laboral con el Sistema Nacional de Salud (SNS), quienes podr\u00e1n ejercer su derecho desde las 00.00 horas de este viernes. <\/p>\n<p>La convocatoria de este viernes est\u00e1 marcada por las acusaciones de CESM y SMA sobre la<strong> \u00abausencia total\u00bb de voluntad negociadora <\/strong>por parte de Sanidad, tras la reuni\u00f3n mantenida el martes con la directora general de Ordenaci\u00f3n Profesional del Ministerio de Sanidad, Celia G\u00f3mez, el subdirector general de Cohesi\u00f3n y Alta Inspecci\u00f3n del Sistema Nacional de Salud, Juan Juli\u00e1n Garc\u00eda, y el consejero t\u00e9cnico Miguel \u00c1ngel M\u00e1\u00f1ez. <\/p>\n<p>El ministerio liderado por M\u00f3nica Garc\u00eda tambi\u00e9n ha rechazado en varias ocasiones retirar el actual borrador de Estatuto Marco y negociar un texto exclusivo para el colectivo m\u00e9dico, tal y como demandan CESM y SMA, que piden medidas como la voluntariedad de las guardias, <strong>una jornada de 35 horas semanales<\/strong> o una clasificaci\u00f3n que reconozca sus particularidades con la creaci\u00f3n del grupo A1+. <\/p>\n<p>Esta huelga ha sido<strong> respaldada por la Organizaci\u00f3n M\u00e9dica Colegial <\/strong>(OMC), que ha animado a secundar el paro para unir a la profesi\u00f3n \u00aben una sola voz\u00bb y para defender la \u00abdignidad\u00bb de los m\u00e9dicos. Del mismo modo, cuenta con el apoyo del Foro de la Profesi\u00f3n M\u00e9dica y otros sindicatos profesionales no federados, como la Agrupaci\u00f3n Profesional por un Estatuto M\u00e9dico y Facultativo (APEMYF). <\/p>\n<p>Los sistemas de salud auton\u00f3micos preparan los servicios m\u00ednimos<\/p>\n<p>Los sistemas de salud de las comunidades aut\u00f3nomas ya han ido firmando o notificando servicios m\u00ednimos con el respectivo sindicato representativo convocante. Las negociaciones para renovar la normativa, <strong>vigente desde 2003<\/strong>, llevan unos dos a\u00f1os en curso, un periodo en el que el Ministerio ha presentado varios borradores. <\/p>\n<p>Como parte de la huelga, Amyts ha convocado en <strong>Madrid<\/strong> una manifestaci\u00f3n a las 10.00 horas frente al Congreso de los Diputados, que se acabar\u00e1 dirigiendo al Ministerio de Sanidad. Mientras tanto, Metges de Catalunya ha convocado a las 10.30 horas una concentraci\u00f3n frente al Departament de Salut de <strong>Barcelona<\/strong>. <\/p>\n<p>En <strong>Andaluc\u00eda<\/strong>, se han convocado manifestaciones en Sevilla, C\u00f3rdoba, Almer\u00eda y Huelva; en <strong>Extremadura<\/strong>, habr\u00e1 concentraciones tanto en C\u00e1ceres como en Badajoz; y en <strong>Murcia <\/strong>y <strong>Ceuta <\/strong>se ha convocado a los sanitarios en las puertas de sus centros. <\/p>\n<p>Tambi\u00e9n se han anunciado acciones en <strong>Castilla La Mancha<\/strong>, con protestas en Ciudad Real, Albacete, Toledo, Guadalajara, Cuenca y en Talavera de la Reina. En <strong>Castilla y Le\u00f3n<\/strong> se han convocado concentraciones en Valladolid, Salamanca, Soria, \u00c1vila, Zamora y Aranda de Duero. <\/p>\n<p>En la <strong>Comunidad Valenciana<\/strong>, las organizaciones m\u00e9dicas han confirmado acciones en Alicante, Valencia y Castell\u00f3n. Los m\u00e9dicos de <strong>Baleares <\/strong>acudir\u00e1n a concentraciones convocadas en Mallorca, Menorca e Ibiza. <\/p>\n<p><strong>Cantabria<\/strong> tambi\u00e9n contar\u00e1 con una concentraci\u00f3n en el Hospital Marqu\u00e9s de Valdecilla de Santander; en <strong>Oviedo<\/strong>, habr\u00e1 otra en el Hospital Universitario Central de Asturias y en los centros de salud; en <strong>Galicia<\/strong>, se concentrar\u00e1n en las puertas principales de los hospitales; en<strong> La Rioja<\/strong>, se prev\u00e9 una concentraci\u00f3n en la entrada del Hospital Universitario de San Pedro de Logro\u00f1o; y en <strong>Navarra <\/strong>se ha convocado una concentraci\u00f3n en la entrada principal del Centro de Consultas Pr\u00edncipe de Viana (CCI) de Pamplona. <\/p>\n<p>El Sindicato M\u00e9dico de<strong> Pa\u00eds Vasco<\/strong> ha convocado concentraciones en \u00c1lava, Bizkaia y Gipuzkoa; en <strong>Arag\u00f3n<\/strong>, habr\u00e1 manifestaciones en Zaragoza y Teruel; y en <strong>Canarias<\/strong>, se producir\u00e1n acciones en Tenerife, Lanzarote y Gran Canaria. <\/p>\n<p>Los sindicatos amenazan con \u00abacciones contundentes\u00bb<\/p>\n<p>Adem\u00e1s del rechazo de estas organizaciones, Sanidad tambi\u00e9n se enfrenta a las organizaciones sindicales <strong>presentes en el \u00c1mbito de Negociaci\u00f3n<\/strong> (SATSE-FSES, FSS-CCOO, UGT, CSIF y CIG-Sa\u00fade), que han llevado a cabo numerosas movilizaciones y que han amenazado con \u00abacciones contundentes\u00bb, como una posible huelga, si el Ministerio decide cerrar la negociaci\u00f3n. <\/p>\n<p>Estos sindicatos han mantenido este jueves <strong>una reuni\u00f3n con Sanidad y con las comunidades aut\u00f3nomas<\/strong>, criticando la postura de estas \u00faltimas, a las que acusan de buscar una \u00abnorma tan b\u00e1sica que no tenga pr\u00e1cticamente contenido\u00bb, y que se basa en una \u00absupuesta invasi\u00f3n\u00bb de competencias por parte del Estado. <\/p>\n","protected":false},"excerpt":{"rendered":"La Confederaci\u00f3n Estatal de Sindicatos M\u00e9dicos (CESM) y el Sindicato M\u00e9dico Andaluz (SMA) vuelven este viernes a una&hellip;\n","protected":false},"author":2,"featured_media":153854,"comment_status":"","ping_status":"","sticky":false,"template":"","format":"standard","meta":{"footnotes":""},"categories":[8],"tags":[17,18,25,24,13,14,11,19,20,9,10,15,16,23,12,21,22],"class_list":{"0":"post-153853","1":"post","2":"type-post","3":"status-publish","4":"format-standard","5":"has-post-thumbnail","7":"category-espana","8":"tag-breaking-news","9":"tag-breakingnews","10":"tag-es","11":"tag-espana","12":"tag-featured-news","13":"tag-featurednews","14":"tag-headlines","15":"tag-latest-news","16":"tag-latestnews","17":"tag-news","18":"tag-noticias","19":"tag-noticias-destacadas","20":"tag-noticiasdestacadas","21":"tag-spain","22":"tag-titulares","23":"tag-ultimas-noticias","24":"tag-ultimasnoticias"},"share_on_mastodon":{"url":"","error":""},"_links":{"self":[{"href":"https:\/\/www.europesays.com\/es\/wp-json\/wp\/v2\/posts\/153853","targetHints":{"allow":["GET"]}}],"collection":[{"href":"https:\/\/www.europesays.com\/es\/wp-json\/wp\/v2\/posts"}],"about":[{"href":"https:\/\/www.europesays.com\/es\/wp-json\/wp\/v2\/types\/post"}],"author":[{"embeddable":true,"href":"https:\/\/www.europesays.com\/es\/wp-json\/wp\/v2\/users\/2"}],"replies":[{"embeddable":true,"href":"https:\/\/www.europesays.com\/es\/wp-json\/wp\/v2\/comments?post=153853"}],"version-history":[{"count":0,"href":"https:\/\/www.europesays.com\/es\/wp-json\/wp\/v2\/posts\/153853\/revisions"}],"wp:featuredmedia":[{"embeddable":true,"href":"https:\/\/www.europesays.com\/es\/wp-json\/wp\/v2\/media\/153854"}],"wp:attachment":[{"href":"https:\/\/www.europesays.com\/es\/wp-json\/wp\/v2\/media?parent=153853"}],"wp:term":[{"taxonomy":"category","embeddable":true,"href":"https:\/\/www.europesays.com\/es\/wp-json\/wp\/v2\/categories?post=153853"},{"taxonomy":"post_tag","embeddable":true,"href":"https:\/\/www.europesays.com\/es\/wp-json\/wp\/v2\/tags?post=153853"}],"curies":[{"name":"wp","href":"https:\/\/api.w.org\/{rel}","templated":true}]}}