{"id":153859,"date":"2025-10-03T01:00:06","date_gmt":"2025-10-03T01:00:06","guid":{"rendered":"https:\/\/www.europesays.com\/es\/153859\/"},"modified":"2025-10-03T01:00:06","modified_gmt":"2025-10-03T01:00:06","slug":"cuando-peleara-ilia-topuria","status":"publish","type":"post","link":"https:\/\/www.europesays.com\/es\/153859\/","title":{"rendered":"\u00bfCu\u00e1ndo pelear\u00e1 Ilia Topuria?"},"content":{"rendered":"<p class=\"voc-p\" style=\"\">La cuenta atr\u00e1s para<a href=\"https:\/\/www.abc.es\/deportes\/mma\/superestrella-ufc-eleva-ilia-topuria-mejor-tiempos-20250930091440-nt.html\" target=\"_self\" data-voc-vtm-id=\"in-text-traffic\" title=\" el regreso de Ilia Topuria\" rel=\"nofollow noopener\"> el regreso de Ilia Topuria<\/a> al oct\u00e1gono de la UFC ha comenzado. Desde que el hispanogeorgiano peleara con \u00e9xito por el cintur\u00f3n del peso ligero de la UFC ante Charles Oliveira, a finales de junio de este a\u00f1o en Las Vegas, no ha vuelto a pisar la jaula. Bien es cierto que, en los \u00faltimos tiempos, El Matador ha tenido una recurrencia competitiva de pelear cada ocho meses, por lo que no era descartable que no volviera al oct\u00e1gono hasta principios de pr\u00f3ximo a\u00f1o.<\/p>\n<p class=\"voc-p\" style=\"\">En cualquier caso, muchos aficionados a las artes marciales mixtas (MMA) se est\u00e1n preguntando<a href=\"https:\/\/www.abc.es\/deportes\/mma\/superestrella-ufc-eleva-ilia-topuria-mejor-tiempos-20250930091440-nt.html\" target=\"_self\" data-voc-vtm-id=\"in-text-traffic\" title=\" cu\u00e1ndo volver\u00e1 a pelear Ilia Topuria\" rel=\"nofollow noopener\"> cu\u00e1ndo volver\u00e1 a pelear Ilia Topuria<\/a>. Seg\u00fan informaciones recabadas por este peri\u00f3dico, la UFC pretende que El Matador est\u00e9 compitiendo a lo largo del primer trimestre de 2026. Tras el hist\u00f3rico acuerdo firmado por la compa\u00f1\u00eda estadounidense con Paramount, a raz\u00f3n de 1.100 millones de d\u00f3lares por temporada, la UFC quiere ofrecerle a su nueva plataforma televisiva un inicio de curso por todo lo alto.<\/p>\n<p class=\"voc-p\" style=\"\">Ese comienzo de la UFC en Paramount incluir\u00e1 a las mayores superestrellas de la promotora estadounidense. As\u00ed, cabe una gran posibilidad de que<strong> Ilia Topuria est\u00e9 de regreso en el primer numerado de a\u00f1o<\/strong>, esto es, en el mes de enero, aunque si las negociaciones no terminaran por cerrarse, marzo ser\u00eda otra posibilidad real. El hispanogeorgiano, a priori,<strong> se enfrentar\u00e1 al estadounidense Justin Gaethje<\/strong>, que aguarda su oportunidad desde hace varios meses.<\/p>\n<p class=\"voc-p\" style=\"\">Por otro lado, el combate entre la brasile\u00f1a Amanda Nunes y la estadounidense Kayla Harrison tambi\u00e9n apunta a que formar\u00e1 parte de esa primera cartelera numerada del a\u00f1o. Otra de las grandes figuras actuales de la UFC, Khamzat Chimaev, tendr\u00e1 que dar tambi\u00e9n un paso al frente, y podr\u00eda estar peleando entre enero y marzo de 2026. Se avecina un inicio de 2026 espectacular para la mayor liga de las artes marciales mixtas. <\/p>\n<p>Reportar un error<\/p>\n","protected":false},"excerpt":{"rendered":"La cuenta atr\u00e1s para el regreso de Ilia Topuria al oct\u00e1gono de la UFC ha comenzado. Desde que&hellip;\n","protected":false},"author":2,"featured_media":153860,"comment_status":"","ping_status":"","sticky":false,"template":"","format":"standard","meta":{"footnotes":""},"categories":[276],"tags":[168,25,24,347,8003,23,167,348,343],"class_list":{"0":"post-153859","1":"post","2":"type-post","3":"status-publish","4":"format-standard","5":"has-post-thumbnail","7":"category-ufc","8":"tag-deportes","9":"tag-es","10":"tag-espana","11":"tag-ilia","12":"tag-peleara","13":"tag-spain","14":"tag-sports","15":"tag-topuria","16":"tag-ufc"},"share_on_mastodon":{"url":"","error":""},"_links":{"self":[{"href":"https:\/\/www.europesays.com\/es\/wp-json\/wp\/v2\/posts\/153859","targetHints":{"allow":["GET"]}}],"collection":[{"href":"https:\/\/www.europesays.com\/es\/wp-json\/wp\/v2\/posts"}],"about":[{"href":"https:\/\/www.europesays.com\/es\/wp-json\/wp\/v2\/types\/post"}],"author":[{"embeddable":true,"href":"https:\/\/www.europesays.com\/es\/wp-json\/wp\/v2\/users\/2"}],"replies":[{"embeddable":true,"href":"https:\/\/www.europesays.com\/es\/wp-json\/wp\/v2\/comments?post=153859"}],"version-history":[{"count":0,"href":"https:\/\/www.europesays.com\/es\/wp-json\/wp\/v2\/posts\/153859\/revisions"}],"wp:featuredmedia":[{"embeddable":true,"href":"https:\/\/www.europesays.com\/es\/wp-json\/wp\/v2\/media\/153860"}],"wp:attachment":[{"href":"https:\/\/www.europesays.com\/es\/wp-json\/wp\/v2\/media?parent=153859"}],"wp:term":[{"taxonomy":"category","embeddable":true,"href":"https:\/\/www.europesays.com\/es\/wp-json\/wp\/v2\/categories?post=153859"},{"taxonomy":"post_tag","embeddable":true,"href":"https:\/\/www.europesays.com\/es\/wp-json\/wp\/v2\/tags?post=153859"}],"curies":[{"name":"wp","href":"https:\/\/api.w.org\/{rel}","templated":true}]}}