{"id":153863,"date":"2025-10-03T01:03:11","date_gmt":"2025-10-03T01:03:11","guid":{"rendered":"https:\/\/www.europesays.com\/es\/153863\/"},"modified":"2025-10-03T01:03:11","modified_gmt":"2025-10-03T01:03:11","slug":"el-relevo-de-cedric-vasseur-llega-con-cofidis-en-el-borde-del-wt","status":"publish","type":"post","link":"https:\/\/www.europesays.com\/es\/153863\/","title":{"rendered":"El relevo de C\u00e9dric Vasseur llega con Cofidis en el borde del WT"},"content":{"rendered":"<p>\t\t\t\t\t\t\t\t\t\t\t\t\t\t<a href=\"https:\/\/www.dtswiss.com\/es\" rel=\"nofollow noopener\" target=\"_blank\"><img loading=\"lazy\" decoding=\"async\" class=\"aligncenter wp-image-65007 size-full\" src=\"data:image\/svg+xml,%3Csvg%20xmlns=\" http:=\"\" alt=\"\" width=\"1024\" height=\"140\" data-lazy- data-lazy- data-lazy-src=\"https:\/\/www.europesays.com\/es\/wp-content\/uploads\/2025\/08\/joanseguidor-1024x140px-es-erc1100.png\"\/><\/a><br \/>\nEl relevo de C\u00e9dric Vasseur llega con Cofidis en el borde del World Tour<\/p>\n<p data-start=\"164\" data-end=\"491\">La noticia ha ca\u00eddo como un peque\u00f1o terremoto en el pelot\u00f3n franc\u00e9s: <strong data-start=\"233\" data-end=\"273\">Cofidis se despide de C\u00e9dric Vasseur<\/strong>.<\/p>\n<p data-start=\"164\" data-end=\"491\">El que fuera m\u00e1nager del equipo desde 2018, y antes ciclista de la propia casa entre 2002 y 2005, deja el cargo en un momento delicado, con la amenaza de perder la plaza en el WorldTour para los pr\u00f3ximos tres a\u00f1os.<\/p>\n<p data-start=\"493\" data-end=\"975\">Vasseur deja palabras de orgullo y emoci\u00f3n, agradeciendo a corredores, staff y patrocinador por la confianza.<\/p>\n<p><a class=\"wppaslink\" href=\"https:\/\/joanseguidor.com\/pas\/ccmm-valenciana\/44016\/0\" target=\"_blank\" rel=\"nofollow noopener\"><img decoding=\"async\" src=\"data:image\/svg+xml,%3Csvg%20xmlns=\" http:=\"\" alt=\"CCMM Valenciana\" border=\"0\" data-lazy-src=\"https:\/\/www.europesays.com\/es\/wp-content\/uploads\/2025\/10\/1759453390_838_tl-joanseguidorcom-1024x140-1.png\"\/><\/a><\/p>\n<p data-start=\"493\" data-end=\"975\">Y razones para mirar atr\u00e1s con satisfacci\u00f3n tiene: <strong>tom\u00f3 a Cofidis cuando todav\u00eda era un conjunto de segunda fila, en 2018, y en 2020 logr\u00f3 devolverlo al WorldTour<\/strong>, apostando por nombres como Guillaume Martin o Benjamin Thomas.<\/p>\n<p data-start=\"493\" data-end=\"975\">No olvidemos la plana espa\u00f1ola, con Ion Izagirre, Jes\u00fas Herrada, Alex Aranburu y Jonathan Lastra, entre otros, excelentes ciclistas que nos demuestran lo complicado que lo tienen algunos equipos, como \u00e9ste, en un ciclismo de s\u00faper estructuras.<\/p>\n<p data-start=\"493\" data-end=\"975\">Tambi\u00e9n abri\u00f3 la puerta al ciclismo femenino con la creaci\u00f3n del equipo en 2022.<\/p>\n<p data-start=\"977\" data-end=\"1371\"><strong>Pero los \u00faltimos tiempos han sido cuesta arriba.<\/strong><\/p>\n<p data-start=\"977\" data-end=\"1371\">Cofidis pas\u00f3 de ser 15\u00ba en la clasificaci\u00f3n UCI en 2023 a ocupar el puesto 21 este a\u00f1o.<\/p>\n<p data-start=\"977\" data-end=\"1371\">Y eso, con el nuevo sistema de ascensos y descensos, suena a alarma.<\/p>\n<p data-start=\"977\" data-end=\"1371\">Hoy mismo est\u00e1n 1.300 puntos por debajo del 18\u00ba, Intermarch\u00e9, que marca la frontera de la \u00e9lite, y con Uno-X apenas 175 puntos por delante.<\/p>\n<p data-start=\"977\" data-end=\"1371\"><strong>El margen es m\u00ednimo, pero el riesgo es m\u00e1ximo.<\/strong><\/p>\n<p data-start=\"1373\" data-end=\"1854\">El relevo lo toma <strong data-start=\"1391\" data-end=\"1408\">Rapha\u00ebl Jeune<\/strong>, expro ciclista a principios de los 2000 y con experiencia en marketing deportivo en Look Cycle.<\/p>\n<p data-start=\"1373\" data-end=\"1854\">Ya hab\u00eda trabajado de cerca con Cofidis y ahora tendr\u00e1 que pilotar un barco que navega en aguas agitadas.<\/p>\n<p data-start=\"1373\" data-end=\"1854\"><a href=\"https:\/\/www.turismodecastellon.com\/es\/que-hacer\/rutaCicloturismo\" rel=\"nofollow noopener\" target=\"_blank\"><img loading=\"lazy\" decoding=\"async\" class=\"aligncenter wp-image-66569 size-medium\" src=\"data:image\/svg+xml,%3Csvg%20xmlns=\" http:=\"\" alt=\"\" width=\"300\" height=\"293\" data-lazy- data-lazy- data-lazy-src=\"https:\/\/www.europesays.com\/es\/wp-content\/uploads\/2025\/09\/bn-castellon-cycling-1024x1000-3-300x293.gif\"\/><\/a><\/p>\n<p data-start=\"1373\" data-end=\"1854\">Desde la presidencia del grupo que patrocina al equipo lo venden como un gestor con conocimiento del ciclismo internacional y buena mano para los recursos humanos. Jeune, por su parte, habla de ilusi\u00f3n y de seguir haciendo crecer al equipo.<\/p>\n<p data-start=\"1856\" data-end=\"2203\">El futuro inmediato dir\u00e1 si a Cofidis le toca remar tres a\u00f1os en la categor\u00eda ProTeam buscando volver a subir, o si consiguen rascar lo suficiente para mantenerse en lo m\u00e1s alto.<\/p>\n<p data-start=\"1856\" data-end=\"2203\">Lo que est\u00e1 claro es que, tras la salida de Vasseur, arranca una nueva etapa en <strong>un equipo hist\u00f3rico que no quiere perder su sitio en la primera divisi\u00f3n del ciclismo<\/strong>.<\/p>\n<p data-start=\"1856\" data-end=\"2203\">Y es que lo hace Cofidis en la vida nos podr\u00e1 parecer mejor o peor, pero que es un cl\u00e1sico del pelot\u00f3n, nadie lo puede llegar, con casi tres d\u00e9cadas apoyando el ciclismo.<\/p>\n<p data-start=\"1856\" data-end=\"2203\">Imagen: Unipublic \/ Cxcling Creative Agency<\/p>\n<p data-start=\"1856\" data-end=\"2203\"><img loading=\"lazy\" decoding=\"async\" class=\"aligncenter\" src=\"data:image\/svg+xml,%3Csvg%20xmlns=\" http:=\"\" alt=\"\" width=\"1024\" height=\"400\" data-lazy-src=\"https:\/\/www.europesays.com\/es\/wp-content\/uploads\/2025\/07\/1753913949_219_1024x400-cicloturisme-joanseguidor.jpg\"\/><\/p>\n","protected":false},"excerpt":{"rendered":"El relevo de C\u00e9dric Vasseur llega con Cofidis en el borde del World Tour La noticia ha ca\u00eddo&hellip;\n","protected":false},"author":2,"featured_media":153864,"comment_status":"","ping_status":"","sticky":false,"template":"","format":"standard","meta":{"footnotes":""},"categories":[273],"tags":[46312,313,9301,312,168,25,24,2548,23,167],"class_list":{"0":"post-153863","1":"post","2":"type-post","3":"status-publish","4":"format-standard","5":"has-post-thumbnail","7":"category-ciclismo","8":"tag-cedric-vasseur","9":"tag-ciclismo","10":"tag-cofidis","11":"tag-cycling","12":"tag-deportes","13":"tag-es","14":"tag-espana","15":"tag-featured","16":"tag-spain","17":"tag-sports"},"share_on_mastodon":{"url":"","error":""},"_links":{"self":[{"href":"https:\/\/www.europesays.com\/es\/wp-json\/wp\/v2\/posts\/153863","targetHints":{"allow":["GET"]}}],"collection":[{"href":"https:\/\/www.europesays.com\/es\/wp-json\/wp\/v2\/posts"}],"about":[{"href":"https:\/\/www.europesays.com\/es\/wp-json\/wp\/v2\/types\/post"}],"author":[{"embeddable":true,"href":"https:\/\/www.europesays.com\/es\/wp-json\/wp\/v2\/users\/2"}],"replies":[{"embeddable":true,"href":"https:\/\/www.europesays.com\/es\/wp-json\/wp\/v2\/comments?post=153863"}],"version-history":[{"count":0,"href":"https:\/\/www.europesays.com\/es\/wp-json\/wp\/v2\/posts\/153863\/revisions"}],"wp:featuredmedia":[{"embeddable":true,"href":"https:\/\/www.europesays.com\/es\/wp-json\/wp\/v2\/media\/153864"}],"wp:attachment":[{"href":"https:\/\/www.europesays.com\/es\/wp-json\/wp\/v2\/media?parent=153863"}],"wp:term":[{"taxonomy":"category","embeddable":true,"href":"https:\/\/www.europesays.com\/es\/wp-json\/wp\/v2\/categories?post=153863"},{"taxonomy":"post_tag","embeddable":true,"href":"https:\/\/www.europesays.com\/es\/wp-json\/wp\/v2\/tags?post=153863"}],"curies":[{"name":"wp","href":"https:\/\/api.w.org\/{rel}","templated":true}]}}