{"id":153865,"date":"2025-10-03T01:04:08","date_gmt":"2025-10-03T01:04:08","guid":{"rendered":"https:\/\/www.europesays.com\/es\/153865\/"},"modified":"2025-10-03T01:04:08","modified_gmt":"2025-10-03T01:04:08","slug":"argentina-o-francia-alpine-enfrento-a-colapinto-y-gasly-en-un-desafio-ole","status":"publish","type":"post","link":"https:\/\/www.europesays.com\/es\/153865\/","title":{"rendered":"\u00bfArgentina o Francia? Alpine enfrent\u00f3 a Colapinto y Gasly en un desaf\u00edo :: Ol\u00e9"},"content":{"rendered":"<p>02\/10\/2025 18:24hs.<\/p>\n<p>Entre risas, adivinanzas y alguna que otra pifia, <strong><a href=\"https:\/\/www.ole.com.ar\/tema\/alpine.html\" title=\"Alpine\" alt=\"Alpine\" class=\"slug\" rel=\"nofollow noopener\" target=\"_blank\">Alpine<\/a><\/strong> subi\u00f3 un video donde <strong><a href=\"https:\/\/www.ole.com.ar\/tema\/franco-colapinto.html\" title=\"Franco Colapinto\" alt=\"Franco Colapinto\" class=\"slug\" rel=\"nofollow noopener\" target=\"_blank\">Franco Colapinto<\/a><\/strong> y su compa\u00f1ero, el franc\u00e9s<strong><a href=\"https:\/\/www.ole.com.ar\/tema\/pierre-gasly.html\" title=\"Pierre Gasly\" alt=\"Pierre Gasly\" class=\"slug\" rel=\"nofollow noopener\" target=\"_blank\"> Pierre Gasly<\/a><\/strong>, se enfrentaron en un divertido desaf\u00edo: <strong>reconocer si los paisajes eran de Argentina o de Francia<\/strong>. Ambos pilotos se prestaron para el reto justo un d\u00eda antes de que arranque la actividad en el <strong>Gran Premio de Singapur<\/strong>, donde el pilarense buscar\u00e1 sumar sus primeros puntos en la <strong><a href=\"https:\/\/www.ole.com.ar\/tema\/formula-1.html\" title=\"F\u00f3rmula 1\" alt=\"F\u00f3rmula 1\" class=\"slug\" rel=\"nofollow noopener\" target=\"_blank\">F\u00f3rmula 1<\/a><\/strong>.<\/p>\n<p>De la introducci\u00f3n, se encarg\u00f3 el europeo: \u00abHola amigos, ac\u00e1 estamos en Singapur. <strong>El equipo nos prepar\u00f3 un peque\u00f1o juego para nosotros<\/strong>, en el que tenemos que adivinar si estas fotos fueron tomadas en su pa\u00eds o en el m\u00edo. Empecemos\u00bb.<\/p>\n<p>Colapinto vs. Gasly: \u00bfqui\u00e9n adivin\u00f3 m\u00e1s paisajes?<\/p>\n<p>Gasly no s\u00f3lo abri\u00f3 el video, tambi\u00e9n se anim\u00f3 a dar la primera respuesta tras ver la imagen: \u00abNo s\u00e9 por qu\u00e9, pero <strong>creo que esto es Argentina<\/strong>\u00ab. Ac\u00e1 es cuando Colapinto, un tanto confundido, mete el primer bocado: \u00abPuede ser Paraguay, Brasil&#8230;\u00bb. Ninguno de los dos adivin\u00f3, ya que la respuesta, para la sorpresa de Fran, era Francia. \u00ab<strong>\u00bfC\u00f3mo puede ser eso Francia? \u00bfD\u00f3nde queda?<\/strong>\u00ab, dijo.<\/p>\n<p><img alt=\"El paisaje de la primera imagen.\" loading=\"lazy\" width=\"720\" height=\"100\" decoding=\"async\" data-nimg=\"1\" style=\"color:transparent\" src=\"https:\/\/www.europesays.com\/es\/wp-content\/uploads\/2025\/10\/8QHkK8IAH_720x0__1.jpg\"\/>El paisaje de la primera imagen.<\/p>\n<p>En la segunda foto, hubo consenso, era claramente un paisaje franc\u00e9s. Lo mismo pas\u00f3 en la tercera, ya que <strong>el pilarense r\u00e1pidamente reconoci\u00f3 el Puente de la Mujer de Puerto Madero<\/strong>. Ante la seguridad de su compa\u00f1ero, Gasly lo sigui\u00f3, y ambos adivinaron. Segu\u00eda empatada la cuesti\u00f3n&#8230;<\/p>\n<p><img alt=\"La imagen que eligi\u00f3 Alpine del Puente de la Mujer.\" loading=\"lazy\" width=\"720\" height=\"100\" decoding=\"async\" data-nimg=\"1\" style=\"color:transparent\" src=\"https:\/\/www.europesays.com\/es\/wp-content\/uploads\/2025\/10\/iVdKen06u_720x0__1.jpg\"\/>La imagen que eligi\u00f3 Alpine del Puente de la Mujer.<\/p>\n<p>\u00abEstos son unos balcones raros. Nunca vi unos edificios as\u00ed en mi pa\u00eds. No estoy seguro\u00bb, dijo el oriundo de Ruan. Colapinto, en cambio, mir\u00f3 a la c\u00e1mara y no dud\u00f3: \u00abFrancia\u00bb, tir\u00f3&#8230; Y acert\u00f3. <strong>Fran se pon\u00eda en ventaja<\/strong> y a su rival, tambi\u00e9n competitivo, no le gust\u00f3 nada: \u00ab<strong>\u00bfEn qu\u00e9 parte queda esto?<\/strong> En los suburbios de Par\u00eds&#8230; Ok, interesante\u00bb.<\/p>\n<p>As\u00ed como pas\u00f3 con la primera imagen de Argentina, Franco reconoci\u00f3 al instante la segunda: \u00ab<strong>Las Cataratas del Iguaz\u00fa<\/strong>\u00ab, solt\u00f3 con emoci\u00f3n. Nuevamente, Gasly lo acompa\u00f1\u00f3 en la respuesta, y al ver la sexta foto, coment\u00f3: \u00abEs bastante verde este paisaje. <strong>\u00bfSab\u00edas que nunca fui a tu pa\u00eds?<\/strong> Voy a decir que esto es Argentina\u00bb. Y era, nom\u00e1s.<\/p>\n<p>\u00abPor Dios, m\u00e1s naturaleza. <strong>No es diferente a las otras otras postales<\/strong>\u00ab, dijo Colapinto, simulando estar enojado. \u00abEs otro maldito puente&#8230; En alg\u00fan lugar de Francia\u00bb, lanz\u00f3 el franc\u00e9s, que esta vez fall\u00f3 y, entre risas, no acept\u00f3 el error: \u00ab<strong>Est\u00e1s mintiendo, te equivocaste<\/strong>\u00ab.<\/p>\n<p><img alt=\"La s\u00e9ptima foto.\" loading=\"lazy\" width=\"720\" height=\"100\" decoding=\"async\" data-nimg=\"1\" style=\"color:transparent\" src=\"https:\/\/www.europesays.com\/es\/wp-content\/uploads\/2025\/10\/WVQDjtFUV_720x0__1.jpg\"\/>La s\u00e9ptima foto.<\/p>\n<p>En la octava imagen, ambos se mostraron de acuerdo, pero en estar perdidos. Lo cierto es que la foto, que s\u00f3lo mostraba \u00e1rboles, piedras y un d\u00e9bil camino de agua, pod\u00eda ser tanto argentina como francesa. \u00abEsto podr\u00eda quedar en los dos pa\u00edses\u00bb, coment\u00f3 Gasly. \u00abEs Argentina\u00bb, arriesg\u00f3 Fran para nada seguro. Sin embargo, estaba en lo correcto. As\u00ed, el marcador qued\u00f3 definido y <strong>el triunfo se pint\u00f3 de celeste y blanco: 2-0 para Colapinto<\/strong>. Gasly&#8230; segundo.<\/p>\n<p><a href=\"https:\/\/www.ole.com.ar\/autos\/divertida-aventura-franco-colapinto-previa-gp-singapur-f1-formula-1_0_hu6FTvMvBJ.html\" aria-label=\"La divertida aventura de Franco Colapinto en la previa del Gran Premio de Singapur\" class=\"sc-198398ff-0 dGmAry\" rel=\"nofollow noopener\" target=\"_blank\"><img alt=\"La divertida aventura de Franco Colapinto en la previa del Gran Premio de Singapur\" loading=\"lazy\" width=\"290\" height=\"290\" decoding=\"async\" data-nimg=\"1\" style=\"color:transparent\" src=\"https:\/\/www.europesays.com\/es\/wp-content\/uploads\/2025\/10\/gFZd3XKi8_290x290__1.jpg\"\/><\/p>\n<p>Mir\u00e1 tambi\u00e9nLa divertida aventura de Franco Colapinto en la previa del Gran Premio de Singapur<\/p>\n<p><a href=\"https:\/\/www.ole.com.ar\/autos\/va-campeonato-destructores-formula-1-alpine-franco-colapinto-pierre-gasly-jack-doohan_0_TBhdWuttCr.html\" aria-label=\"Ranking de destructores de la F\u00f3rmula 1: Colapinto mucho mejor que Gasly y Doohan\" class=\"sc-198398ff-0 dGmAry\" rel=\"nofollow noopener\" target=\"_blank\"><img alt=\"Ranking de destructores de la F\u00f3rmula 1: Colapinto mucho mejor que Gasly y Doohan\" loading=\"lazy\" width=\"290\" height=\"290\" decoding=\"async\" data-nimg=\"1\" style=\"color:transparent\" src=\"https:\/\/www.europesays.com\/es\/wp-content\/uploads\/2025\/10\/0pZnxCuto_290x290__1.jpg\"\/><\/p>\n<p>Mir\u00e1 tambi\u00e9nRanking de destructores de la F\u00f3rmula 1: Colapinto mucho mejor que Gasly y Doohan<\/p>\n","protected":false},"excerpt":{"rendered":"02\/10\/2025 18:24hs. Entre risas, adivinanzas y alguna que otra pifia, Alpine subi\u00f3 un video donde Franco Colapinto y&hellip;\n","protected":false},"author":2,"featured_media":153866,"comment_status":"","ping_status":"","sticky":false,"template":"","format":"standard","meta":{"footnotes":""},"categories":[270],"tags":[1331,168,25,24,306,271,272,1723,1330,23,167],"class_list":{"0":"post-153865","1":"post","2":"type-post","3":"status-publish","4":"format-standard","5":"has-post-thumbnail","7":"category-formula-1","8":"tag-alpine","9":"tag-deportes","10":"tag-es","11":"tag-espana","12":"tag-f1","13":"tag-formula-1","14":"tag-formula1","15":"tag-franco-colapinto","16":"tag-pierre-gasly","17":"tag-spain","18":"tag-sports"},"share_on_mastodon":{"url":"","error":""},"_links":{"self":[{"href":"https:\/\/www.europesays.com\/es\/wp-json\/wp\/v2\/posts\/153865","targetHints":{"allow":["GET"]}}],"collection":[{"href":"https:\/\/www.europesays.com\/es\/wp-json\/wp\/v2\/posts"}],"about":[{"href":"https:\/\/www.europesays.com\/es\/wp-json\/wp\/v2\/types\/post"}],"author":[{"embeddable":true,"href":"https:\/\/www.europesays.com\/es\/wp-json\/wp\/v2\/users\/2"}],"replies":[{"embeddable":true,"href":"https:\/\/www.europesays.com\/es\/wp-json\/wp\/v2\/comments?post=153865"}],"version-history":[{"count":0,"href":"https:\/\/www.europesays.com\/es\/wp-json\/wp\/v2\/posts\/153865\/revisions"}],"wp:featuredmedia":[{"embeddable":true,"href":"https:\/\/www.europesays.com\/es\/wp-json\/wp\/v2\/media\/153866"}],"wp:attachment":[{"href":"https:\/\/www.europesays.com\/es\/wp-json\/wp\/v2\/media?parent=153865"}],"wp:term":[{"taxonomy":"category","embeddable":true,"href":"https:\/\/www.europesays.com\/es\/wp-json\/wp\/v2\/categories?post=153865"},{"taxonomy":"post_tag","embeddable":true,"href":"https:\/\/www.europesays.com\/es\/wp-json\/wp\/v2\/tags?post=153865"}],"curies":[{"name":"wp","href":"https:\/\/api.w.org\/{rel}","templated":true}]}}