{"id":153867,"date":"2025-10-03T01:05:16","date_gmt":"2025-10-03T01:05:16","guid":{"rendered":"https:\/\/www.europesays.com\/es\/153867\/"},"modified":"2025-10-03T01:05:16","modified_gmt":"2025-10-03T01:05:16","slug":"letra-corporea-ub-barbastro-abre-una-nueva-etapa","status":"publish","type":"post","link":"https:\/\/www.europesays.com\/es\/153867\/","title":{"rendered":"Letra Corp\u00f3rea UB Barbastro abre una nueva etapa"},"content":{"rendered":"<p class=\"paragraph\"><b>El Letra Corp\u00f3rea UB Barbastro inicia este s\u00e1bado una nueva etapa para el baloncesto de la localidad, al estrenarse en la Tercera FEB<\/b>, la antigua EBA. El equipo salta as\u00ed del baloncesto regional a las competiciones de car\u00e1cter nacional. Compite en el Grupo C-A, que re\u00fane a equipos catalanes, baleares y aragoneses y entre ellos hay algunos que han estado en categor\u00edas superiores en a\u00f1os anteriores como el Hospitalet o el CB Tarragona.<\/p>\n<p class=\"paragraph\"><b>El equipo barbastrense inicia la competici\u00f3n en casa, en el Pabell\u00f3n \u00c1ngel Or\u00fas este s\u00e1bado a las 18:30 horas contra el CB Roser de Barcelona<\/b>.<\/p>\n<p class=\"paragraph\">Con la presencia del Letra Corp\u00f3rea en la Tercera FEB; la provincia recupera presencia en una categor\u00eda en la que la tuvo durante muchos a\u00f1os tanto con el CB Monz\u00f3n, como durante algunos a\u00f1os con el Pe\u00f1as, antes de que lograra los ascensos a LEB Plata y LEB Oro.<\/p>\n<p class=\"paragraph\"><b>El Letra Corp\u00f3rea Barbastro mantiene gran parte de la plantilla que consigui\u00f3 en mayo el t\u00edtulo de campe\u00f3n de Primera Nacional en Arag\u00f3n<\/b> y con ello el ascenso. La pasada fue una temporada magn\u00edfica del equipo, que apenas sufri\u00f3 derrotas y comand\u00f3 de principio a fin la competici\u00f3n y supo rematarla en las eliminatorias.<\/p>\n<p class=\"paragraph\">De entonces contin\u00faa el cuerpo t\u00e9cnico que dirige Quique L\u00f3pez, apoyado por\u00a0 Jordi Huguer y Vicente Rueda, y tambi\u00e9n buena parte de la plantilla, empezando por<b> su capit\u00e1n Jes\u00fas Pardina y siguiendo por Thiago Sartor, Kilian Guillet, Unai Latorre, o Jeremiah Idom.<\/b><\/p>\n<p class=\"paragraph\">Pero, adem\u00e1s, ha aumentado el v\u00ednculo con Barbastro y el Alto Arag\u00f3n <b>con la incorporaci\u00f3n de jugadores como el barbastrense Rodrigo Ger Jos\u00e9 Malo o \u00c1lex Fern\u00e1ndez.<\/b> Los tres han estado vinculados al Pe\u00f1as tambi\u00e9n en distintos momentos.<\/p>\n<p class=\"paragraph\"><b>El p\u00edvot Cheikh Diop, que llega desde el CBZ; el base Jeremy Miranda, del Inca y Xavier Rosas, de Esparraguera, son los otros fichajes.<\/b><\/p>\n<p class=\"paragraph\">El equipo tratar\u00e1 de ser competitivo en una categor\u00eda que supone un salto notable en todos los planos, pero conf\u00eda en la capacidad de sus jugadores y la experiencia de algunos de ellos en esos niveles. Y<b> tratara de mantener el juego intenso y alegre que le ha caracterizado estos a\u00f1os.<\/b><\/p>\n<p class=\"paragraph\">En el primer partido ser\u00e1 baja el senegal\u00e9s Cheikh Diop, en la \u00faltima fase de recuperaci\u00f3n de una lesi\u00f3n en la tibia.<\/p>\n<p class=\"paragraph\"><b>El Uni\u00f3n Basket Barbastro vuelve a contar con el patrocinio de Letra Corp\u00f3rea (Grupo Rami) y con una masa social creciente<\/b>, con la que se espera superar los 300 abonados en las tres modalidades de carnet: General (50 \u20ac), Juvenil (25 \u20ac) y Oro (100 \u20ac). La cantera y los menores de 16 a\u00f1os tendr\u00e1n acceso gratuito a los partidos.<\/p>\n<p class=\"paragraph\">El rival de este s\u00e1bado, el Club B\u00e0squet Roser, es un club hist\u00f3rico del baloncesto catal\u00e1n, que cumple su s\u00e9ptima temporada consecutiva en la categor\u00eda y que se presenta con la base de jugadores que la pasada campa\u00f1a finaliz\u00f3 en la s\u00e9ptima posici\u00f3n de su grupo.<\/p>\n<p class=\"paragraph\">Desde el club s anima a acudir al pabell\u00f3n \u00c1ngel Or\u00fas.<\/p>\n","protected":false},"excerpt":{"rendered":"El Letra Corp\u00f3rea UB Barbastro inicia este s\u00e1bado una nueva etapa para el baloncesto de la localidad, al&hellip;\n","protected":false},"author":2,"featured_media":153868,"comment_status":"","ping_status":"","sticky":false,"template":"","format":"standard","meta":{"footnotes":""},"categories":[269],"tags":[299,8976,298,46313,168,25,24,314,8126,795,23,167],"class_list":{"0":"post-153867","1":"post","2":"type-post","3":"status-publish","4":"format-standard","5":"has-post-thumbnail","7":"category-baloncesto","8":"tag-baloncesto","9":"tag-barbastro","10":"tag-basketball","11":"tag-corporea","12":"tag-deportes","13":"tag-es","14":"tag-espana","15":"tag-etapa","16":"tag-letra","17":"tag-nueva","18":"tag-spain","19":"tag-sports"},"share_on_mastodon":{"url":"","error":""},"_links":{"self":[{"href":"https:\/\/www.europesays.com\/es\/wp-json\/wp\/v2\/posts\/153867","targetHints":{"allow":["GET"]}}],"collection":[{"href":"https:\/\/www.europesays.com\/es\/wp-json\/wp\/v2\/posts"}],"about":[{"href":"https:\/\/www.europesays.com\/es\/wp-json\/wp\/v2\/types\/post"}],"author":[{"embeddable":true,"href":"https:\/\/www.europesays.com\/es\/wp-json\/wp\/v2\/users\/2"}],"replies":[{"embeddable":true,"href":"https:\/\/www.europesays.com\/es\/wp-json\/wp\/v2\/comments?post=153867"}],"version-history":[{"count":0,"href":"https:\/\/www.europesays.com\/es\/wp-json\/wp\/v2\/posts\/153867\/revisions"}],"wp:featuredmedia":[{"embeddable":true,"href":"https:\/\/www.europesays.com\/es\/wp-json\/wp\/v2\/media\/153868"}],"wp:attachment":[{"href":"https:\/\/www.europesays.com\/es\/wp-json\/wp\/v2\/media?parent=153867"}],"wp:term":[{"taxonomy":"category","embeddable":true,"href":"https:\/\/www.europesays.com\/es\/wp-json\/wp\/v2\/categories?post=153867"},{"taxonomy":"post_tag","embeddable":true,"href":"https:\/\/www.europesays.com\/es\/wp-json\/wp\/v2\/tags?post=153867"}],"curies":[{"name":"wp","href":"https:\/\/api.w.org\/{rel}","templated":true}]}}