{"id":153869,"date":"2025-10-03T01:06:08","date_gmt":"2025-10-03T01:06:08","guid":{"rendered":"https:\/\/www.europesays.com\/es\/153869\/"},"modified":"2025-10-03T01:06:08","modified_gmt":"2025-10-03T01:06:08","slug":"absuelto-el-exfutbolista-de-osasuna-pizo-gomez-en-una-pieza-separada-del-caso-ere-por-ayudas-a-la-empresa-cenforpe","status":"publish","type":"post","link":"https:\/\/www.europesays.com\/es\/153869\/","title":{"rendered":"Absuelto el exfutbolista de Osasuna &#8216;Pizo&#8217; G\u00f3mez en una pieza separada del caso ERE por ayudas a la empresa Cenforpe"},"content":{"rendered":"<p>\n        La<strong> Secci\u00f3n Primera de la Audiencia Provincial de Sevilla<\/strong> ha <strong>absuelto al exfutbolista de <\/strong><a href=\"https:\/\/www.noticiasdenavarra.com\/tags\/osasuna\/\" title=\"Osasuna\" target=\"_blank\" class=\"link copy\" rel=\"nofollow noopener\"><strong>Osasuna <\/strong><\/a><strong>Jos\u00e9 Antonio &#8216;Pizo&#8217; G\u00f3mez<\/strong>, y a un exdirectivo de la consultora Vitalia Vida, quienes hab\u00edan sido juzgados por presuntos delitos de prevaricaci\u00f3n y malversaci\u00f3n de caudales p\u00fablicos en una pieza separada del caso de los <strong>ERE <\/strong>por una ayuda de 491.424,43 euros concedida a la empresa Centros para la Formaci\u00f3n y Prevenci\u00f3n Laboral (<strong>Cenforpre<\/strong>).\n<\/p>\n<p class=\"article-body__text \">\n        Un tercer investigado, administrador de la empresa, falleci\u00f3 antes de la resoluci\u00f3n, extingui\u00e9ndose su responsabilidad penal. <strong>La Fiscal\u00eda Anticorrupci\u00f3n solicit\u00f3 penas de dos a\u00f1os y un mes de prisi\u00f3n e inhabilitaci\u00f3n absoluta de cinco a\u00f1os y un mes para los acusados<\/strong>, adem\u00e1s de que indemnizaran a la Junta de Andaluc\u00eda con la cantidad de la ayuda. &#8216;<strong>Pizo&#8217; G\u00f3mez fue trabajador de Cenforpre y futbolista de Osasuna y Atl\u00e9tico de Madrid, y la Audiencia le se\u00f1ala como \u00abtestaferro\u00bb para el cobro de la ayuda.<\/strong>\n<\/p>\n<p class=\"article-body__text \">\n        En una sentencia fechada el 30 de septiembre y notificada este jueves a las partes, el tribunal considera probado que el entonces director general de Trabajo y Seguridad Social de la Junta, Francisco Javier Guerrero, ya fallecido, ten\u00eda a su disposici\u00f3n fondos p\u00fablicos y, careciendo de competencia para ello, encomend\u00f3 verbalmente a Cenforpre la realizaci\u00f3n de cursos de prevenci\u00f3n de riesgos laborales para graduados sociales de distintos colegios oficiales de Andaluc\u00eda.\n<\/p>\n<p class=\"article-body__text \">\n        Por orden del representante de Cenforpre y en cumplimiento de lo acordado con Guerrero, los cursos se comenzaron a impartir, tras lo que el representante exigi\u00f3 en repetidas ocasiones a Guerrero el pago de los mismos, recibiendo la respuesta de que no hab\u00eda provisi\u00f3n de fondos p\u00fablicos para ello.\n<\/p>\n<p class=\"article-body__text \">\n        Ante la insistencia, Guerrero propuso pagar el importe de los cursos mediante una p\u00f3liza de rentas de supervivencia y capital diferido concertada con una compa\u00f1\u00eda de seguros, para lo cual se necesitaban los datos de una persona f\u00edsica como beneficiaria y su n\u00famero de cuenta, dado que no pod\u00eda hacerse el pago directamente a la empresa.\n<\/p>\n<p>  La sentencia<\/p>\n<p class=\"article-body__text \">\n        En la sentencia, difundida por la Oficina de Comunicaci\u00f3n del Tribunal Superior de Justicia de Andaluc\u00eda (TSJA) y consultada por Europa Press, el tribunal considera que el representante de Cenforpre era consciente de la irregularidad de este ofrecimiento, tanto por la forma en que se le design\u00f3 la empresa como por la manera de pago, y <strong>facilit\u00f3 los datos personales de un antiguo trabajador de la empresa, &#8216;Pizo&#8217; G\u00f3mez, con su consentimiento, para que se abonara en su cuenta.<\/strong>\n<\/p>\n<p class=\"article-body__text \">\n        Los magistrados han destacado que, \u00abpor razones de amistad\u00bb con el representante de la empresa, autoriz\u00f3 el ingreso en su cuenta sin conocer la irregularidad del encargo, el origen indebido de los fondos ni la falta de procedimiento legal. La Audiencia ha calificado a este trabajador como un \u00abtestaferro\u00bb sin enriquecerse con el dinero, y ha subrayado que Cenforpre no estaba en crisis ni esperaba obtener ingresos de forma il\u00edcita.\n<\/p>\n<p class=\"article-body__text \">\n        Sobre Guerrero, la Audiencia ha se\u00f1alado que aprovech\u00f3 p\u00f3lizas de seguro ya contratadas para otras ayudas econ\u00f3micas (Cespa y FCC) para pagar indirectamente a Cenforpre, eludiendo controles administrativos y financieros. El exdirectivo de Vitalia, por indicaci\u00f3n de Guerrero, elabor\u00f3 el estudio de rentas temporales y de capital diferido de las p\u00f3lizas a favor del exfutbolista y otra persona, sin conocimiento de la irregularidad, de la vinculaci\u00f3n de los beneficiarios con la Junta ni de la participaci\u00f3n de los otros acusados, seg\u00fan la Audiencia. Finalmente la sentencia absuelve a los acusados, pudiendo ser recurrida en casaci\u00f3n ante el Tribunal Supremo.<\/p>\n","protected":false},"excerpt":{"rendered":"La Secci\u00f3n Primera de la Audiencia Provincial de Sevilla ha absuelto al exfutbolista de Osasuna Jos\u00e9 Antonio &#8216;Pizo&#8217;&hellip;\n","protected":false},"author":2,"featured_media":153870,"comment_status":"","ping_status":"","sticky":false,"template":"","format":"standard","meta":{"footnotes":""},"categories":[268],"tags":[46314,168,25,24,46315,280,282,4190,621,46316,281,23,167],"class_list":{"0":"post-153869","1":"post","2":"type-post","3":"status-publish","4":"format-standard","5":"has-post-thumbnail","7":"category-futbol","8":"tag-absuelto","9":"tag-deportes","10":"tag-es","11":"tag-espana","12":"tag-exfutbolista","13":"tag-football","14":"tag-futbol","15":"tag-gomez","16":"tag-osasuna","17":"tag-pizo","18":"tag-soccer","19":"tag-spain","20":"tag-sports"},"share_on_mastodon":{"url":"","error":""},"_links":{"self":[{"href":"https:\/\/www.europesays.com\/es\/wp-json\/wp\/v2\/posts\/153869","targetHints":{"allow":["GET"]}}],"collection":[{"href":"https:\/\/www.europesays.com\/es\/wp-json\/wp\/v2\/posts"}],"about":[{"href":"https:\/\/www.europesays.com\/es\/wp-json\/wp\/v2\/types\/post"}],"author":[{"embeddable":true,"href":"https:\/\/www.europesays.com\/es\/wp-json\/wp\/v2\/users\/2"}],"replies":[{"embeddable":true,"href":"https:\/\/www.europesays.com\/es\/wp-json\/wp\/v2\/comments?post=153869"}],"version-history":[{"count":0,"href":"https:\/\/www.europesays.com\/es\/wp-json\/wp\/v2\/posts\/153869\/revisions"}],"wp:featuredmedia":[{"embeddable":true,"href":"https:\/\/www.europesays.com\/es\/wp-json\/wp\/v2\/media\/153870"}],"wp:attachment":[{"href":"https:\/\/www.europesays.com\/es\/wp-json\/wp\/v2\/media?parent=153869"}],"wp:term":[{"taxonomy":"category","embeddable":true,"href":"https:\/\/www.europesays.com\/es\/wp-json\/wp\/v2\/categories?post=153869"},{"taxonomy":"post_tag","embeddable":true,"href":"https:\/\/www.europesays.com\/es\/wp-json\/wp\/v2\/tags?post=153869"}],"curies":[{"name":"wp","href":"https:\/\/api.w.org\/{rel}","templated":true}]}}