{"id":153876,"date":"2025-10-03T01:13:05","date_gmt":"2025-10-03T01:13:05","guid":{"rendered":"https:\/\/www.europesays.com\/es\/153876\/"},"modified":"2025-10-03T01:13:05","modified_gmt":"2025-10-03T01:13:05","slug":"la-fifa-presenta-a-trionda-el-balon-oficial-del-mundial-2026","status":"publish","type":"post","link":"https:\/\/www.europesays.com\/es\/153876\/","title":{"rendered":"La FIFA presenta a Trionda, el bal\u00f3n oficial del Mundial 2026"},"content":{"rendered":"<p class=\"\">A siete meses del <a href=\"https:\/\/elpais.com\/mexico\/2025-09-12\/los-duenos-de-palcos-del-estadio-azteca-ganan-la-batalla-y-podran-entrar-gratis-al-mundial-2026.html\" target=\"_self\" rel=\"nofollow noopener\" title=\"https:\/\/elpais.com\/mexico\/2025-09-12\/los-duenos-de-palcos-del-estadio-azteca-ganan-la-batalla-y-podran-entrar-gratis-al-mundial-2026.html\">arranque del Mundial de 2026<\/a>, la FIFA y Adidas han presentado el bal\u00f3n con el que se disputar\u00e1 la primera Copa del Mundo con sede compartida entre tres pa\u00edses: M\u00e9xico, Estados Unidos y Canad\u00e1. Se trata de Trionda, una pelota que sigue la tendencia de abandonar los cl\u00e1sicos patrones hexagonales y en su lugar, se compone \u00fanicamente de cuatro paneles. Encima de un fondo blanco, el esf\u00e9rico lleva un dise\u00f1o en tres colores con bordes dorados, cada uno correspondiente a los pa\u00edses anfitriones de la Copa del Mundo: el rojo incluye una hoja de maple que representa a Canad\u00e1; el verde un \u00e1guila real propia de M\u00e9xico; y el azul lleva un patr\u00f3n estrellado que hace referencia a la bandera de Estados Unidos.<\/p>\n<p class=\"\">\u201cTRIONDA se compone del prefijo \u2018tri\u2019-que significa tres, y del sugerente t\u00e9rmino \u2018onda\u2019. El nombre del bal\u00f3n simboliza una ola colectiva de alegr\u00eda que recorre los pa\u00edses y une el mundo a trav\u00e9s del f\u00fatbol\u201d, explica el m\u00e1ximo organismo del balompi\u00e9 mundial en <a href=\"https:\/\/x.com\/fifaworldcup_es\/status\/1973892094508085453\" target=\"_self\" rel=\"nofollow\" title=\"https:\/\/x.com\/fifaworldcup_es\/status\/1973892094508085453\">sus redes sociales<\/a>. <\/p>\n<p><img decoding=\"auto\" class=\"_re lazyload a_m-h\" height=\"233\"  width=\"414\"  src=\"https:\/\/www.europesays.com\/es\/wp-content\/uploads\/2025\/10\/MFOOJFI6KBCYDGOWQMOSQSJAGQ.jpg\" loading=\"lazy\"\/>Detalle de la textura alusiva que tiene el nuevo bal\u00f3n.FIFA<\/p>\n<p class=\"\">La Copa del Mundo de 2026 ser\u00e1 la m\u00e1s grande de la historia, no solo por las sedes repartidas por Am\u00e9rica del Norte, tambi\u00e9n porque estrena un pol\u00e9mico modelo de competici\u00f3n y, por lo tanto, de negocios: el cupo de las selecciones participantes para esta edici\u00f3n aumentar\u00e1 de 32 a 48 y como resultado, los encuentros disputados durante la competici\u00f3n pasar\u00e1n de 64 a 104, 78 de ellos en Estados Unidos. La distancia entre sedes oblig\u00f3 a la FIFA a dividir las 16 ciudades mundialistas en tres regiones, asegur\u00e1ndose de que <a href=\"https:\/\/elpais.com\/us\/2025-08-22\/el-sorteo-de-la-copa-mundial-fifa-2026-se-llevara-a-cabo-en-el-kennedy-center-de-washington.html\" rel=\"nofollow noopener\" target=\"_blank\">cada selecci\u00f3n participante<\/a> realice viajes reducidos dentro de la misma zona: la regi\u00f3n oeste, que incluye Vancouver (Canad\u00e1); Seattle, San Francisco y Los \u00c1ngeles (Estados Unidos); la regi\u00f3n central que concentra a Guadalajara, Ciudad de M\u00e9xico y Monterrey (M\u00e9xico), adem\u00e1s de Houston, Dallas y Kansas City (Estados Unidos); y la regi\u00f3n del este, que incluye Atlanta, Miami, Boston, Filadelfia, Nueva York (Estados Unidos) y Toronto (Canad\u00e1).<\/p>\n<p class=\"\">Si bien la <a href=\"https:\/\/elpais.com\/mexico\/2025-09-10\/boletos-del-mundial-2026-precio-sorteos-y-como-comprar-entradas-en-mexico.html\" target=\"_self\" rel=\"nofollow noopener\" title=\"https:\/\/elpais.com\/mexico\/2025-09-10\/boletos-del-mundial-2026-precio-sorteos-y-como-comprar-entradas-en-mexico.html\">FIFA ha comenzado con la preventa de entradas<\/a> para M\u00e9xico, Canad\u00e1 y Estados Unidos, no ser\u00e1 hasta el 5 de diciembre cuando se conozca a detalle el camino de cada selecci\u00f3n participante en <a href=\"https:\/\/elpais.com\/us\/2025-08-22\/el-sorteo-de-la-copa-mundial-fifa-2026-se-llevara-a-cabo-en-el-kennedy-center-de-washington.html\" target=\"_self\" rel=\"nofollow noopener\" title=\"https:\/\/elpais.com\/us\/2025-08-22\/el-sorteo-de-la-copa-mundial-fifa-2026-se-llevara-a-cabo-en-el-kennedy-center-de-washington.html\">el sorteo que se celebrar\u00e1 en Washington DC<\/a>.<\/p>\n","protected":false},"excerpt":{"rendered":"A siete meses del arranque del Mundial de 2026, la FIFA y Adidas han presentado el bal\u00f3n con&hellip;\n","protected":false},"author":2,"featured_media":153877,"comment_status":"","ping_status":"","sticky":false,"template":"","format":"standard","meta":{"footnotes":""},"categories":[93],"tags":[11511,889,8186,168,25,24,1804,1906,32463,23,167],"class_list":{"0":"post-153876","1":"post","2":"type-post","3":"status-publish","4":"format-standard","5":"has-post-thumbnail","7":"category-deportes","8":"tag-adidas","9":"tag-america","10":"tag-copa-del-mundo","11":"tag-deportes","12":"tag-es","13":"tag-espana","14":"tag-latinoamerica","15":"tag-mexico","16":"tag-mundial-2026","17":"tag-spain","18":"tag-sports"},"share_on_mastodon":{"url":"","error":""},"_links":{"self":[{"href":"https:\/\/www.europesays.com\/es\/wp-json\/wp\/v2\/posts\/153876","targetHints":{"allow":["GET"]}}],"collection":[{"href":"https:\/\/www.europesays.com\/es\/wp-json\/wp\/v2\/posts"}],"about":[{"href":"https:\/\/www.europesays.com\/es\/wp-json\/wp\/v2\/types\/post"}],"author":[{"embeddable":true,"href":"https:\/\/www.europesays.com\/es\/wp-json\/wp\/v2\/users\/2"}],"replies":[{"embeddable":true,"href":"https:\/\/www.europesays.com\/es\/wp-json\/wp\/v2\/comments?post=153876"}],"version-history":[{"count":0,"href":"https:\/\/www.europesays.com\/es\/wp-json\/wp\/v2\/posts\/153876\/revisions"}],"wp:featuredmedia":[{"embeddable":true,"href":"https:\/\/www.europesays.com\/es\/wp-json\/wp\/v2\/media\/153877"}],"wp:attachment":[{"href":"https:\/\/www.europesays.com\/es\/wp-json\/wp\/v2\/media?parent=153876"}],"wp:term":[{"taxonomy":"category","embeddable":true,"href":"https:\/\/www.europesays.com\/es\/wp-json\/wp\/v2\/categories?post=153876"},{"taxonomy":"post_tag","embeddable":true,"href":"https:\/\/www.europesays.com\/es\/wp-json\/wp\/v2\/tags?post=153876"}],"curies":[{"name":"wp","href":"https:\/\/api.w.org\/{rel}","templated":true}]}}