{"id":153878,"date":"2025-10-03T01:15:08","date_gmt":"2025-10-03T01:15:08","guid":{"rendered":"https:\/\/www.europesays.com\/es\/153878\/"},"modified":"2025-10-03T01:15:08","modified_gmt":"2025-10-03T01:15:08","slug":"la-flotilla-las-burlas-al-pp-y-un-toque-de-abalos","status":"publish","type":"post","link":"https:\/\/www.europesays.com\/es\/153878\/","title":{"rendered":"la flotilla, las burlas al PP y un toque de \u00c1balos"},"content":{"rendered":"<p style=\"\">La flotilla, un PSOE que parece algo cobarde, Ayuso y \u00absus diferencias\u00bb con Don Felipe. Ayuso, otra vez, y las residencias. Alguna alusi\u00f3n a \u00c1balos y la corrupci\u00f3n. Bromitas con Feij\u00f3o, Maz\u00f3n, Noelia N\u00fa\u00f1ez. Y de nuevo Ayuso. Tambi\u00e9n algo de Putin y Trump. As\u00ed  &#8230; ha querido arrancar el programa Andreu Buenafuente su &#8216;Futuro Imperfecto&#8217; <a href=\"https:\/\/www.abc.es\/play\/television\/noticias\/tve-suena-jose-pablo-lopez-20250314145633-nt.html\" target=\"_self\" data-voc-vtm-id=\"in-text-traffic\" title=\"la noche de este jueves en La 1.\" rel=\"nofollow noopener\">la noche de este jueves en La 1.<\/a> Temas variaditos. O no tanto. Con o sin variedad, el arte que tiene el catal\u00e1n para hace re\u00edr al p\u00fablico es ineludible y as\u00ed lo demuestra su p\u00fablico en el LaFACT de Terrassa. <\/p>\n<p class=\"voc-p\" style=\"\">Conoce el humor, lo conoce de cerca, al menos eso dice. \u00abTe cuento una an\u00e9cdota: una vez com\u00ed con un pol\u00edtico, muy pocas veces en mi vida, por no decir un par, un pol\u00edtico catal\u00e1n de hace muchos a\u00f1os. Estuvimos comiendo, hablamos de cosas, y al salir me dijo: oye, qu\u00e9 bien que te he visto, qu\u00e9 reflexivo, qu\u00e9 razonable. Y le digo: s\u00ed, pero una cosa, a lo mejor esta noche le cae usted una broma encima m\u00eda. Y el tipo me mir\u00f3 como diciendo: hombre, pero\u2026 Digo: es que es mi naturaleza. Entonces la naturaleza del comediante cada uno la lleva como puede. Aqu\u00ed hay matices: no voy a salir a decir \u00abRTVE es un desastre\u00bb, porque aqu\u00ed me dir\u00edan: \u00bfqu\u00e9 haces? Pero no, el comediante tiene que estar preparado para ser a veces incorrecto, en direcciones que ni \u00e9l mismo puede controlar. Eso quiere decir que est\u00e1s vivo\u00bb, confiesa el humorista hora antes de empezar el programa. Est\u00e1 tranquilo, en punto donde parece que ya ha hecho todo lo que ten\u00eda que hacer y esto ya es puro disfrute. \u00abSi empiezas ya a tener autocensura, en terrenos en los que no quieres entrar, yo creo que lo mejor es que te vayas para casa\u00bb, confiesa entre risas. <\/p>\n<p class=\"voc-p\" style=\"\">Esta vez, el programa no comenz\u00f3 desde el principio. Arranc\u00f3 con la entrevista a David Ucl\u00e9s, escritor de &#8216;La pen\u00ednsula de las casas vac\u00edas&#8217;, bestseller con m\u00e1s de 200.000 ejemplares vendidos. Entra t\u00edmido, sonriente, sin poder resistirse a las bromas de Buenafuente. Aunque el catal\u00e1n cede el paso a su mujer, a Silvia, porque es qui\u00e9n realmente ha le\u00eddo el libro. Y se pone sobre la mesa el tema que envuelve la novela: la guerra civil espa\u00f1ola. \u00abPero es diferente\u00bb, dice el escritor. Y Franco tambi\u00e9n. \u00abHay un cap\u00edtulo donde yo dialogo con \u00e9l y me cuenta que tiene mucho poder. Y lo demuestra censurando un cap\u00edtulo. Por eso el 16 est\u00e1 vac\u00edo\u00bb, expresa. La vida bohemia de este escritor, que parec\u00eda un caso perdido, no convenc\u00eda a su familia. \u00abMi padre me dec\u00eda que dejara Francia y la calle tocando el acorde\u00f3n para jurar bandera y hacerme guardia civil\u00bb, cuenta entre risas. Y el andaluz, de Ja\u00e9n, canta por Mar\u00eda del Mar Bonet, a lo Serrat: &#8216;Anima Morta&#8217;.<\/p>\n<p class=\"voc-p\" style=\"\">\u00abLa guerra civil sigue interesando\u00bb, cuenta Silvia, mientras que Buenafuente entra y recupera la entrevista para cerrar ese bloque. Mientras tanto la gente aplaude, jalea, se secan alguna que otra l\u00e1grima despu\u00e9s de la canci\u00f3n. Y de la guerra civil saltamos casi un siglo para volver a la actualidad. Toca empezar por la flotilla, con algo de iron\u00eda hacia el PSOE, sorprendentemente. \u00abEl gobierno les ha acompa\u00f1ado hasta que llegaron a aguas peligrosas. \u00bfDe qu\u00e9 les iban a proteger hasta ese momento? \u00bfDe las medusas?\u00bb, cuenta. Le\u00eddo en el teleprompter, el chiste no tiene mucha gracia, pero Buenafuente tiene el arte para lanzarlo y hacer re\u00edr a carcajadas al p\u00fablico de un modo asombrosamente natural. \u00bfCu\u00e1ndo el PSOE ha dado marcha atr\u00e1s?\u00bb, dec\u00eda con iron\u00eda, aunque aqu\u00ed poca gente re\u00eda ya. Haciendo alusi\u00f3n a la \u00abhumanidad\u00bb con el asunto de Gaza salta tambi\u00e9n a recordar brevemente a Jane Woodall. Y de ah\u00ed al deporte, pero para hablar del Don Juan Carlos. Alguna alusi\u00f3n ten\u00eda que haber. Esta vez para hablar de sus carreras en la regata y lo relaciona con la reciente victoria de M\u00e1rquez. Extra\u00f1o. <\/p>\n<p class=\"voc-p\" style=\"\">Ayuso aparece en la ecuaci\u00f3n (ya tardaba), esta vez para hablar sobre \u00absus diferencias\u00bb con Don Felipe. Dice Buenafuente que en ocasiones a la gente se le atraganta tachar de \u00abgenocidio\u00bb lo de Gaza y que prefieren decir \u00abmasacre\u00bb y que, bueno, lo acepta. Pero que Ayuso no. \u00abTiene celos, pero no de Do\u00f1a Leticia, sino de Pedro S\u00e1nchez\u00bb. Aparece nuestro presidente junto Felipe VI riendo en la ONU tomada recientemente. Y hasta se atreve a bromear sobre S\u00e1nchez. \u00abIgual le est\u00e1 diciendo: ya he encontrado a otro secretario para la organizaci\u00f3n, ya ver\u00e1s que pongo a otro y no sale corrupto&#8217;\u00bb, dice. Aqu\u00ed las risas bajan, pero vuelven a salir con un tema que tampoco pod\u00eda faltar: Ayuso y las residencias. <\/p>\n<p class=\"voc-p\" style=\"\">Y de ah\u00ed saltamos a la propuesta del Partido Popular sobre &#8216;el visado por puntos&#8217;. \u00abPiden tener estudios, conocer la cultura, idiomas y cumplir la ley\u00bb. Y asegura que los espa\u00f1oles pueden no cumplir ninguno de esos puntos. Y pone ejemplos, claro, del PP. Noelia N\u00fa\u00f1ez para los estudios, Feij\u00f3o para la cultura, Ayuso para los idiomas y cumplir la ley, la G\u00fcrtel. Las risas vuelven. Pero es entonces cuando se pone serio, formal, la escenograf\u00eda llega y coge un texto para hacer teatro. Y explica a los espectadores qu\u00e9 es ser espa\u00f1ol. \u00abSer o no ser espa\u00f1ol est\u00e1 es la cuesti\u00f3n. Es espa\u00f1ol el que no pone guisantes en la paella o el que se enzarza porque la tortilla no lleva cebolla o s\u00ed. Ser espa\u00f1ol es hablar bien. \u00bfEs espa\u00f1ol Mariano Rajoy? [&#8230;] Les pedimos que respeten nuestras costumbres y que no roben pero despu\u00e9s de lo que hacen nuestros pol\u00edticos no ser\u00e1 robar una costumbre. Que hay m\u00e1s espa\u00f1ol que criticar&#8230;\u00bb, cierra mientras el teatro se viene abajo y rosas le lanzan desde el p\u00fablico. <\/p>\n<p class=\"voc-p\" style=\"\">Son tiempos de crispaci\u00f3n, de polarizaci\u00f3n. \u00bfEl ant\u00eddoto? El humor. \u00abEl humor se usa mucho, y yo le tengo cari\u00f1o, intento protegerlo. El humor siempre tiene un ADN gamberro que se abre paso, es incontrolable. Me gusta pensar que, por mucho que lo amenaces, se abre paso. Yo salgo al programa y hago el guion: nadie me amenaza. La amenaza de fondo es que si cambiara el mundo me echar\u00edan, pero ya est\u00e1. Cuando escribo, aplico par\u00e1metros claros: por ejemplo, limitar el exabrupto, no dar escaparate al odio. Eso es oficio. Revisamos mucho, editamos. No es autocensura, es proceso: quitar la broma reiterada que genera bilis innecesaria\u00bb, aseguraba Buenafuente con la contundencia de qui\u00e9n conoce al humor de t\u00fa a t\u00fa. <\/p>\n<p class=\"voc-p\" style=\"\">\u00abEl humor ayuda a soportar la realidad, no tanto a comprenderla. La realidad es dura, y el humor aligera. El l\u00edmite es el dolor: en el dolor no hay humor. Esa es mi frontera\u00bb. Habla Buenafuente y habla tambi\u00e9n su experiencia y la carrera de qui\u00e9n ha hecho humor durante a\u00f1os y a\u00f1os, en etapas m\u00e1s pr\u00f3speras y tambi\u00e9n de crispaci\u00f3n. <\/p>\n<p class=\"voc-p\" style=\"\">Reconoce que las empresas son filtros editoriales, pero niega que pase en RTVE, al menos en su programa: \u00abEstamos trabajando con una libertad editorial y de movimiento. Yo lo voy a seguir diciendo. Hay gente que no se lo cree, dicen \u00abqu\u00e9 va a decir\u00bb, pero es as\u00ed. Si estuvieran con el aliento en el cogote, yo a estas alturas dir\u00eda: chicos, no tiene sentido, no pasa nada. Pero a m\u00ed nadie me dice nada, y eso da una responsabilidad: que la gente no vea un loco aqu\u00ed con un embudo disparando a todos lados. Cuando te dicen \u00abt\u00fa ver\u00e1s, t\u00fa mismo\u00bb, toda la presi\u00f3n la tienes t\u00fa, tu equipo y tu concepto de la televisi\u00f3n. Me parece lo ideal para trabajar, y no siempre lo he tenido\u00bb, asegura, aunque al mismo tiempo matiza. \u00abLas empresas son filtros editoriales, y esto es as\u00ed. Hacemos lo que podemos para aproximarnos a la objetividad desde la l\u00ednea editorial de tu empresa. A veces lo he llevado bien, otras mal, pero lo he entendido: me das trabajo, pero no me dejas hablar de esto\u2026 bueno, lo har\u00e9 con iron\u00eda\u00bb.<\/p>\n","protected":false},"excerpt":{"rendered":"La flotilla, un PSOE que parece algo cobarde, Ayuso y \u00absus diferencias\u00bb con Don Felipe. Ayuso, otra vez,&hellip;\n","protected":false},"author":2,"featured_media":153879,"comment_status":"","ping_status":"","sticky":false,"template":"","format":"standard","meta":{"footnotes":""},"categories":[91],"tags":[32397,3009,146,147,25,24,9144,2848,2849,956,23,26111,23337],"class_list":{"0":"post-153878","1":"post","2":"type-post","3":"status-publish","4":"format-standard","5":"has-post-thumbnail","7":"category-entretenimiento","8":"tag-abalos","9":"tag-burlas","10":"tag-entertainment","11":"tag-entretenimiento","12":"tag-es","13":"tag-espana","14":"tag-flotilla","15":"tag-futuro","16":"tag-imperfecto","17":"tag-pp","18":"tag-spain","19":"tag-toque","20":"tag-vio"},"share_on_mastodon":{"url":"","error":""},"_links":{"self":[{"href":"https:\/\/www.europesays.com\/es\/wp-json\/wp\/v2\/posts\/153878","targetHints":{"allow":["GET"]}}],"collection":[{"href":"https:\/\/www.europesays.com\/es\/wp-json\/wp\/v2\/posts"}],"about":[{"href":"https:\/\/www.europesays.com\/es\/wp-json\/wp\/v2\/types\/post"}],"author":[{"embeddable":true,"href":"https:\/\/www.europesays.com\/es\/wp-json\/wp\/v2\/users\/2"}],"replies":[{"embeddable":true,"href":"https:\/\/www.europesays.com\/es\/wp-json\/wp\/v2\/comments?post=153878"}],"version-history":[{"count":0,"href":"https:\/\/www.europesays.com\/es\/wp-json\/wp\/v2\/posts\/153878\/revisions"}],"wp:featuredmedia":[{"embeddable":true,"href":"https:\/\/www.europesays.com\/es\/wp-json\/wp\/v2\/media\/153879"}],"wp:attachment":[{"href":"https:\/\/www.europesays.com\/es\/wp-json\/wp\/v2\/media?parent=153878"}],"wp:term":[{"taxonomy":"category","embeddable":true,"href":"https:\/\/www.europesays.com\/es\/wp-json\/wp\/v2\/categories?post=153878"},{"taxonomy":"post_tag","embeddable":true,"href":"https:\/\/www.europesays.com\/es\/wp-json\/wp\/v2\/tags?post=153878"}],"curies":[{"name":"wp","href":"https:\/\/api.w.org\/{rel}","templated":true}]}}