{"id":15388,"date":"2025-07-31T03:29:07","date_gmt":"2025-07-31T03:29:07","guid":{"rendered":"https:\/\/www.europesays.com\/es\/15388\/"},"modified":"2025-07-31T03:29:07","modified_gmt":"2025-07-31T03:29:07","slug":"los-detalles-finales-de-la-gran-apuesta-por-deossa-un-ex-minero-a-precio-de-oro","status":"publish","type":"post","link":"https:\/\/www.europesays.com\/es\/15388\/","title":{"rendered":"Los detalles finales de la gran apuesta por Deossa, un ex minero a precio de oro"},"content":{"rendered":"<p class=\"parrafo\">Jornada la de este <strong>mi\u00e9rcoles 30 de julio<\/strong> de intercambio de documentos entre <strong>Real Betis<\/strong> y <strong>Rayados de Monterrey<\/strong> para poner sobre el papel lo acordado verbalmente la madrugada anterior en <strong>Espa\u00f1a<\/strong>, tarde-noche en <strong>M\u00e9xico <\/strong>(son ocho horas de diferencia). Con el trabajo hecho y el \u00e9xito en la operaci\u00f3n consumado, <strong>Manu Fajardo <\/strong>y <strong>Ram\u00f3n Alarc\u00f3n<\/strong>, director deportivo y CEO de la entidad verdiblanca, respectivamente, emprendieron el viaje de vuelta y no descartaban acompa\u00f1ar a la expedici\u00f3n heliopolitana en <strong>Inglaterra<\/strong> durante la recta final del &#8216;stage&#8217; en <strong>St. George&#8217;s Park<\/strong> para, de paso, poner al d\u00eda al entrenador, <strong>Manuel Pellegrini<\/strong>. Vieron a miles de kil\u00f3metros de distancia <a href=\"https:\/\/www.estadiodeportivo.com\/futbol\/betis\/coventry-city-betis-una-genialidad-pablo-garcia-enmienda-error-rodrigo-riquelme-20250730-506062.html\" target=\"_blank\" class=\"intext-link\" rel=\"nofollow noopener\">el empate ante el Coventry City<\/a> y, si les da tiempo, asistir\u00e1n el s\u00e1bado al partido ante el <strong>Sunderland<\/strong> en el mismo <strong>Stadium of Light<\/strong>, aunque el cansancio empezaba a hacer mella en los dirigentes, que arribaron el lunes a la capital de <strong>Nuevo Le\u00f3n<\/strong>. Su nuevo pupilo debe volar a finales de semana, viernes o s\u00e1bado.<\/p>\n<p class=\"parrafo\">En cuesti\u00f3n de horas debe ser oficial el octavo fichaje del <strong>Real Betis<\/strong> para la temporada <strong>25\/26<\/strong>, aunque, tras las complicadas negociaciones con &#8216;<strong>Tato<\/strong>&#8216; <strong>Noriega<\/strong> y compa\u00f1\u00eda, en la delegaci\u00f3n hispalense se prefiere la cautela hasta que todo est\u00e9 amarrado y rubricado. Los abogados de ambas instituciones tomaron el protagonismo telem\u00e1tico y el silencio se agrand\u00f3 tanto en <strong>Guadalupe<\/strong>, sede de los blanquiazules, como en <strong>Cincinnati<\/strong>, donde el resto del equipo disputa la <strong>Leagues Cup<\/strong>. En la previa del duelo ante los anfitriones de <strong>Ohio<\/strong>, el t\u00e9cnico rayado, <strong>Dom\u00e9nec Torrent<\/strong> prefiri\u00f3 no hacer declaraciones, como tampoco las hubo oficiales por bando y bando en las respectivas sedes oficiales. Horas antes, se hab\u00edan dado la mano y convenido el traspaso de <strong>Nelson Deossa<\/strong> por un fijo de algo m\u00e1s de <strong>11 millones de euros<\/strong> y unos pluses de algo menos de <strong>dos millones<\/strong>, por lo que, dejando a un lado el <strong>15% de la plusval\u00eda<\/strong> concedido a los aztecas, el gasto b\u00e9tico no se ir\u00e1 mucho m\u00e1s all\u00e1 de los <strong>13 millones<\/strong> en el peor de los casos.<\/p>\n<p><a class=\"elementos-rel-t2\" href=\"https:\/\/www.estadiodeportivo.com\/futbol\/betis\/anuncian-acuerdo-por-deossa-dinero-que-pagara-betis-20250730-505940.html\" title=\"Anuncian acuerdo por Nelson Deossa: el dinero que pagar\u00e1 el Betis\" rel=\"nofollow noopener\" target=\"_blank\">Anuncian acuerdo por Nelson Deossa: el dinero que pagar\u00e1 el Betis<img decoding=\"async\" src=\"https:\/\/www.europesays.com\/es\/wp-content\/uploads\/2025\/07\/e606b209-99a9-497a-a7e8-42bd0d9ff99a_320x180.jpeg\" alt=\"Anuncian acuerdo por Nelson Deossa: el dinero que pagar\u00e1 el Betis\"\/><\/a><a class=\"elementos-rel-t2\" href=\"https:\/\/www.estadiodeportivo.com\/futbol\/betis\/decision-monterrey-con-deossa-que-rompe-silencio-20250729-505914.html\" title=\"Decisi\u00f3n de Monterrey con Deossa, que rompe su silencio\" rel=\"nofollow noopener\" target=\"_blank\">Decisi\u00f3n de Monterrey con Deossa, que rompe su silencio<img decoding=\"async\" src=\"https:\/\/www.europesays.com\/es\/wp-content\/uploads\/2025\/07\/bd2a742b-6578-49f0-8b26-74e8bd9bfc4b_320x180.jpeg\" alt=\"Decisi\u00f3n de Monterrey con Deossa, que rompe su silencio\"\/><\/a><a class=\"elementos-rel-t2\" href=\"https:\/\/www.estadiodeportivo.com\/futbol\/betis\/acerca-mandragora-acercan-poco-poco-deossa-20250728-505796.html\" title=\"Se acerca a Mandragora y le acercan poco a poco a Deossa\" rel=\"nofollow noopener\" target=\"_blank\">Se acerca a Mandragora y le acercan poco a poco a Deossa<img decoding=\"async\" src=\"https:\/\/www.europesays.com\/es\/wp-content\/uploads\/2025\/07\/95031a2c-fc4c-4d51-8a39-a71018dd1099_320x180.jpeg\" alt=\"Se acerca a Mandragora y le acercan poco a poco a Deossa\"\/><\/a><\/p>\n<p class=\"parrafo\">Aunque <strong>Pachuca<\/strong>, <strong>Estudiantes de La Plata<\/strong> y <strong>Atl\u00e9tico Huila<\/strong>, entre otros, pondr\u00e1n la mano para llevarse su parte por derechos de formaci\u00f3n, el caso es que los verdiblancos adquieren el <strong>100%<\/strong> de los derechos del mediocentro de <strong>Marmato<\/strong>, que pasar\u00e1 en menos de un lustro de trabajar con su padre en una <strong>mina<\/strong> en su peque\u00f1o pueblo del departamento de <strong>Caldas<\/strong> a estrenarse en el f\u00fatbol profesional con <strong>20 a\u00f1os<\/strong>, sin pasar por ninguna cantera reconocida. De hecho, explica en un documental, tuvo la &#8216;suerte&#8217; de quedarse colgado por la pandemia de <strong>Covid-19<\/strong> en un lugar donde, siete meses despu\u00e9s, le brindaron la primera oportunidad. Arranc\u00f3 en <strong>2021<\/strong> en <strong>Neiva<\/strong>, pasando por cesiones infructuosas en <strong>Argentina<\/strong>y <strong>Colombia <\/strong>(<strong>Junior<\/strong>, <strong>Atl\u00e9tico Nacional<\/strong>). El <strong>Grupo Pachuca<\/strong> lo compr\u00f3 por <strong>1,4 millones de euros<\/strong> a principios del pasado y, tras invertir casi <strong>seis millones<\/strong> el <strong>Monterrey<\/strong>, brill\u00f3 en el <strong>Mundial de Clubes<\/strong>, aunque el <strong>Betis<\/strong> ya ten\u00eda <a href=\"https:\/\/www.estadiodeportivo.com\/futbol\/betis\/nerviosismo-rayados-rival-menos-por-deossa-espias-lujo-20250727-505670.html\" target=\"_blank\" class=\"intext-link\" rel=\"nofollow noopener\">grandes informes de gente como <strong\/>Andr\u00e9s<strong> <\/strong>Guardado y, luego, de <strong\/>Pau L\u00f3pez<\/a>.<\/p>\n","protected":false},"excerpt":{"rendered":"Jornada la de este mi\u00e9rcoles 30 de julio de intercambio de documentos entre Real Betis y Rayados de&hellip;\n","protected":false},"author":2,"featured_media":15389,"comment_status":"","ping_status":"","sticky":false,"template":"","format":"standard","meta":{"footnotes":""},"categories":[93],"tags":[168,25,24,284,285,282,6742,286,23,167],"class_list":{"0":"post-15388","1":"post","2":"type-post","3":"status-publish","4":"format-standard","5":"has-post-thumbnail","7":"category-deportes","8":"tag-deportes","9":"tag-es","10":"tag-espana","11":"tag-estadio-deportivo","12":"tag-fichajes","13":"tag-futbol","14":"tag-rayados-de-monterrey","15":"tag-real-betis-balompie","16":"tag-spain","17":"tag-sports"},"share_on_mastodon":{"url":"","error":""},"_links":{"self":[{"href":"https:\/\/www.europesays.com\/es\/wp-json\/wp\/v2\/posts\/15388","targetHints":{"allow":["GET"]}}],"collection":[{"href":"https:\/\/www.europesays.com\/es\/wp-json\/wp\/v2\/posts"}],"about":[{"href":"https:\/\/www.europesays.com\/es\/wp-json\/wp\/v2\/types\/post"}],"author":[{"embeddable":true,"href":"https:\/\/www.europesays.com\/es\/wp-json\/wp\/v2\/users\/2"}],"replies":[{"embeddable":true,"href":"https:\/\/www.europesays.com\/es\/wp-json\/wp\/v2\/comments?post=15388"}],"version-history":[{"count":0,"href":"https:\/\/www.europesays.com\/es\/wp-json\/wp\/v2\/posts\/15388\/revisions"}],"wp:featuredmedia":[{"embeddable":true,"href":"https:\/\/www.europesays.com\/es\/wp-json\/wp\/v2\/media\/15389"}],"wp:attachment":[{"href":"https:\/\/www.europesays.com\/es\/wp-json\/wp\/v2\/media?parent=15388"}],"wp:term":[{"taxonomy":"category","embeddable":true,"href":"https:\/\/www.europesays.com\/es\/wp-json\/wp\/v2\/categories?post=15388"},{"taxonomy":"post_tag","embeddable":true,"href":"https:\/\/www.europesays.com\/es\/wp-json\/wp\/v2\/tags?post=15388"}],"curies":[{"name":"wp","href":"https:\/\/api.w.org\/{rel}","templated":true}]}}