{"id":153886,"date":"2025-10-03T01:19:17","date_gmt":"2025-10-03T01:19:17","guid":{"rendered":"https:\/\/www.europesays.com\/es\/153886\/"},"modified":"2025-10-03T01:19:17","modified_gmt":"2025-10-03T01:19:17","slug":"celebracion-centenario-himno-de-valencia-2025","status":"publish","type":"post","link":"https:\/\/www.europesays.com\/es\/153886\/","title":{"rendered":"Celebraci\u00f3n centenario Himno de Valencia 2025"},"content":{"rendered":"<p>El\u00a0<strong>5 de octubre de 2025<\/strong>\u00a0Val\u00e8ncia viaja en el tiempo hasta el 16 de mayo de 1925.\u00a0<\/p>\n<p><strong>S\u00ed, s\u00ed, nos vamos cien a\u00f1os atr\u00e1s para revivir el d\u00eda en\u00a0el\u00a0que el pueblo hizo suyo el Himno de la Exposici\u00f3n Regional \u2014obra del Maestro Serrano\u2014 como himno oficial de la Comunidad Valenciana.\u00a0<\/strong><\/p>\n<p>Hace un siglo, aquel momento fue vivido con entusiasmo por miles de valencianos en la Plaza de Toros; all\u00ed estaban\u00a0presentes\u00a0cantantes, instrumentistas y grupos de folklore.\u00a0<\/p>\n<p>Y ahora, casi un siglo despu\u00e9s, \u00a1la emoci\u00f3n regresa con la misma fuerza!\u00a0<\/p>\n<p><strong>A las 11:30 h, en la Plaza de la Virgen, te espera un espect\u00e1culo con m\u00e1s de 800 artistas para revivir ese instante hist\u00f3rico.\u00a0<\/strong><\/p>\n<p>\u00a0<\/p>\n<p>Participan la Federaci\u00f3n de Sociedades Musicales de la Comunidad Valenciana, la Federaci\u00f3n de Folklore de la Comunidad Valenciana, la Federaci\u00f3n de Coros de la Comunidad Valenciana y la Federaci\u00f3n Valenciana de Moros y\u00a0Cristianos.\u00a0<\/p>\n<p><strong>Todos bajo la batuta de Crist\u00f3bal Soler y con la voz de la soprano Tanya Dur\u00e1n Gil, que pondr\u00e1 el broche de oro a la interpretaci\u00f3n.\u00a0<\/strong><\/p>\n<p>Un acto abierto a todos los p\u00fablicos, gratuito y lleno de sentimiento para recordar que el himno es patrimonio de todos.\u00a0<\/p>\n<p>\u00bfVienes a cantarlo?\u00a0<\/p>\n","protected":false},"excerpt":{"rendered":"El\u00a05 de octubre de 2025\u00a0Val\u00e8ncia viaja en el tiempo hasta el 16 de mayo de 1925.\u00a0 S\u00ed, s\u00ed,&hellip;\n","protected":false},"author":2,"featured_media":153887,"comment_status":"","ping_status":"","sticky":false,"template":"","format":"standard","meta":{"footnotes":""},"categories":[8],"tags":[17,18,25,24,13,14,11,19,20,9,10,15,16,23,12,21,22],"class_list":{"0":"post-153886","1":"post","2":"type-post","3":"status-publish","4":"format-standard","5":"has-post-thumbnail","7":"category-espana","8":"tag-breaking-news","9":"tag-breakingnews","10":"tag-es","11":"tag-espana","12":"tag-featured-news","13":"tag-featurednews","14":"tag-headlines","15":"tag-latest-news","16":"tag-latestnews","17":"tag-news","18":"tag-noticias","19":"tag-noticias-destacadas","20":"tag-noticiasdestacadas","21":"tag-spain","22":"tag-titulares","23":"tag-ultimas-noticias","24":"tag-ultimasnoticias"},"share_on_mastodon":{"url":"","error":""},"_links":{"self":[{"href":"https:\/\/www.europesays.com\/es\/wp-json\/wp\/v2\/posts\/153886","targetHints":{"allow":["GET"]}}],"collection":[{"href":"https:\/\/www.europesays.com\/es\/wp-json\/wp\/v2\/posts"}],"about":[{"href":"https:\/\/www.europesays.com\/es\/wp-json\/wp\/v2\/types\/post"}],"author":[{"embeddable":true,"href":"https:\/\/www.europesays.com\/es\/wp-json\/wp\/v2\/users\/2"}],"replies":[{"embeddable":true,"href":"https:\/\/www.europesays.com\/es\/wp-json\/wp\/v2\/comments?post=153886"}],"version-history":[{"count":0,"href":"https:\/\/www.europesays.com\/es\/wp-json\/wp\/v2\/posts\/153886\/revisions"}],"wp:featuredmedia":[{"embeddable":true,"href":"https:\/\/www.europesays.com\/es\/wp-json\/wp\/v2\/media\/153887"}],"wp:attachment":[{"href":"https:\/\/www.europesays.com\/es\/wp-json\/wp\/v2\/media?parent=153886"}],"wp:term":[{"taxonomy":"category","embeddable":true,"href":"https:\/\/www.europesays.com\/es\/wp-json\/wp\/v2\/categories?post=153886"},{"taxonomy":"post_tag","embeddable":true,"href":"https:\/\/www.europesays.com\/es\/wp-json\/wp\/v2\/tags?post=153886"}],"curies":[{"name":"wp","href":"https:\/\/api.w.org\/{rel}","templated":true}]}}