{"id":153888,"date":"2025-10-03T01:20:37","date_gmt":"2025-10-03T01:20:37","guid":{"rendered":"https:\/\/www.europesays.com\/es\/153888\/"},"modified":"2025-10-03T01:20:37","modified_gmt":"2025-10-03T01:20:37","slug":"sanz-en-la-inauguracion-de-las-reales-atarazanas-un-espacio-llamado-a-convertirse-en-el-corazon-cultural-de-la-ciudad-de-sevilla","status":"publish","type":"post","link":"https:\/\/www.europesays.com\/es\/153888\/","title":{"rendered":"Sanz, en la inauguraci\u00f3n de las Reales Atarazanas, \u201cun espacio llamado a convertirse en el coraz\u00f3n cultural de la ciudad de Sevilla\u201d"},"content":{"rendered":"<p>El alcalde, Jos\u00e9 Luis Sanz, ha querido agradecer durante el acto \u201cla apuesta decidida de la Junta de Andaluc\u00eda para la rehabilitaci\u00f3n de estas naves que hoy se reabren. Un trabajo que en los \u00faltimos tres a\u00f1os ha revertido la situaci\u00f3n de abandono que ha vivido este enclave en las \u00faltimas dos d\u00e9cadas\u201d.<\/p>\n<p>Sobre la reciente recuperaci\u00f3n de este espacio, Sanz resaltaba que \u201cen el coraz\u00f3n de Sevilla, en nuestro casco hist\u00f3rico, ten\u00edamos una herida abierta con las Atarazanas. Tras m\u00e1s de 30 a\u00f1os abandonado, quiero agradecer a todos los que han hecho posible que lleguemos al d\u00eda de hoy\u201d.<\/p>\n<p>\u201cEstoy convencido de que este espacio va a ser uno de los grandes contenedores culturales de Andaluc\u00eda, de Espa\u00f1a y de Europa. Tambi\u00e9n tengo la certeza de que est\u00e1 llamado a ser protagonista en esa conmemoraci\u00f3n de la exposici\u00f3n Universal iberoamericana de 1929 y que este espacio, \u00fanico en el mundo, va a convertirse en el coraz\u00f3n cultural de la ciudad de Sevilla\u201d, apuntaba el primer edil.<\/p>\n<p>El alcalde de Sevilla ha recordado que uno de los grandes objetivos de su equipo de Gobierno estos \u00faltimos a\u00f1os ha sido \u201crecuperar espacios emblem\u00e1ticos de Sevilla para ponerlos en valor y volver a convertirlos en referentes culturales y sociales. Hemos dado el impulso definitivo a San Laureano, al convento de Santa Clara, San Jer\u00f3nimo, Casa Cernuda, Mercado de la Puerta de la Carne, al Palacio del Pumarejo\u201d, entre otros.<\/p>\n<p>Sanz se\u00f1alaba en su intervenci\u00f3n que \u201chace un a\u00f1o aproximadamente inauguramos otro espacio incre\u00edble y emblem\u00e1tico de la ciudad de Sevilla, como era la Real F\u00e1brica de Artiller\u00eda, la que fue durante muchos a\u00f1os la f\u00e1brica de artiller\u00eda m\u00e1s grande del mundo que forma parte de la historia de esta ciudad, convertido hoy en uno de los mejores contenedores culturales de Sevilla y de Andaluc\u00eda\u00bb.<\/p>\n","protected":false},"excerpt":{"rendered":"El alcalde, Jos\u00e9 Luis Sanz, ha querido agradecer durante el acto \u201cla apuesta decidida de la Junta de&hellip;\n","protected":false},"author":2,"featured_media":153889,"comment_status":"","ping_status":"","sticky":false,"template":"","format":"standard","meta":{"footnotes":""},"categories":[5],"tags":[17,18,25,24,13,14,11,19,20,9,10,15,16,23,12,21,22],"class_list":{"0":"post-153888","1":"post","2":"type-post","3":"status-publish","4":"format-standard","5":"has-post-thumbnail","7":"category-titulares","8":"tag-breaking-news","9":"tag-breakingnews","10":"tag-es","11":"tag-espana","12":"tag-featured-news","13":"tag-featurednews","14":"tag-headlines","15":"tag-latest-news","16":"tag-latestnews","17":"tag-news","18":"tag-noticias","19":"tag-noticias-destacadas","20":"tag-noticiasdestacadas","21":"tag-spain","22":"tag-titulares","23":"tag-ultimas-noticias","24":"tag-ultimasnoticias"},"share_on_mastodon":{"url":"","error":""},"_links":{"self":[{"href":"https:\/\/www.europesays.com\/es\/wp-json\/wp\/v2\/posts\/153888","targetHints":{"allow":["GET"]}}],"collection":[{"href":"https:\/\/www.europesays.com\/es\/wp-json\/wp\/v2\/posts"}],"about":[{"href":"https:\/\/www.europesays.com\/es\/wp-json\/wp\/v2\/types\/post"}],"author":[{"embeddable":true,"href":"https:\/\/www.europesays.com\/es\/wp-json\/wp\/v2\/users\/2"}],"replies":[{"embeddable":true,"href":"https:\/\/www.europesays.com\/es\/wp-json\/wp\/v2\/comments?post=153888"}],"version-history":[{"count":0,"href":"https:\/\/www.europesays.com\/es\/wp-json\/wp\/v2\/posts\/153888\/revisions"}],"wp:featuredmedia":[{"embeddable":true,"href":"https:\/\/www.europesays.com\/es\/wp-json\/wp\/v2\/media\/153889"}],"wp:attachment":[{"href":"https:\/\/www.europesays.com\/es\/wp-json\/wp\/v2\/media?parent=153888"}],"wp:term":[{"taxonomy":"category","embeddable":true,"href":"https:\/\/www.europesays.com\/es\/wp-json\/wp\/v2\/categories?post=153888"},{"taxonomy":"post_tag","embeddable":true,"href":"https:\/\/www.europesays.com\/es\/wp-json\/wp\/v2\/tags?post=153888"}],"curies":[{"name":"wp","href":"https:\/\/api.w.org\/{rel}","templated":true}]}}