{"id":153890,"date":"2025-10-03T01:21:09","date_gmt":"2025-10-03T01:21:09","guid":{"rendered":"https:\/\/www.europesays.com\/es\/153890\/"},"modified":"2025-10-03T01:21:09","modified_gmt":"2025-10-03T01:21:09","slug":"el-cubano-magnol-suarez-nuevo-fichaje-del-galdar-gran-canaria","status":"publish","type":"post","link":"https:\/\/www.europesays.com\/es\/153890\/","title":{"rendered":"El cubano Magnol Su\u00e1rez, nuevo fichaje del G\u00e1ldar Gran Canaria"},"content":{"rendered":"<p><a class=\"v-mdl-ath__fig-a\" href=\"https:\/\/www.canarias7.es\/autor\/canarias7-6545.html\" title=\"CANARIAS7\" rel=\"nofollow noopener\" target=\"_blank\"><br \/>\n<img decoding=\"async\" class=\"v-mdl-ath__img\" src=\"https:\/\/www.europesays.com\/es\/wp-content\/uploads\/2025\/08\/1754689268_701_autor-6545-foto-1.png\" alt=\"CANARIAS7\"\/><br \/>\n<\/a><\/p>\n<p class=\"v-mdl-ath__p v-mdl-ath__p--6\">\nJueves, 2 de octubre 2025, 21:20<\/p>\n<p class=\"v-p\">El club galdense refuerza su porter\u00eda con la incorporaci\u00f3n del guardameta internacional cubano, que llega procedente del Handbol Mallorca tras disputar el Mundial 2025 con su selecci\u00f3n.<\/p>\n<p class=\"v-p\">El Balonmano G\u00e1ldar Gran Canaria anuncia el fichaje de Magnol Su\u00e1rez Fis, portero cubano de 31 a\u00f1os y 2,02 metros de altura, que se incorpora al conjunto canario para la temporada 2025\/26. Su llegada supone un importante refuerzo en la porter\u00eda, donde aportar\u00e1 experiencia, f\u00edsico y liderazgo.<\/p>\n<p class=\"v-p\">Su\u00e1rez llega procedente del Handbol Mallorca, tras una dilatada trayectoria que incluye pasos por la Sanjoanense y la Art\u00edstica Avanca en Portugal, adem\u00e1s del Balonmano Base Oviedo y el BM Villa de Aranda en Espa\u00f1a, donde milit\u00f3 durante varias temporadas. A nivel internacional, ha sido pieza clave en la selecci\u00f3n de Cuba, con la que particip\u00f3 en el Mundial 2025 celebrado en Croacia, Dinamarca y Noruega, consolid\u00e1ndose como uno de los referentes en la porter\u00eda del combinado nacional. Con su incorporaci\u00f3n, el G\u00e1ldar refuerza una posici\u00f3n clave para el actual proyecto.<\/p>\n<p>Reporta un error<\/p>\n","protected":false},"excerpt":{"rendered":"Jueves, 2 de octubre 2025, 21:20 El club galdense refuerza su porter\u00eda con la incorporaci\u00f3n del guardameta internacional&hellip;\n","protected":false},"author":2,"featured_media":153891,"comment_status":"","ping_status":"","sticky":false,"template":"","format":"standard","meta":{"footnotes":""},"categories":[278],"tags":[376,7221,39073,168,25,24,557,29642,3956,375,46317,524,23,167,9248],"class_list":{"0":"post-153890","1":"post","2":"type-post","3":"status-publish","4":"format-standard","5":"has-post-thumbnail","7":"category-balonmano","8":"tag-balonmano","9":"tag-canaria","10":"tag-cubano","11":"tag-deportes","12":"tag-es","13":"tag-espana","14":"tag-fichaje","15":"tag-galdar","16":"tag-gran","17":"tag-handball","18":"tag-magnol","19":"tag-nuevo","20":"tag-spain","21":"tag-sports","22":"tag-suarez"},"share_on_mastodon":{"url":"","error":""},"_links":{"self":[{"href":"https:\/\/www.europesays.com\/es\/wp-json\/wp\/v2\/posts\/153890","targetHints":{"allow":["GET"]}}],"collection":[{"href":"https:\/\/www.europesays.com\/es\/wp-json\/wp\/v2\/posts"}],"about":[{"href":"https:\/\/www.europesays.com\/es\/wp-json\/wp\/v2\/types\/post"}],"author":[{"embeddable":true,"href":"https:\/\/www.europesays.com\/es\/wp-json\/wp\/v2\/users\/2"}],"replies":[{"embeddable":true,"href":"https:\/\/www.europesays.com\/es\/wp-json\/wp\/v2\/comments?post=153890"}],"version-history":[{"count":0,"href":"https:\/\/www.europesays.com\/es\/wp-json\/wp\/v2\/posts\/153890\/revisions"}],"wp:featuredmedia":[{"embeddable":true,"href":"https:\/\/www.europesays.com\/es\/wp-json\/wp\/v2\/media\/153891"}],"wp:attachment":[{"href":"https:\/\/www.europesays.com\/es\/wp-json\/wp\/v2\/media?parent=153890"}],"wp:term":[{"taxonomy":"category","embeddable":true,"href":"https:\/\/www.europesays.com\/es\/wp-json\/wp\/v2\/categories?post=153890"},{"taxonomy":"post_tag","embeddable":true,"href":"https:\/\/www.europesays.com\/es\/wp-json\/wp\/v2\/tags?post=153890"}],"curies":[{"name":"wp","href":"https:\/\/api.w.org\/{rel}","templated":true}]}}