{"id":153892,"date":"2025-10-03T01:25:13","date_gmt":"2025-10-03T01:25:13","guid":{"rendered":"https:\/\/www.europesays.com\/es\/153892\/"},"modified":"2025-10-03T01:25:13","modified_gmt":"2025-10-03T01:25:13","slug":"challenger-de-antofagasta-tres-argentinos-van-en-busqueda-de-los-cuartos-de-final","status":"publish","type":"post","link":"https:\/\/www.europesays.com\/es\/153892\/","title":{"rendered":"Challenger de Antofagasta: tres argentinos van en b\u00fasqueda de los cuartos de final"},"content":{"rendered":"<p><img alt=\"Federico G\u00f3mez es uno de\" class=\"global-image\" decoding=\"async\" fetchpriority=\"high\" height=\"720\" loading=\"eager\" src=\"https:\/\/www.europesays.com\/es\/wp-content\/uploads\/2025\/10\/2SPNTW33BRG2DCZVWDTOMRSWUE.jpg\" width=\"1280\"\/>Federico G\u00f3mez es uno de los tres argentinos que buscar\u00e1n meterse en los cuartos de final del Challenger de Antofagasta<\/p>\n<p class=\"paragraph\">Este mi\u00e9rcoles, en el <b>Autoclub<\/b> se definieron los cuatro primeros clasificados a los cuartos de final de singles del <b>Challenger 75 de Antofagasta<\/b>. El certamen chileno, que se volvi\u00f3 una tradicional estaci\u00f3n en el segundo escal\u00f3n del circuito de la<b> Asociaci\u00f3n de Tenistas Profesionales <\/b>(ATP), cuenta con dos representantes locales en carrera:<b> Cristi\u00e1n Gar\u00edn<\/b> y <b>Tom\u00e1s Barrios Vera<\/b>. Asimismo, el paraguayo <b>Daniel Vallejo <\/b>y el liban\u00e9s <b>Hady Habib<\/b> son quienes completan la zona inferior del cuadro. Este jueves, a partir de las 10:30, los argentinos <b>Federico G\u00f3mez, Facundo D\u00edaz Acosta y Facundo Bagnis<\/b> buscar\u00e1n un lugar en la pr\u00f3xima instancia. La acci\u00f3n se podr\u00e1 seguir en vivo a trav\u00e9s de Challenger TV, la plataforma gratuita de streaming de la categor\u00eda.<\/p>\n<p class=\"paragraph\">El mi\u00e9rcoles en la modalidad de individuales, dos albicelestes cerraron su participaci\u00f3n en el pa\u00eds vecino. Durante el turno inicial del Court Central,<b> Lautaro Mid\u00f3n<\/b> cay\u00f3 frente a Barrios Vera. El oriundo de Chill\u00e1n, <a href=\"https:\/\/www.infobae.com\/deportes\/2025\/07\/29\/el-longa-shot-el-golpe-del-chileno-barrios-vera-que-sorprendio-a-todos-en-el-masters-1000-de-toronto\/\" target=\"_blank\" rel=\"noreferrer nofollow noopener\" title=\"https:\/\/www.infobae.com\/deportes\/2025\/07\/29\/el-longa-shot-el-golpe-del-chileno-barrios-vera-que-sorprendio-a-todos-en-el-masters-1000-de-toronto\/\"><b>conocido por su peculiar forma de ejecutar el drop-shot, tiro el cual bautiz\u00f3 como Longa-Shot<\/b><\/a>, impuso su condici\u00f3n de cuarto preclasificado y derrot\u00f3 al correntino de 21 a\u00f1os con parciales de <b>6-2 y 6-2<\/b>. <\/p>\n<p class=\"paragraph\">En tanto, en el<b> Court 7<\/b>, otro nacido en la regi\u00f3n del Norte Grande se despidi\u00f3 en la segunda ronda:<b> Carlos Z\u00e1rate<\/b>. El joven tenista nacional disput\u00f3 un sorprendente cotejo y cont\u00f3 con la oportunidad de sellar la victoria con su servicio. Sin embargo, <b>el liban\u00e9s Haby Hadid (172) produjo una memorable remontada y lo venci\u00f3 por 6-3, 6-7(4) y 6-4<\/b>. Cali, quien en febrero cosech\u00f3 su primer punto ATP y en el <b>AAT Challenger Santander Edici\u00f3n Villa Mar\u00eda<\/b> super\u00f3 por primera vez la qualy de un evento de la categor\u00eda -debut\u00f3 en marzo, en C\u00f3rdoba, por una invitaci\u00f3n de la AAT-, concluy\u00f3 la semana m\u00e1s destacada de su carrera. No s\u00f3lo volvi\u00f3 a atravesar una fase previa, esta vez eliminando a sus compatriotas <b>Guido Justo <\/b>y<b> Santiago De La Fuente<\/b>, sino que tambi\u00e9n <b>gan\u00f3 su primer partido en el <\/b><b>main draw<\/b><b> de un Challenger<\/b>, convirti\u00e9ndose as\u00ed en el <b>\u00fanico argentino nacido en el a\u00f1o 2005 que lo consigue<\/b>.<\/p>\n<p class=\"paragraph\">Seg\u00fan revel\u00f3 la organizaci\u00f3n de la competici\u00f3n, la jornada del jueves iniciar\u00e1 desde las 10:30. En el estadio principal, <b>Federico G\u00f3mez <\/b>abrir\u00e1 el d\u00eda ante <a href=\"https:\/\/www.infobae.com\/deportes\/2025\/03\/06\/es-hijo-de-atletas-olimpicos-nacio-en-eeuu-se-formo-en-espana-con-alcaraz-y-hace-base-en-argentina-la-historia-de-emilio-nava\/\" target=\"_blank\" rel=\"noreferrer nofollow noopener\" title=\"https:\/\/www.infobae.com\/deportes\/2025\/03\/06\/es-hijo-de-atletas-olimpicos-nacio-en-eeuu-se-formo-en-espana-con-alcaraz-y-hace-base-en-argentina-la-historia-de-emilio-nava\/\"><b>Emilio Nava<\/b><\/a>, un encuentro que promete un alto nivel de tenis. El oriundo de Merlo, quien viene de estrenarse con \u00e9xito ante el uruguayo <b>Joaqu\u00edn Aguilar Cardozo<\/b>, buscar\u00e1 levantar la cabeza luego de un traspi\u00e9 en la primera ronda del Challenger de Buenos Aires la semana pasada para instalarse en los cuartos de final de un certamen de la <b>Gira Sudamericana<\/b> por segunda vez. En tanto, <a href=\"https:\/\/www.infobae.com\/deportes\/2025\/09\/22\/el-entrenador-argentino-que-vencio-a-del-potro-y-ahora-trabaja-con-una-de-las-grandes-promesas-del-tenis-mundial\/)\" target=\"_blank\" rel=\"noreferrer nofollow noopener\" title=\"https:\/\/www.infobae.com\/deportes\/2025\/09\/22\/el-entrenador-argentino-que-vencio-a-del-potro-y-ahora-trabaja-con-una-de-las-grandes-promesas-del-tenis-mundial\/)\"><b>el estadounidense al que entrena el argentino Diego Crist\u00edn<\/b><\/a>, tambi\u00e9n intentar\u00e1 recuperarse. Luego de consagrarse campe\u00f3n en <b>Villa Mar\u00eda y asegurar su estad\u00eda en el Top 100<\/b>, cay\u00f3 en su debut la semana pasada en CABA. El m\u00e1ximo favorito al t\u00edtulo en Antofagasta ya elimin\u00f3 al brasile\u00f1o Matheus Pucinelli de Almeida en sets corridos.<\/p>\n<p class=\"paragraph\">A continuaci\u00f3n, en el mismo escenario, saltar\u00e1 a la pista <b>Facundo Bagnis<\/b>. El oriundo de <b>Armstrong<\/b>, un referente del tenis nacional que a sus 35 a\u00f1os super\u00f3 una operaci\u00f3n de rodilla y sigue compitiendo, dio uno de los batacazos del certamen en la primera ronda: <b>se impuso sobre el italiano Francesco Maestrelli<\/b>, quinto sembrado, en tres mangas. Este jueves, el actual 431 del ranking ATP, quien recibi\u00f3 una invitaci\u00f3n por parte de la organizaci\u00f3n, <b>chocar\u00e1 con el brasile\u00f1o Joao Reis da Silva<\/b>.<\/p>\n<p class=\"paragraph\">Finalmente, en el tercer turno, <b>Facundo D\u00edaz Acosta se enfrentar\u00e1 al austriaco Lukas Neumayer<\/b>. El nacido en <b>Vicente L\u00f3pez<\/b>, campe\u00f3n del <b>Argentina Open<\/b> en 2024 y ex 47 del mundo, atraves\u00f3 un arranque de temporada plagado de lesiones y, progresivamente, est\u00e1 volviendo a sentir comodidad dentro de una cancha. Luego de<b> Wimbledon<\/b>, evento en el que regres\u00f3 a la actividad, alcanz\u00f3 dos semifinales. <b>Este martes derrot\u00f3 a Nicol\u00e1s Kicker y se estren\u00f3 con el pie derecho en Chile, un pa\u00eds que le trae recuerdos de su primer t\u00edtulo ATP Challenger<\/b>.<\/p>\n","protected":false},"excerpt":{"rendered":"Federico G\u00f3mez es uno de los tres argentinos que buscar\u00e1n meterse en los cuartos de final del Challenger&hellip;\n","protected":false},"author":2,"featured_media":153893,"comment_status":"","ping_status":"","sticky":false,"template":"","format":"standard","meta":{"footnotes":""},"categories":[274],"tags":[34586,283,23437,2047,168,25,24,23,167,327,326],"class_list":{"0":"post-153892","1":"post","2":"type-post","3":"status-publish","4":"format-standard","5":"has-post-thumbnail","7":"category-tenis","8":"tag-antofagasta","9":"tag-argentina","10":"tag-challenger","11":"tag-chile","12":"tag-deportes","13":"tag-es","14":"tag-espana","15":"tag-spain","16":"tag-sports","17":"tag-tenis","18":"tag-tennis"},"share_on_mastodon":{"url":"","error":""},"_links":{"self":[{"href":"https:\/\/www.europesays.com\/es\/wp-json\/wp\/v2\/posts\/153892","targetHints":{"allow":["GET"]}}],"collection":[{"href":"https:\/\/www.europesays.com\/es\/wp-json\/wp\/v2\/posts"}],"about":[{"href":"https:\/\/www.europesays.com\/es\/wp-json\/wp\/v2\/types\/post"}],"author":[{"embeddable":true,"href":"https:\/\/www.europesays.com\/es\/wp-json\/wp\/v2\/users\/2"}],"replies":[{"embeddable":true,"href":"https:\/\/www.europesays.com\/es\/wp-json\/wp\/v2\/comments?post=153892"}],"version-history":[{"count":0,"href":"https:\/\/www.europesays.com\/es\/wp-json\/wp\/v2\/posts\/153892\/revisions"}],"wp:featuredmedia":[{"embeddable":true,"href":"https:\/\/www.europesays.com\/es\/wp-json\/wp\/v2\/media\/153893"}],"wp:attachment":[{"href":"https:\/\/www.europesays.com\/es\/wp-json\/wp\/v2\/media?parent=153892"}],"wp:term":[{"taxonomy":"category","embeddable":true,"href":"https:\/\/www.europesays.com\/es\/wp-json\/wp\/v2\/categories?post=153892"},{"taxonomy":"post_tag","embeddable":true,"href":"https:\/\/www.europesays.com\/es\/wp-json\/wp\/v2\/tags?post=153892"}],"curies":[{"name":"wp","href":"https:\/\/api.w.org\/{rel}","templated":true}]}}