{"id":153896,"date":"2025-10-03T01:27:11","date_gmt":"2025-10-03T01:27:11","guid":{"rendered":"https:\/\/www.europesays.com\/es\/153896\/"},"modified":"2025-10-03T01:27:11","modified_gmt":"2025-10-03T01:27:11","slug":"hadjar-afirma-que-seguir-en-red-bull-le-quita-presion-para-conseguir-un-puesto-en-2026-noticia-de-f1","status":"publish","type":"post","link":"https:\/\/www.europesays.com\/es\/153896\/","title":{"rendered":"Hadjar afirma que seguir en Red Bull le quita presi\u00f3n para conseguir un puesto en 2026 &#8211; Noticia de F1"},"content":{"rendered":"<p>Aunque el futuro de<strong> Isack Hadjar<\/strong> contin\u00faa siendo incierto en la <strong>F\u00f3rmula 1<\/strong> de cara a 2026, el piloto franc\u00e9s evalu\u00f3 que su situaci\u00f3n es diferente con respecto a otras temporadas este jueves en el <strong>GP de Singapur<\/strong>, que comenzar\u00e1 ma\u00f1ana con entrenamientos en el circuito de <strong>Marina Bay<\/strong>.<\/p>\n<p>\ud83d\udfe5\u00a0<strong>\u00a1Todas las novedades te esperan en el canal de\u00a0<\/strong><a href=\"https:\/\/www.youtube.com\/@GrandePremioES\" rel=\"nofollow noopener\" target=\"_blank\">YouTube<\/a><strong>\u00a0de Grande Pr\u00eamio en Espa\u00f1ol!<\/strong>\u00a0\ud83d\udfe8<\/p>\n<p>Se cree que Hadjar est\u00e1 en la pelea por un sitio en el equipo <strong>Red Bull<\/strong> en la pr\u00f3xima temporada para reemplazar a <strong>Yuki Tsunoda<\/strong>, que no tiene seguro su futuro en la F1. Si bien algunos otros rumores period\u00edsticos ubican a <strong>Alexander Albon<\/strong> al lado de <strong>Max Verstappen<\/strong>, el piloto de <strong>Racing Bulls<\/strong> est\u00e1 confiado para seguir en 2026.<\/p>\n<p><strong>\u00abCreo que siempre es una buena posici\u00f3n, pero me he acostumbrado a perseguir hasta la \u00faltima carrera a lo largo de mi carrera, en cada campeonato, para ascender de nivel\u00bb<\/strong>, record\u00f3 Hadjar.<\/p>\n<p><strong>\u00abEs una situaci\u00f3n nueva, me quita algo de presi\u00f3n, pero me gusta, siento que es cuando doy lo mejor de m\u00ed. Veremos c\u00f3mo me desenvuelvo en las \u00faltimas carreras, pero seguir\u00e9 d\u00e1ndolo todo\u00bb<\/strong>, asegur\u00f3 el compa\u00f1ero de<strong> Liam Lawson<\/strong>.<\/p>\n<p>Hasta ahora, Hadjar suma 39 puntos y un podio en 2025. Esto lo coloca en el noveno puesto del Campeonato de Pilotos. Racing Bulls, por su parte, suma 72 puntos y es sexto en el <strong>Mundial de Constructores<\/strong> de la <strong>F1 2025<\/strong>.<\/p>\n<p>\u23e9\u00a0<strong>\u00a1Seguinos en redes por\u00a0<\/strong><a href=\"https:\/\/twitter.com\/grandepremioES\" rel=\"nofollow noopener\" target=\"_blank\">Twitter\u00a0<\/a><strong>e\u00a0<\/strong><a href=\"https:\/\/www.instagram.com\/grandepremioes\/\" rel=\"nofollow noopener\" target=\"_blank\">Instagram!<br \/><\/a>\u23e9\u00a0<strong>Adem\u00e1s, tenemos nuestro\u00a0<\/strong><a href=\"https:\/\/whatsapp.com\/channel\/0029VaDZ5zb0gcfDxuwxBM05\" rel=\"nofollow noopener\" target=\"_blank\">canal de Whatsapp<\/a><strong>\u00a0con toda la informaci\u00f3n al instante<\/strong>\u00a0\ud83c\udfc1<\/p>\n<p>La F\u00f3rmula 1 volver\u00e1 para la 18\u00b0 ronda de la temporada entre el 3 y el 5 de octubre con el Gran Premio de Singapur. GRANDE PR\u00caMIO ofrece cobertura completa del evento.<\/p>\n<p>      <script async src=\"https:\/\/platform.twitter.com\/widgets.js\" charset=\"utf-8\"><\/script><script async src=\"\/\/www.instagram.com\/embed.js\"><\/script><\/p>\n","protected":false},"excerpt":{"rendered":"Aunque el futuro de Isack Hadjar contin\u00faa siendo incierto en la F\u00f3rmula 1 de cara a 2026, el&hellip;\n","protected":false},"author":2,"featured_media":153897,"comment_status":"","ping_status":"","sticky":false,"template":"","format":"standard","meta":{"footnotes":""},"categories":[270],"tags":[168,25,24,306,271,272,23,167],"class_list":{"0":"post-153896","1":"post","2":"type-post","3":"status-publish","4":"format-standard","5":"has-post-thumbnail","7":"category-formula-1","8":"tag-deportes","9":"tag-es","10":"tag-espana","11":"tag-f1","12":"tag-formula-1","13":"tag-formula1","14":"tag-spain","15":"tag-sports"},"share_on_mastodon":{"url":"","error":""},"_links":{"self":[{"href":"https:\/\/www.europesays.com\/es\/wp-json\/wp\/v2\/posts\/153896","targetHints":{"allow":["GET"]}}],"collection":[{"href":"https:\/\/www.europesays.com\/es\/wp-json\/wp\/v2\/posts"}],"about":[{"href":"https:\/\/www.europesays.com\/es\/wp-json\/wp\/v2\/types\/post"}],"author":[{"embeddable":true,"href":"https:\/\/www.europesays.com\/es\/wp-json\/wp\/v2\/users\/2"}],"replies":[{"embeddable":true,"href":"https:\/\/www.europesays.com\/es\/wp-json\/wp\/v2\/comments?post=153896"}],"version-history":[{"count":0,"href":"https:\/\/www.europesays.com\/es\/wp-json\/wp\/v2\/posts\/153896\/revisions"}],"wp:featuredmedia":[{"embeddable":true,"href":"https:\/\/www.europesays.com\/es\/wp-json\/wp\/v2\/media\/153897"}],"wp:attachment":[{"href":"https:\/\/www.europesays.com\/es\/wp-json\/wp\/v2\/media?parent=153896"}],"wp:term":[{"taxonomy":"category","embeddable":true,"href":"https:\/\/www.europesays.com\/es\/wp-json\/wp\/v2\/categories?post=153896"},{"taxonomy":"post_tag","embeddable":true,"href":"https:\/\/www.europesays.com\/es\/wp-json\/wp\/v2\/tags?post=153896"}],"curies":[{"name":"wp","href":"https:\/\/api.w.org\/{rel}","templated":true}]}}