{"id":153898,"date":"2025-10-03T01:28:09","date_gmt":"2025-10-03T01:28:09","guid":{"rendered":"https:\/\/www.europesays.com\/es\/153898\/"},"modified":"2025-10-03T01:28:09","modified_gmt":"2025-10-03T01:28:09","slug":"homenaje-de-altura-para-rafa-rullan","status":"publish","type":"post","link":"https:\/\/www.europesays.com\/es\/153898\/","title":{"rendered":"Homenaje de altura para Rafa Rull\u00e1n"},"content":{"rendered":"<p>S\u00f3ller rendir\u00e1 el s\u00e1bado d\u00eda 11 de octubre (09:30 horas)<strong>, un sentido homenaje al hist\u00f3rico baloncestista Rafa Rull\u00e1n (1952-2025)<\/strong>, en reconocimiento a su excepcional trayectoria deportiva y a sus estrechos v\u00ednculos con S\u00f3ller y con el <a href=\"https:\/\/www.ultimahora.es\/etiqueta\/baloncesto.html?utm_source=Inline-tag&amp;utm_medium=internal\" rel=\"nofollow noopener\" target=\"_blank\">baloncesto<\/a> solleric, para el que a lo largo de su carrera siempre fue un referente y un modelo. Se celebrar\u00e1 en el polideportivo municipal de <strong>Son Angelats<\/strong>, en S\u00f3ller.<\/p>\n<p>Este homenaje contar\u00e1 con la presencia de destacadas figuras del mundo deportivo e institucional, as\u00ed como de familiares y amigos que quieren sumarse a ese merecido reconocimiento p\u00fablico. El programa de esta jornada ser\u00e1 <strong>un evento social y deportivo<\/strong> en el que participar\u00e1n figuras muy conocidas del baloncesto, de nivel nacional e internacional.<\/p>\n<p>El alcalde de S\u00f3ller, <strong>Miquel Nadal<\/strong>, tambi\u00e9n concejal de Deportes, record\u00f3 ayer durante la presentaci\u00f3n del programa que Rafa Rull\u00e1n <strong>\u00abfue el primer jugador de baloncesto ol\u00edmpico de Balears y miembro de la selecci\u00f3n nacional\u00bb<\/strong> a\u00f1adiendo que \u00absiempre mantuvo sus v\u00ednculos con S\u00f3ller y con el b\u00e1squet solleric, un deportista hist\u00f3rico que era no solo f\u00edsicamente muy alto sino tambi\u00e9n muy grande como persona\u00bb, afirm\u00f3.<\/p>\n<p>El completo programa preparado para este homenaje fue presentado por su coordinador Marcel\u00b7l\u00ed Got, exjugador del <strong>Joventut Mariana<\/strong> y patr\u00f3n de la <strong>Fundaci\u00f3 FEBIB 1935<\/strong>, entidad impulsora de este reconocimiento junto al Ajuntament de S\u00f3ller.<\/p>\n<p>La jornada incluir\u00e1 una ponencia a cargo de los conocidos jugadores Fernando Romay y Juan Antonio Corbal\u00e1n centrada en los valores del baloncesto y la juventud. Pero sin duda, el gran atractivo para los numerosos aficionados sollerics ser\u00e1 la celebraci\u00f3n de <strong>un partido amistoso entre veteranos del Joventut Mariana y del <a href=\"https:\/\/www.ultimahora.es\/etiqueta\/Real+Madrid.html?utm_source=Inline-tag&amp;utm_medium=internal\" rel=\"nofollow noopener\" target=\"_blank\">Real Madrid<\/a><\/strong>, equipos que, seg\u00fan record\u00f3 Got \u00abhan marcado la trayectoria deportiva de Rull\u00e1n\u00bb. Tambi\u00e9n se proyectar\u00e1 un v\u00eddeo dedicado a la trayectoria vital y deportiva del deportista, repasando los momentos m\u00e1s notables y emocionantes de su carrera. Finalmente, se inaugurar\u00e1 un gran mural dedicado a Rull\u00e1n que resaltar\u00e1 los valores humanos y deportivos de los jugadores, y se descubrir\u00e1 una placa conmemorativa. Ambas manifestaciones quedar\u00e1n instaladas como recuerdo permanente en el hall del Polideportivo Son Angelats.<\/p>\n<p>El partido amistoso entre las viejas glorias del Joventut Mariana y del Real Madrid, ya cuenta con la confirmaci\u00f3n de participaci\u00f3n de un buen n\u00famero de deportistas, entre ellos <strong>Juan Jim\u00e9nez, Rudy Fern\u00e1ndez, Luis Abengoza, Lucas Victoriano, Felipe Reyes, Ignacio Corbal\u00e1n, Antonio Llorente, Lorenzo Sanz, Crist\u00f3bal Rodr\u00edguez, Juan A. Corbal\u00e1n, Fernando Romay, Dar\u00edo Quesada, Garc\u00eda Cha\u00edn, J.J. Mart\u00ednez Artime<\/strong>, entre otros. Por parte del Joventut Mariana, veteranos sollerics como<strong> Toni Marroig, Dani Linares, Joan Oliver, David Cobos, Goran Savinovic, Vedran Abdurahmanovic, Llu\u00eds Rullan, Tolo Pomar, Miguel Coll, Fredy Mainzer, Pere Cap\u00f3, Miguel Angel Navarro, Joan Frau <\/strong>o<strong> Guillem Moll\u00e0<\/strong>.<\/p>\n<p>No ser\u00e1 en todo caso un partido formal sino, en palabras de Got, para el disfrute de los aficionados.<br \/>Durante el acto de presentaci\u00f3n del programa tambi\u00e9n intervino el presidente de la federaci\u00f3n y de Fundaci\u00f3n FEBIB 1935,<strong> Juanjo Talens<\/strong> quien manifest\u00f3 que \u00aben un mundo donde prima el individualismo, hacer un homenaje a una figura por sus valores deportivos y humanos es de agradecer y valorar\u00bb.<\/p>\n<p>Tambi\u00e9n intervino<strong> Fernando Rull\u00e1n<\/strong>, hermano del fallecido deportista, que agradeci\u00f3 el homenaje de parte de toda su familia. <strong>Marcel\u00ed Rull\u00e1n<\/strong>, tambi\u00e9n exjugador del Mariana, presente en el acto, ha asumido buena parte de la financiaci\u00f3n del evento a trav\u00e9s de su empresa <strong>Rullan Oliver Inversiones<\/strong>.<\/p>\n","protected":false},"excerpt":{"rendered":"S\u00f3ller rendir\u00e1 el s\u00e1bado d\u00eda 11 de octubre (09:30 horas), un sentido homenaje al hist\u00f3rico baloncestista Rafa Rull\u00e1n&hellip;\n","protected":false},"author":2,"featured_media":153899,"comment_status":"","ping_status":"","sticky":false,"template":"","format":"standard","meta":{"footnotes":""},"categories":[269],"tags":[299,298,168,25,24,301,832,833,830,831,3048,23,167],"class_list":{"0":"post-153898","1":"post","2":"type-post","3":"status-publish","4":"format-standard","5":"has-post-thumbnail","7":"category-baloncesto","8":"tag-baloncesto","9":"tag-basketball","10":"tag-deportes","11":"tag-es","12":"tag-espana","13":"tag-eurobasket","14":"tag-eurocup","15":"tag-euroliga","16":"tag-leb-oro","17":"tag-liga-acb","18":"tag-real-madrid","19":"tag-spain","20":"tag-sports"},"share_on_mastodon":{"url":"","error":""},"_links":{"self":[{"href":"https:\/\/www.europesays.com\/es\/wp-json\/wp\/v2\/posts\/153898","targetHints":{"allow":["GET"]}}],"collection":[{"href":"https:\/\/www.europesays.com\/es\/wp-json\/wp\/v2\/posts"}],"about":[{"href":"https:\/\/www.europesays.com\/es\/wp-json\/wp\/v2\/types\/post"}],"author":[{"embeddable":true,"href":"https:\/\/www.europesays.com\/es\/wp-json\/wp\/v2\/users\/2"}],"replies":[{"embeddable":true,"href":"https:\/\/www.europesays.com\/es\/wp-json\/wp\/v2\/comments?post=153898"}],"version-history":[{"count":0,"href":"https:\/\/www.europesays.com\/es\/wp-json\/wp\/v2\/posts\/153898\/revisions"}],"wp:featuredmedia":[{"embeddable":true,"href":"https:\/\/www.europesays.com\/es\/wp-json\/wp\/v2\/media\/153899"}],"wp:attachment":[{"href":"https:\/\/www.europesays.com\/es\/wp-json\/wp\/v2\/media?parent=153898"}],"wp:term":[{"taxonomy":"category","embeddable":true,"href":"https:\/\/www.europesays.com\/es\/wp-json\/wp\/v2\/categories?post=153898"},{"taxonomy":"post_tag","embeddable":true,"href":"https:\/\/www.europesays.com\/es\/wp-json\/wp\/v2\/tags?post=153898"}],"curies":[{"name":"wp","href":"https:\/\/api.w.org\/{rel}","templated":true}]}}