{"id":153900,"date":"2025-10-03T01:29:09","date_gmt":"2025-10-03T01:29:09","guid":{"rendered":"https:\/\/www.europesays.com\/es\/153900\/"},"modified":"2025-10-03T01:29:09","modified_gmt":"2025-10-03T01:29:09","slug":"jugue-mucho-en-la-calle-descalzo-y-sin-botas","status":"publish","type":"post","link":"https:\/\/www.europesays.com\/es\/153900\/","title":{"rendered":"Jugu\u00e9 mucho en la calle, descalzo y sin botas"},"content":{"rendered":"<p>            Paul Akouokou: \u00abJugu\u00e9 mucho en la calle, descalzo y sin botas\u00bb                <\/p>\n<p>Paul Akouokou: \u00abJugu\u00e9 mucho en la calle, descalzo y sin botas\u00bb<\/p>\n<p class=\"epigraph\">El centrocampista, una de las referencias del Real Zaragoza, presenta una trayectoria vital muy singular desde que dej\u00f3 su pa\u00eds siendo un ni\u00f1o para perseguir el sue\u00f1o de ser futbolista.<\/p>\n<p class=\"paragraph\"><a href=\"https:\/\/www.heraldo.es\/noticias\/deportes\/futbol\/real-zaragoza\/2025\/09\/06\/akouokou-saidu-y-otras-razones-para-creer-1852109.html\" title=\"Akouokou, Saidu y otras razones para creer en el Real Zaragoza\" rel=\"nofollow noopener\" target=\"_blank\">Paul Akouokou (Abiy\u00e1n, Costa de Marfil, 1997) es el centinela del Real Zaragoza.<\/a> El centrocampista que todo lo observa, todo lo vigila y todo lo protege. Su impacto en el equipo est\u00e1 a la altura de sus credenciales como futbolista: quiz\u00e1 solo Andrada presenta una trayectoria de mayor prestigio en toda la plantilla. Aunque no ha jugado mucho desde que debut\u00f3 en el Betis, lleva la marca de la Primera Divisi\u00f3n y de un club de renombre como el Olympique de Lyon. <b>Es una pieza b\u00e1sica en este equipo de Gabi y un perfil, adem\u00e1s, potenciado por el cambio de sistema instaurado contra el Mirand\u00e9s<\/b>. Es un hombre de mundo y eso ha facilitado su adaptaci\u00f3n en apenas un mes. Por extra\u00f1o que parezca, Paul es muy distinto a sus llamativos, cambiantes y atrevidos peinados: es un chico muy sereno, introvertido y para quien la vida no siempre fue sencilla.<\/p>\n<p>            Conforme a los criterios de<br \/>\n            <a class=\"trustproject_img\" id=\"trustproject_img\" href=\"https:\/\/thetrustproject.org\/\" target=\"_blank\" rel=\"nofollow noopener\" aria-label=\"Trust Project\"><img decoding=\"async\" loading=\"lazy\" src=\"https:\/\/www.heraldo.es\/images\/Trust-Logo-Horizontal.svg\" alt=\"Logo Trust Project\" width=\"200\" height=\"34\"\/><\/a><\/p>\n<p>        <a href=\"https:\/\/www.henneo.com\/\" title=\"Grupo Henneo\" class=\"logo\" rel=\"nofollow noopener\" target=\"_blank\"><br \/>\n            <img decoding=\"async\" src=\"https:\/\/www.heraldo.es\/images\/logo_henneo_gris.svg\" alt=\"Logo Henneo\" width=\"559\" height=\"389\" loading=\"lazy\"\/><br \/>\n        <\/a><\/p>\n<p>\u00a9 HERALDO DE ARAGON EDITORA, S.L.U.<br \/>Tel\u00e9fono 976 765 000 \/ &#8211; P\u00ba. Independencia, 29, 50001 Zaragoza &#8211; CIF: B99288763 &#8211; Inscrita en el Registro Mercantil de Zaragoza al Tomo 3796, Libro 0, Folio 177, Secci\u00f3n 8, Hoja Z-50564<br \/>Queda prohibida toda reproducci\u00f3n sin permiso escrito de la empresa a los efectos del art\u00edculo 32.1, p\u00e1rrafo segundo, de la Ley de Propiedad Intelectual<\/p>\n<p>\n                P\u00ba Independencia, 29, 50001 Zaragoza<br \/> Tel\u00e9fono 976 765 000\n            <\/p>\n<p>                    Actualmente tu navegador no permite ejecutar JavaScript. Para poder disfrutar de nuestro contenido es necesario que lo permita.<br \/>\n                                        <img decoding=\"async\" loading=\"lazy\" alt=\"Heraldo logo\" src=\"https:\/\/dkumiip2e9ary.cloudfront.net\/xalok\/heraldo\/especiales\/hola-de-nuevo\/logo-heraldo.svg\" width=\"215\" height=\"43\"\/><\/p>\n","protected":false},"excerpt":{"rendered":"Paul Akouokou: \u00abJugu\u00e9 mucho en la calle, descalzo y sin botas\u00bb Paul Akouokou: \u00abJugu\u00e9 mucho en la calle,&hellip;\n","protected":false},"author":2,"featured_media":153901,"comment_status":"","ping_status":"","sticky":false,"template":"","format":"standard","meta":{"footnotes":""},"categories":[268],"tags":[46318,168,25,24,280,282,9359,4877,27414,281,23,167,24614],"class_list":{"0":"post-153900","1":"post","2":"type-post","3":"status-publish","4":"format-standard","5":"has-post-thumbnail","7":"category-futbol","8":"tag-akouokou","9":"tag-deportes","10":"tag-es","11":"tag-espana","12":"tag-football","13":"tag-futbol","14":"tag-paul","15":"tag-pena","16":"tag-sacrificio","17":"tag-soccer","18":"tag-spain","19":"tag-sports","20":"tag-valido"},"share_on_mastodon":{"url":"","error":""},"_links":{"self":[{"href":"https:\/\/www.europesays.com\/es\/wp-json\/wp\/v2\/posts\/153900","targetHints":{"allow":["GET"]}}],"collection":[{"href":"https:\/\/www.europesays.com\/es\/wp-json\/wp\/v2\/posts"}],"about":[{"href":"https:\/\/www.europesays.com\/es\/wp-json\/wp\/v2\/types\/post"}],"author":[{"embeddable":true,"href":"https:\/\/www.europesays.com\/es\/wp-json\/wp\/v2\/users\/2"}],"replies":[{"embeddable":true,"href":"https:\/\/www.europesays.com\/es\/wp-json\/wp\/v2\/comments?post=153900"}],"version-history":[{"count":0,"href":"https:\/\/www.europesays.com\/es\/wp-json\/wp\/v2\/posts\/153900\/revisions"}],"wp:featuredmedia":[{"embeddable":true,"href":"https:\/\/www.europesays.com\/es\/wp-json\/wp\/v2\/media\/153901"}],"wp:attachment":[{"href":"https:\/\/www.europesays.com\/es\/wp-json\/wp\/v2\/media?parent=153900"}],"wp:term":[{"taxonomy":"category","embeddable":true,"href":"https:\/\/www.europesays.com\/es\/wp-json\/wp\/v2\/categories?post=153900"},{"taxonomy":"post_tag","embeddable":true,"href":"https:\/\/www.europesays.com\/es\/wp-json\/wp\/v2\/tags?post=153900"}],"curies":[{"name":"wp","href":"https:\/\/api.w.org\/{rel}","templated":true}]}}