{"id":153902,"date":"2025-10-03T01:30:11","date_gmt":"2025-10-03T01:30:11","guid":{"rendered":"https:\/\/www.europesays.com\/es\/153902\/"},"modified":"2025-10-03T01:30:11","modified_gmt":"2025-10-03T01:30:11","slug":"guillermo-de-luxemburgo-ya-tiene-retrato-oficial-como-futuro-gran-duque","status":"publish","type":"post","link":"https:\/\/www.europesays.com\/es\/153902\/","title":{"rendered":"Guillermo de Luxemburgo ya tiene retrato oficial como futuro Gran Duque"},"content":{"rendered":"<p id=\"eXoelhYLCe\" data-wc=\"95\"><strong>Luxemburgo se prepara para vivir uno de los momentos m\u00e1s trascendentales de su historia reciente.<\/strong> Este viernes, <a class=\"hm-link ho-link\" href=\"https:\/\/www.hola.com\/realeza\/20240710705320\/traspaso-poderes-monarquia-luxemburgo\/\" data-mrf-recirculation=\"article-body-link\" rel=\"nofollow noopener\" target=\"_blank\">3 de octubre de 2025,\u00a0<\/a>el Gran Duque Enrique, de 70 a\u00f1os, abdica oficialmente en favor del pr\u00edncipe Guillermo, quien se convertir\u00e1 en el nuevo jefe de Estado del pa\u00eds, uno de los m\u00e1s peque\u00f1os de Europa. Tras 25 a\u00f1os de reinado, Enrique de Luxemburgo cede el testigo a su hijo mayor, acompa\u00f1ado por su esposa, la Gran Duquesa Mar\u00eda Teresa, con quien ha compartido d\u00e9cadas de compromiso institucional y vida familiar, desde que se casaron en 1981.<\/p>\n<p> <img src=\"https:\/\/www.europesays.com\/es\/wp-content\/uploads\/2025\/10\/5e3aba0932f7-louisepragnellportraitg-2.jpg\"   width=\"678\" height=\"1024\" loading=\"lazy\" decoding=\"async\" alt=\"Media Image\" fetchpriority=\"auto\" class=\"image ho-image\"\/>\u00a9 Louise Pragnell<\/p>\n<p> <img src=\"https:\/\/www.europesays.com\/es\/wp-content\/uploads\/2025\/10\/01f061be6fd7-louisepragnellportraits.jpg\"   width=\"681\" height=\"1024\" loading=\"lazy\" decoding=\"async\" alt=\"Media Image\" fetchpriority=\"auto\" class=\"image ho-image\"\/>\u00a9 Louise Pragnell<\/p>\n<p id=\"eiKiCHB09K\" data-wc=\"113\">Como parte de esta transici\u00f3n hist\u00f3rica, la Casa Gran Ducal ha encargado los retratos oficiales del futuro Gran Duque, siguiendo la tradici\u00f3n. Tres artistas han sido seleccionados para esta tarea: <strong>el luxemburgu\u00e9s Roland Schauls y los brit\u00e1nicos, Louise Pragnell y Andrew Gow.<\/strong> Adem\u00e1s, <strong>Pragnell ha retratado tambi\u00e9n a la futura Gran Duquesa, St\u00e9phanie,<\/strong> enriqueciendo el conjunto. Las obras se incorporar\u00e1n a las colecciones oficiales del Palacio Gran Ducal y uno de los retratos de Guillermo de Luxemburgo ser\u00e1 destinado a la C\u00e1mara de Diputados, donde ocupar\u00e1 un lugar destacado en la sala plenaria.<strong>\u00a0El p\u00fablico podr\u00e1 admirarlos a partir de enero de 2026 en el Museo Nacional de Arqueolog\u00eda, Historia y Arte (MNAHA).<\/strong><\/p>\n<p> <img src=\"https:\/\/www.europesays.com\/es\/wp-content\/uploads\/2025\/10\/47ecebb0abff-saveclipapp558267613183202698252140601126431830996272098n.jpg\"   width=\"1024\" height=\"1024\" loading=\"lazy\" decoding=\"async\" alt=\"Media Image\" fetchpriority=\"auto\" class=\"image ho-image\"\/>\u00a9 Roland Schauls<\/p>\n<p id=\"eeA0l4eDta\" data-wc=\"85\">Estos nuevos retratos oficiales se suman a los realizados en agosto, cuando Guillermo y St\u00e9phanie posaron como los futuros Grandes Duques. Aunque en aquella ocasi\u00f3n <a class=\"hm-link ho-link\" href=\"https:\/\/www.hola.com\/realeza\/casa_luxemburgo\/20250812849832\/guillermo-stephanie-luxemburgo-retratos-casi-oficiales\/\" data-mrf-recirculation=\"article-body-link\" rel=\"nofollow noopener\" target=\"_blank\">no eran oficiales.<\/a> Esas im\u00e1genes ten\u00edan el encuadre, la posici\u00f3n y la solemnidad propios de este tipo de representaciones, pero con un toque art\u00edstico que las alejaba de la rigidez institucional de las actuales. <strong>El autor de las mismas fue Jacques Schneider,<\/strong> artista luxemburgu\u00e9s que supo captar la esencia de los protagonistas con un toque moderno, pero cargado de sensibilidad.<\/p>\n<p> <img src=\"https:\/\/www.europesays.com\/es\/wp-content\/uploads\/2025\/10\/efec7db4a7cc-d326a6a23f5b-jai-le-plaisir-de-partager-la-collection-doeuvres-que-jai-initie-po.jpg\"   width=\"820\" height=\"1024\" loading=\"lazy\" decoding=\"async\" alt=\"Media Image\" fetchpriority=\"auto\" class=\"image ho-image\"\/>\u00a9 @jacques_schneider<\/p>\n<p id=\"eSARGK7SUjs\" data-wc=\"63\">Adem\u00e1s, de los retratos oficiales, Guillermo de Luxemburgo tambi\u00e9n tiene ya el <a class=\"hm-link ho-link\" href=\"https:\/\/www.hola.com\/realeza\/casa_luxemburgo\/20250701841480\/guillermo-luxemburgo-monograma\/\" data-mrf-recirculation=\"article-body-link\" rel=\"nofollow noopener\" target=\"_blank\">nuevo monograma de su Ducado,\u00a0<\/a>s\u00edmbolo gr\u00e1fico de la nueva era que comienza ma\u00f1ana para \u00e9l. Fue presentado el pasado mes de julio y este emblema acompa\u00f1ar\u00e1 los actos oficiales y documentos institucionales del nuevo jefe de Estado, marcando el inicio de un nuevo cap\u00edtulo en la historia del Gran Ducado.<\/p>\n<p> <img src=\"https:\/\/www.europesays.com\/es\/wp-content\/uploads\/2025\/10\/f3cca868d0fb-72e66a2ed4de-lux-1.jpg\"   width=\"1024\" height=\"1024\" loading=\"lazy\" decoding=\"async\" alt=\"Media Image\" fetchpriority=\"auto\" class=\"image ho-image\"\/>\u00a9 \u00a9 courgrandducale<br \/>\nTodo listo para la ceremonia de abdicaci\u00f3n<\/p>\n<p id=\"eqnQeN8kkxD\" data-wc=\"71\">Este cambio de reinado, <strong>anunciado por el Gran Duque Enrique en su discurso navide\u00f1o de 2024,\u00a0<\/strong>ha sido cuidadosamente preparado durante meses. En octubre del a\u00f1o pasado, el monarca nombr\u00f3 a su primog\u00e9nito como lugarteniente, cedi\u00e9ndole parte de sus poderes constitucionales. Desde entonces, el heredero ha asumido progresivamente <a class=\"hm-link ho-link\" href=\"https:\/\/www.hola.com\/realeza\/casa_luxemburgo\/20241008722827\/enrique-guillermo-luxemburgo-conversacion-traspaso-poderes\/\" data-mrf-recirculation=\"article-body-link\" rel=\"nofollow noopener\" target=\"_blank\">sus nuevas responsabilidades,\u00a0<\/a>confesando sentirse \u201calgo estresado\u201d ante el reto, mientras su padre se mostraba \u201caliviado\u201d por poder iniciar una nueva etapa vital.<\/p>\n<p> <img src=\"https:\/\/www.europesays.com\/es\/wp-content\/uploads\/2025\/10\/672d3d46758f-gettyimages-51395484.jpg\"   width=\"1024\" height=\"756\" loading=\"lazy\" decoding=\"async\" alt=\"07 October 2000: el pr\u00edncipe Enrique se convierte en Gran Duque de Luxemburgo tras la abdicaci\u00f3n de su padre\" fetchpriority=\"auto\" class=\"image ho-image\"\/>\u00a9 AFP via Getty Images<\/p>\n<p> <img src=\"https:\/\/www.europesays.com\/es\/wp-content\/uploads\/2025\/10\/36bd2eebff9a-lux8.jpg\"   width=\"1024\" height=\"512\" loading=\"lazy\" decoding=\"async\" alt=\"Guillermo de Luxemburgo y Enrique de Luxemburgo el 8 de septiembre de 2024\" fetchpriority=\"auto\" class=\"image ho-image\"\/>\u00a9 monarchie.lu<\/p>\n<p id=\"eC9hu4x09i\" data-wc=\"107\">La <a class=\"hm-link ho-link\" href=\"https:\/\/www.hola.com\/realeza\/casa_luxemburgo\/20250707842654\/hoja-de-ruta-abdicacion-enrique-de-luxemburgo-nueva-era-del-principe-guillermo\/\" data-mrf-recirculation=\"article-body-link\" rel=\"nofollow noopener\" target=\"_blank\">ceremonia de abdicaci\u00f3n<\/a> tendr\u00e1 lugar en el Palacio Gran Ducal a las 10:00 horas, seguida por el juramento de Guillermo de Luxemburgo como nuevo Gran Duque en la C\u00e1mara de Diputados. Al mediod\u00eda,<strong>\u00a0la familia Gran Ducal saludar\u00e1 desde el balc\u00f3n del palacio<\/strong>, y m\u00e1s tarde habr\u00e1 un encuentro de los Grandes Duques con los ciudadanos en la plaza Guillermo II de la ciudad y la posterior recepci\u00f3n con autoridades. El broche de oro a esta inolvidable jornada se producir\u00e1 por la tarde noche, donde habr\u00e1 una cena de gala en el Palacio Gran Ducal, la primera como nuevo jefe del Estado de Guillermo de Luxemburgo.\u00a0<\/p>\n<p id=\"eb-EwY4qRja\" data-wc=\"55\">Guillermo de Luxemburgo, de 43 a\u00f1os, est\u00e1 casado desde 2012 con la princesa St\u00e9phanie, de 41, con quien tiene d<strong>os hijos: el pr\u00edncipe Charles y el peque\u00f1o Fran\u00e7ois.\u00a0<\/strong>La pareja ha ganado popularidad por su cercan\u00eda y compromiso con las causas sociales, y se espera que aporten un aire renovado a la Casa Ducal luxemburguesa.<\/p>\n<p> <img src=\"https:\/\/www.europesays.com\/es\/wp-content\/uploads\/2025\/10\/ce1a92dc79e8-gettyimages-2221821595.jpg\"   width=\"1024\" height=\"682\" loading=\"lazy\" decoding=\"async\" alt=\"El recibimiento del nuevo duque de Luxemburgo: el pr\u00edncipe Guillermo\" fetchpriority=\"auto\" class=\"image ho-image\"\/>\u00a9 Getty Images<\/p>\n<p id=\"eT7m3lzP5x-\" data-wc=\"72\">Mientras el pa\u00eds cuenta las horas para el relevo, la familia Gran Ducal repasa con emoci\u00f3n los momentos vividos. Fotograf\u00edas in\u00e9ditas de su colecci\u00f3n privada han sido compartidas en los \u00faltimos d\u00edas, mostrando escenas familiares entra\u00f1ables y recuerdos de una etapa que llega a su fin. Enrique y Mar\u00eda Teresa de Luxemburgo se despiden con gratitud y confianza, seguros de que los nuevos Grandes Duques, Guillermo y St\u00e9phanie, continuar\u00e1n con su legado.<\/p>\n","protected":false},"excerpt":{"rendered":"Luxemburgo se prepara para vivir uno de los momentos m\u00e1s trascendentales de su historia reciente. Este viernes, 3&hellip;\n","protected":false},"author":2,"featured_media":153903,"comment_status":"","ping_status":"","sticky":false,"template":"","format":"standard","meta":{"footnotes":""},"categories":[174],"tags":[255,43541,146,147,25,24,256,20652,1027,20654,23],"class_list":{"0":"post-153902","1":"post","2":"type-post","3":"status-publish","4":"format-standard","5":"has-post-thumbnail","7":"category-famosos","8":"tag-celebrities","9":"tag-enrique-de-luxemburgo","10":"tag-entertainment","11":"tag-entretenimiento","12":"tag-es","13":"tag-espana","14":"tag-famosos","15":"tag-guillermo-de-luxemburgo","16":"tag-realeza","17":"tag-realeza-luxemburgo","18":"tag-spain"},"share_on_mastodon":{"url":"","error":""},"_links":{"self":[{"href":"https:\/\/www.europesays.com\/es\/wp-json\/wp\/v2\/posts\/153902","targetHints":{"allow":["GET"]}}],"collection":[{"href":"https:\/\/www.europesays.com\/es\/wp-json\/wp\/v2\/posts"}],"about":[{"href":"https:\/\/www.europesays.com\/es\/wp-json\/wp\/v2\/types\/post"}],"author":[{"embeddable":true,"href":"https:\/\/www.europesays.com\/es\/wp-json\/wp\/v2\/users\/2"}],"replies":[{"embeddable":true,"href":"https:\/\/www.europesays.com\/es\/wp-json\/wp\/v2\/comments?post=153902"}],"version-history":[{"count":0,"href":"https:\/\/www.europesays.com\/es\/wp-json\/wp\/v2\/posts\/153902\/revisions"}],"wp:featuredmedia":[{"embeddable":true,"href":"https:\/\/www.europesays.com\/es\/wp-json\/wp\/v2\/media\/153903"}],"wp:attachment":[{"href":"https:\/\/www.europesays.com\/es\/wp-json\/wp\/v2\/media?parent=153902"}],"wp:term":[{"taxonomy":"category","embeddable":true,"href":"https:\/\/www.europesays.com\/es\/wp-json\/wp\/v2\/categories?post=153902"},{"taxonomy":"post_tag","embeddable":true,"href":"https:\/\/www.europesays.com\/es\/wp-json\/wp\/v2\/tags?post=153902"}],"curies":[{"name":"wp","href":"https:\/\/api.w.org\/{rel}","templated":true}]}}