{"id":153910,"date":"2025-10-03T01:38:14","date_gmt":"2025-10-03T01:38:14","guid":{"rendered":"https:\/\/www.europesays.com\/es\/153910\/"},"modified":"2025-10-03T01:38:14","modified_gmt":"2025-10-03T01:38:14","slug":"una-psicologa-explica-por-que-hay-gente-que-se-desmaya-con-las-agujas-nuestro-cuerpo-quiere-preservar-nuestra-supervivencia-sociedad","status":"publish","type":"post","link":"https:\/\/www.europesays.com\/es\/153910\/","title":{"rendered":"Una psic\u00f3loga explica por qu\u00e9 hay gente que se desmaya con las agujas: \u00abNuestro cuerpo quiere preservar nuestra supervivencia\u00bb | Sociedad"},"content":{"rendered":"<p class=\"loc\">Madrid<\/p>\n<p>La segunda temporada del programa de Manuel Burque, Me pasa una cosa, ha comenzado con una de las fobias m\u00e1s comunes: el miedo a las agujas. Un terror que ha confesado tener la actriz Silvia Alonso, quien ha dicho que teme \u00abque le saquen sangre, le pongan una v\u00eda&#8230;\u00bb. Cualquier pinchazo no es bien recibido por la actriz, que, como much\u00edsimas personas, sufre esta fobia, la cual ha sido explicada detenidamente por la psic\u00f3loga del programa, Lorena Gasc\u00f3n.<\/p>\n<p>M\u00e1s informaci\u00f3n<\/p>\n<p>La psic\u00f3loga ha se\u00f1alado que las fobias a las inyecciones o a la sangre tienen una peculiaridad que no suele darse en otros miedos: una respuesta en dos fases. \u00abUna fase de tensi\u00f3n, taquicardia, aumento de la presi\u00f3n arterial y tambi\u00e9n de la respiraci\u00f3n\u00bb, seguida de todo lo contrario: el desplome de la presi\u00f3n arterial e incluso el desmayo.<\/p>\n<p>Dos respuestas totalmente opuestas<\/p>\n<p>Gasc\u00f3n ha analizado esta respuesta desde el plano evolutivo, y ha explicado que \u00abcuando tu cuerpo ve que puede haber un peligro, lo primero que hace es tensarte y aumentar tu frecuencia card\u00edaca para que te pongas a salvo\u00bb, algo que cambia dr\u00e1sticamente de repente.<\/p>\n<p>La psic\u00f3loga aseguraba que el cuerpo, cuando cree que ya te has pinchado, \u00ablo que hace es intentar que pares para preservar la sangre y que no te mueras, y por eso te hace desmayarte\u00bb, todo con el objetivo, incid\u00eda Gasc\u00f3n, de \u00abpreservar la supervivencia\u00bb.<\/p>\n<p>Esta es una fobia que, seg\u00fan Alonso, ha tratado en terapia, donde realizaba simulacros de an\u00e1lisis y ejercicios. La actriz confesaba que durante mucho tiempo llev\u00f3 un neceser lleno de agujas y \u00abten\u00eda que jugar y acerc\u00e1rselas para ver que no pasaba nada\u00bb. Adem\u00e1s, acompa\u00f1aba a su madre para que se hiciera anal\u00edticas y se obligaba a mirar cuando le sacaban sangre.<\/p>\n<p>La fobia lleg\u00f3 a tal punto, admit\u00eda Alonso, que estaba desesperada y termin\u00f3 desarrollando una fuerte hipocondr\u00eda. \u00abPensaba que me iba a morir porque no pod\u00eda ir al m\u00e9dico, entonces ten\u00eda la necesidad de chequearme y comprobar que todo estaba bien en mi cuerpo\u00bb, sentenciaba la actriz.<\/p>\n<p><img decoding=\"async\" src=\"https:\/\/www.europesays.com\/es\/wp-content\/uploads\/2025\/10\/https:\/\/sdmedia.playser.cadenaser.com\/playser\/image\/20257\/07\/1751906535_asset_still.png\" alt=\"Me pasa una cosa 2x01 | A Silvia Alonso le dan miedo las agujas\" width=\"655\"   loading=\"lazy\"\/><\/p>\n<p class=\"tit\">Me pasa una cosa 2&#215;01 | A Silvia Alonso le dan miedo las agujas<\/p>\n<p>00:00:0042:13<\/p>\n<p>El c\u00f3digo iframe se ha copiado en el portapapeles<\/p>\n<p>FacebookTwitterLinkedinWhatsAppCerrar<\/p>\n","protected":false},"excerpt":{"rendered":"Madrid La segunda temporada del programa de Manuel Burque, Me pasa una cosa, ha comenzado con una de&hellip;\n","protected":false},"author":2,"featured_media":153911,"comment_status":"","ping_status":"","sticky":false,"template":"","format":"standard","meta":{"footnotes":""},"categories":[91],"tags":[146,147,25,24,28512,46319,46320,46321,23],"class_list":{"0":"post-153910","1":"post","2":"type-post","3":"status-publish","4":"format-standard","5":"has-post-thumbnail","7":"category-entretenimiento","8":"tag-entertainment","9":"tag-entretenimiento","10":"tag-es","11":"tag-espana","12":"tag-examination","13":"tag-healthcare-center","14":"tag-physician","15":"tag-reassurance","16":"tag-spain"},"share_on_mastodon":{"url":"","error":""},"_links":{"self":[{"href":"https:\/\/www.europesays.com\/es\/wp-json\/wp\/v2\/posts\/153910","targetHints":{"allow":["GET"]}}],"collection":[{"href":"https:\/\/www.europesays.com\/es\/wp-json\/wp\/v2\/posts"}],"about":[{"href":"https:\/\/www.europesays.com\/es\/wp-json\/wp\/v2\/types\/post"}],"author":[{"embeddable":true,"href":"https:\/\/www.europesays.com\/es\/wp-json\/wp\/v2\/users\/2"}],"replies":[{"embeddable":true,"href":"https:\/\/www.europesays.com\/es\/wp-json\/wp\/v2\/comments?post=153910"}],"version-history":[{"count":0,"href":"https:\/\/www.europesays.com\/es\/wp-json\/wp\/v2\/posts\/153910\/revisions"}],"wp:featuredmedia":[{"embeddable":true,"href":"https:\/\/www.europesays.com\/es\/wp-json\/wp\/v2\/media\/153911"}],"wp:attachment":[{"href":"https:\/\/www.europesays.com\/es\/wp-json\/wp\/v2\/media?parent=153910"}],"wp:term":[{"taxonomy":"category","embeddable":true,"href":"https:\/\/www.europesays.com\/es\/wp-json\/wp\/v2\/categories?post=153910"},{"taxonomy":"post_tag","embeddable":true,"href":"https:\/\/www.europesays.com\/es\/wp-json\/wp\/v2\/tags?post=153910"}],"curies":[{"name":"wp","href":"https:\/\/api.w.org\/{rel}","templated":true}]}}