{"id":153915,"date":"2025-10-03T01:41:09","date_gmt":"2025-10-03T01:41:09","guid":{"rendered":"https:\/\/www.europesays.com\/es\/153915\/"},"modified":"2025-10-03T01:41:09","modified_gmt":"2025-10-03T01:41:09","slug":"asi-fue-detenido-pequeno-j-el-hijo-de-un-capo-peruano-admirador-de-tony-montana-acusado-del-triple-feminicidio-en-argentina-el-pais","status":"publish","type":"post","link":"https:\/\/www.europesays.com\/es\/153915\/","title":{"rendered":"As\u00ed fue detenido Peque\u00f1o J, el hijo de un capo peruano admirador de Tony Montana acusado del triple feminicidio en Argentina &#8211; EL PA\u00cdS"},"content":{"rendered":"<ol>\n<li><a href=\"https:\/\/news.google.com\/rss\/articles\/CBMi_AFBVV95cUxOcjh2MktXNVNPM1N5amNfLURka2c4Ml8wRDN5VzFNSWxwbDE5ZW9uZFRkUTA5cFVfQi1ENnI2d2pvbFJjZmdvanJ5Z0M3N2o4UkE2d1JxU2xSWS1mNWh1UTVnNk1xSTRHcFFXTUc1VUl3ODVKS2ZISnBTVFFtOEY2N3ZjWHFRb3hndjhVMW9yYjJhWFJMOFVRYVdNZWNKNGJheVEwQkxxam9COGg5WkF1YnEzU1I3M1FNUUxiZVF3R1FMeU5FbXpxSzQ4cHJfUG5GbENpVVcwQXVzQUlqM3BvbTFwYzNhekRDbXJlZmhBbFVtVkpEN0ZibE11ZEg?oc=5\" target=\"_blank\" rel=\"nofollow noopener\">As\u00ed fue detenido Peque\u00f1o J, el hijo de un capo peruano admirador de Tony Montana acusado del triple feminicidio en Argentina<\/a>&nbsp;&nbsp;EL PA\u00cdS<\/li>\n<li><a href=\"https:\/\/news.google.com\/rss\/articles\/CBMiW0FVX3lxTE52SG1KN3hRd1p1cmM4alU2cG56S0xPTE1pUnFESFhLWTJhcnlpdVIxYUdtTTlsaWNyYXdUTUJlMEpYZy12ZUdWaTJxcXY0bWF0b21uUTJkSzVRWEE?oc=5\" target=\"_blank\" rel=\"nofollow noopener\">La captura en Per\u00fa de \u00abPeque\u00f1o J\u00bb, el joven sospechoso de ordenar el brutal asesinato de tres mujeres en Argentina<\/a>&nbsp;&nbsp;BBC<\/li>\n<li><a href=\"https:\/\/news.google.com\/rss\/articles\/CBMitAFBVV95cUxPM2tvcWdzcFUwb214ekZnLXlvU1ZCdVZxTkw4T1dhSEJNdExjbmxIZjVrUUdfY1dhQjNJbEZMdHg1U19IVUNITjdzdTJmMDd0VU80THoyZFY3WWMtaFJXWll0cHBtdEpSQzFqM1o2a1hVWFNxaWppaTdLLWtsUE9LMGtlT09IM05kUmxpLUxRanJSUE9tdXBQUlBYODI5SEFLUk5EV0s2MHd4VkhOZE9tQVhrRnk?oc=5\" target=\"_blank\" rel=\"nofollow noopener\">Entregan a Argentina a uno de los sospechosos del triple feminicidio que conmocion\u00f3 al pa\u00eds<\/a>&nbsp;&nbsp;ABC<\/li>\n<li><a href=\"https:\/\/news.google.com\/rss\/articles\/CBMi2AFBVV95cUxPNnZ3UU5tSlhlMDBkcXRCUWdjdDJhRlR4SWh1X0hMdWZHajJ2b2xtY01WZ3FLNjRlOUdCX2R0S1NDeGZBem5BWEtSYWlKc3FFNG5lVGN6X1V1LXlEZGQtY2pnNUFvU3RVVXh3WFcyTGFjUjhKNS1tYnNiUWtBRFFyYmN2QUpMVmg1d24yUzRBN2pQTWJSQVRiVWQ1NzVfQ3ZfNHkyR2FEeVdLZHA5elNRODlzZkdZX0szTTdxNGlmRWQxNjZjaEsza3RCSlJLVDlJd0pZaDN3S1nSAd4BQVVfeXFMTnVKenNRXzV1ME1kcmR3S3pPc2g1bC1fRUNOUFdhSkN2amZXUHJjMGktNFBtbHV2aUFGbjhKZWlFaWw4dzBmRjIyRUg1bWpQQnVUUnZoekd1Z2VSb05wOVdSTzd1cWxYYmFKY1I5ZE0xeEc0SWFucFZySFFVSDlfWEd1aUpqeXoyb2xaWmI5NnZNU1VKclR4aU92Mi1qRWJwbXlyTTdTdWJCUzEza1ZLXy1PUzMyV2pqX3g3U0pNVTdES1VnLWFDQUdHUlN2elphOU9QN19sdlVIWE1fVVR3?oc=5\" target=\"_blank\" rel=\"nofollow noopener\">La historia del Peque\u00f1o J, el ni\u00f1o criado para ser narco y el sangriento final de su padre: \u201cToda la vida bandido\u201d<\/a>&nbsp;&nbsp;La Vanguardia<\/li>\n<li><a href=\"https:\/\/news.google.com\/rss\/articles\/CBMirAFBVV95cUxQSlhrdUlwdHhkUzlneU5ScjVxekdnLVVfSnpEdC1vbzFNcEFKMjJkVmt3Q051VUR2NnVxbjNzSDBLdHBvVnZza3QxcEo3dEJ6UW1XYlVScVZWQW5KUnlLSEh6aFB4Z0lFZTRVbDlPYXZiTnFXVTVsSGVLNTZOTktrZWFMYjVjS0hUSUJDTG90b2c2NXhod3IwU3AwTjhiWl8xMDZvZ0l6bUNKS0d0?oc=5\" target=\"_blank\" rel=\"nofollow noopener\">Per\u00fa entrega a Argentina a presunto c\u00f3mplice del triple feminicidio de Buenos Aires<\/a>&nbsp;&nbsp;ABC<\/li>\n<\/ol>\n","protected":false},"excerpt":{"rendered":"As\u00ed fue detenido Peque\u00f1o J, el hijo de un capo peruano admirador de Tony Montana acusado del triple&hellip;\n","protected":false},"author":2,"featured_media":153743,"comment_status":"","ping_status":"","sticky":false,"template":"","format":"standard","meta":{"footnotes":""},"categories":[42],"tags":[17,18,13,14,11,61,62,63,64,19,20,9,10,15,16,12,21,22,65,66,67],"class_list":{"0":"post-153915","1":"post","2":"type-post","3":"status-publish","4":"format-standard","5":"has-post-thumbnail","7":"category-internacional","8":"tag-breaking-news","9":"tag-breakingnews","10":"tag-featured-news","11":"tag-featurednews","12":"tag-headlines","13":"tag-internacional","14":"tag-international","15":"tag-international-news","16":"tag-internationalnews","17":"tag-latest-news","18":"tag-latestnews","19":"tag-news","20":"tag-noticias","21":"tag-noticias-destacadas","22":"tag-noticiasdestacadas","23":"tag-titulares","24":"tag-ultimas-noticias","25":"tag-ultimasnoticias","26":"tag-world","27":"tag-world-news","28":"tag-worldnews"},"share_on_mastodon":{"url":"","error":""},"_links":{"self":[{"href":"https:\/\/www.europesays.com\/es\/wp-json\/wp\/v2\/posts\/153915","targetHints":{"allow":["GET"]}}],"collection":[{"href":"https:\/\/www.europesays.com\/es\/wp-json\/wp\/v2\/posts"}],"about":[{"href":"https:\/\/www.europesays.com\/es\/wp-json\/wp\/v2\/types\/post"}],"author":[{"embeddable":true,"href":"https:\/\/www.europesays.com\/es\/wp-json\/wp\/v2\/users\/2"}],"replies":[{"embeddable":true,"href":"https:\/\/www.europesays.com\/es\/wp-json\/wp\/v2\/comments?post=153915"}],"version-history":[{"count":0,"href":"https:\/\/www.europesays.com\/es\/wp-json\/wp\/v2\/posts\/153915\/revisions"}],"wp:featuredmedia":[{"embeddable":true,"href":"https:\/\/www.europesays.com\/es\/wp-json\/wp\/v2\/media\/153743"}],"wp:attachment":[{"href":"https:\/\/www.europesays.com\/es\/wp-json\/wp\/v2\/media?parent=153915"}],"wp:term":[{"taxonomy":"category","embeddable":true,"href":"https:\/\/www.europesays.com\/es\/wp-json\/wp\/v2\/categories?post=153915"},{"taxonomy":"post_tag","embeddable":true,"href":"https:\/\/www.europesays.com\/es\/wp-json\/wp\/v2\/tags?post=153915"}],"curies":[{"name":"wp","href":"https:\/\/api.w.org\/{rel}","templated":true}]}}