{"id":153916,"date":"2025-10-03T01:42:16","date_gmt":"2025-10-03T01:42:16","guid":{"rendered":"https:\/\/www.europesays.com\/es\/153916\/"},"modified":"2025-10-03T01:42:16","modified_gmt":"2025-10-03T01:42:16","slug":"el-juez-peinado-propone-el-juicio-con-jurado-para-begona-gomez-por-otros-4-delitos","status":"publish","type":"post","link":"https:\/\/www.europesays.com\/es\/153916\/","title":{"rendered":"El juez Peinado propone el juicio con jurado para Bego\u00f1a G\u00f3mez por otros 4 delitos"},"content":{"rendered":"<p>El titular del Juzgado de Instrucci\u00f3n n\u00famero 41 de Madrid, <strong>Juan Carlos Peinado, <\/strong>ha decidido iniciar el proceso del jurado popular tambi\u00e9n con los otros cuatro delitos que formaban parte de la investigaci\u00f3n en la que permanece imputada <strong>Bego\u00f1a G\u00f3mez<\/strong>. Se trata del delito de tr\u00e1fico de influencias, corrupci\u00f3n en los negocios, apropiaci\u00f3n indebida e intrusismo. El magistrado incluye tambi\u00e9n en esta parte de la causa al empresario <strong>Juan Carlos Barrab\u00e9s<\/strong> y a la asesora de la Moncloa <strong>Cristina \u00c1lvarez<\/strong> a quienes cita el pr\u00f3ximo 6 de octubre. <\/p>\n<p>Seg\u00fan un nuevo escrito, al que ha tenido acceso El Independiente, Peinado transforma la causa: \u00abSe acuerda la incoaci\u00f3n de procedimiento para el juicio ante el Tribunal del Jurado figurando como investigado\/s Juan Carlos Barrab\u00e9s Consul, Mar\u00eda Bego\u00f1a Fern\u00e1ndez y Mar\u00eda Cristina \u00c1lvarez Rodr\u00edguez\u00bb.  El delito de<strong> tr\u00e1fico de influencias es uno de los que la ley menciona en la competencia este tipo de juicios<\/strong> con ciudadanos legos de Derecho y ese delito arrastrar\u00eda a los dem\u00e1s, indican las fuentes jur\u00eddicas consultadas. <\/p>\n<p>Este tr\u00e1mite es id\u00e9ntico al que realiz\u00f3 Peinado la semana pasada \u00fanicamente con la pieza separada de la<strong> malversaci\u00f3n.<\/strong> Ahora, hace lo propio en la pieza principal que era en la que se indagaba, por ejemplo, la creaci\u00f3n del software o la adjudicaci\u00f3n de contratos p\u00fablicos por parte de Red.es al empresario af\u00edn a G\u00f3mez <strong>Juan Carlos Barrab\u00e9s<\/strong>, que a su vez era profesor del m\u00e1ster que ella dirig\u00eda en la Universidad Complutense. <\/p>\n<p>Este s\u00e1bado se celebr\u00f3 la comparecencia a la que finalmente no acudieron los imputados y s\u00f3lo lo hicieron los abogados y la Fiscal\u00eda para defender el archivo de la causa. <strong>Hazte O\u00edr, <\/strong>por su parte, que ejerce de acusaci\u00f3n popular principal (las dem\u00e1s est\u00e1n unificadas) defendi\u00f3 la continuidad de la investigaci\u00f3n y que se llamara a declarar nuevamente tanto al presidente del Gobierno, <strong>Pedro S\u00e1nchez<\/strong>, como al ministro de Presidencia, Justicia y Relaci\u00f3n con las Cortes, <strong>F\u00e9lix Bola\u00f1os<\/strong>, entre otros. <\/p>\n<p>En el nuevo auto con fecha de este 2 de octubre, Peinado \u00abconvoca a comparecencia a los investigados, al Ministerio Fiscal y, en su caso, a las dem\u00e1s partes personadas, se\u00f1al\u00e1ndose a tal fin el<strong> pr\u00f3ximo 6\/10\/2025 a las 17:30&#8243;. <\/strong><\/p>\n<p>A pesar de que ha habido controversia por el hecho de que el juez desgajara el delito de malversaci\u00f3n del resto, acusaciones populares como Iustitia Europa sostienen que se est\u00e1 cumpliendo la norma: \u00abAl transformar las diligencias en un procedimiento para el tribunal de jurado, aplica de forma rigurosa la ley y la doctrina consiolidada. Constata que los hechos investigados revisten, entre otros caracteres de un delito de tr\u00e1fico de influencias, cuya competencia est\u00e1 atribuida por ley al jurado\u00bb. <\/p>\n<p>Qu\u00e9 se investiga en la causa principal <\/p>\n<p>El &#8216;caso Bego\u00f1a G\u00f3mez&#8217; arranc\u00f3 el pasado 16 de abril cuando Juan Carlos Peinado inici\u00f3 una investigaci\u00f3n a ra\u00edz de una denuncia de Manos Limpias. Inicialmente los hechos se circunscrib\u00edan a la adjudicaci\u00f3n de unos contratos del organismo semi p\u00fablico Red.es a la consultora de Barrab\u00e9s (<strong>Innova Next<\/strong>) en conjunci\u00f3n con otra empresa (The Valley) tras unas cartas de apoyo que inclu\u00edan la firma de la propia Bego\u00f1a G\u00f3mez. <\/p>\n<p>A partir de ah\u00ed se fueron desplegando distintas l\u00edneas de investigaci\u00f3n que la Audiencia Provincial de Madrid fue acotando o avalando. Puso freno, por ejemplo, al rescate de Air Europa, pero s\u00ed permiti\u00f3 seguir adelante con la indagaci\u00f3n de si la creaci\u00f3n de un software que Bego\u00f1a G\u00f3mez pretend\u00eda implementar a trav\u00e9s de su c\u00e1tedra en la Universidad Complutense y puso a su nombre. Por eso, existe el delito de apropiaci\u00f3n indebida y el de intrusismo. <\/p>\n<p>Los magistrados del tribunal superior, igualmente, decidieron dar luz verde a las diligencias de Peinado para esclarecer si Cristina \u00c1lvarez, contratada por La Moncloa en 2018, hab\u00eda ayudado desde 2021 hasta 2024 a G\u00f3mez en su actividad laboral privada, es decir, en lo relativo al m\u00e1ster. <\/p>\n<p>De manera \u00abespor\u00e1dica\u00bb<\/p>\n<p>El acta de la \u00faltima declaraci\u00f3n de la propia Bego\u00f1a G\u00f3mez, que se ha conocido este jueves, se\u00f1ala que, seg\u00fan su versi\u00f3n, solicit\u00f3 a \u00c1lvarez \u00abde manera muy excepcional\u00bb \u00bb \u00abenviar alg\u00fan mensaje por correo\u00bb a la c\u00e1tedra. <\/p>\n<p>La esposa del presidente del Gobierno dijo al juez que \u00abpor la relaci\u00f3n de confianza\u00bb que ten\u00eda con su asistente pidi\u00f3 esto como un favor, pero que ella \u00abha cumplido perfectamente el desempe\u00f1o de sus funciones\u00bb. <\/p>\n<p>PUBLICIDAD<\/p>\n","protected":false},"excerpt":{"rendered":"El titular del Juzgado de Instrucci\u00f3n n\u00famero 41 de Madrid, Juan Carlos Peinado, ha decidido iniciar el proceso&hellip;\n","protected":false},"author":2,"featured_media":153917,"comment_status":"","ping_status":"","sticky":false,"template":"","format":"standard","meta":{"footnotes":""},"categories":[8],"tags":[2963,17,18,25,24,13,14,11,19,20,9,10,15,16,23,12,493,21,22],"class_list":{"0":"post-153916","1":"post","2":"type-post","3":"status-publish","4":"format-standard","5":"has-post-thumbnail","7":"category-espana","8":"tag-begona-gomez","9":"tag-breaking-news","10":"tag-breakingnews","11":"tag-es","12":"tag-espana","13":"tag-featured-news","14":"tag-featurednews","15":"tag-headlines","16":"tag-latest-news","17":"tag-latestnews","18":"tag-news","19":"tag-noticias","20":"tag-noticias-destacadas","21":"tag-noticiasdestacadas","22":"tag-spain","23":"tag-titulares","24":"tag-tribunales","25":"tag-ultimas-noticias","26":"tag-ultimasnoticias"},"share_on_mastodon":{"url":"","error":""},"_links":{"self":[{"href":"https:\/\/www.europesays.com\/es\/wp-json\/wp\/v2\/posts\/153916","targetHints":{"allow":["GET"]}}],"collection":[{"href":"https:\/\/www.europesays.com\/es\/wp-json\/wp\/v2\/posts"}],"about":[{"href":"https:\/\/www.europesays.com\/es\/wp-json\/wp\/v2\/types\/post"}],"author":[{"embeddable":true,"href":"https:\/\/www.europesays.com\/es\/wp-json\/wp\/v2\/users\/2"}],"replies":[{"embeddable":true,"href":"https:\/\/www.europesays.com\/es\/wp-json\/wp\/v2\/comments?post=153916"}],"version-history":[{"count":0,"href":"https:\/\/www.europesays.com\/es\/wp-json\/wp\/v2\/posts\/153916\/revisions"}],"wp:featuredmedia":[{"embeddable":true,"href":"https:\/\/www.europesays.com\/es\/wp-json\/wp\/v2\/media\/153917"}],"wp:attachment":[{"href":"https:\/\/www.europesays.com\/es\/wp-json\/wp\/v2\/media?parent=153916"}],"wp:term":[{"taxonomy":"category","embeddable":true,"href":"https:\/\/www.europesays.com\/es\/wp-json\/wp\/v2\/categories?post=153916"},{"taxonomy":"post_tag","embeddable":true,"href":"https:\/\/www.europesays.com\/es\/wp-json\/wp\/v2\/tags?post=153916"}],"curies":[{"name":"wp","href":"https:\/\/api.w.org\/{rel}","templated":true}]}}