{"id":153918,"date":"2025-10-03T01:43:19","date_gmt":"2025-10-03T01:43:19","guid":{"rendered":"https:\/\/www.europesays.com\/es\/153918\/"},"modified":"2025-10-03T01:43:19","modified_gmt":"2025-10-03T01:43:19","slug":"donde-esta-beatriz-guijarro-53-dias-desaparecida-y-un-cadaver-calcinado-con-su-movil-al-lado","status":"publish","type":"post","link":"https:\/\/www.europesays.com\/es\/153918\/","title":{"rendered":"\u00bfD\u00f3nde est\u00e1 Beatriz Guijarro? 53 d\u00edas desaparecida y un cad\u00e1ver calcinado con su m\u00f3vil al lado"},"content":{"rendered":"<p class=\"paragraph\">En la madrugada del 8 al 9 de agosto fue la \u00faltima vez que se le pudo ver con vida a <b>Beatriz Guijarro<\/b>. Su rastro se pierde dejando diversas inc\u00f3gnitas sobre la mesa: \u00bfPor qu\u00e9 sali\u00f3 de casa tras llegar a ella tras estar con su pareja? \u00bfPor qu\u00e9 se cambi\u00f3 de ropa y acab\u00f3 en casa de una familiar? Las desapariciones siempre dejan preguntas sin respuesta, hasta que los investigadores dan con un hallazgo. Este mi\u00e9rcoles unos senderistas se toparon con un cad\u00e1ver completamente calcinado en una monta\u00f1a pr\u00f3xima a la localidad valenciana de <b>Oliva<\/b>. La <a href=\"https:\/\/www.eldebate.com\/temas\/guardia-civil\/\" title=\"Guardia Civil\" rel=\"nofollow noopener\" target=\"_blank\">Guardia Civil<\/a> investiga ahora si se trata de Bea y m\u00e1s tras hallar en el lugar ciertos objetos personales de la madre de dos ni\u00f1os en una monta\u00f1a arrasada hace un mes por un incendio forestal.<\/p>\n<p class=\"paragraph\">Era una noche de agosto ciertamente normal en <b>Oliva<\/b>. Beatriz y Juanjo son pareja desde hace unos meses. Andan por la calle juntos antes de que se despidan para alcanzar cada uno su vivienda particular sobre las 00.30 horas. Juanjo no ha vuelto a ver con vida a su novia, pero no fue la \u00faltima persona que la vio aquella noche. \u00c9l relata que en ning\u00fan momento <b>Bea <\/b>le dijo que fuera a salir de su casa, pero s\u00ed lo hizo.<\/p>\n<p class=\"paragraph\">Las c\u00e1maras de seguridad de diferentes comercios y establecimientos captaron como <b>Beatriz<\/b>, tras un tiempo en su casa, sal\u00eda de nuevo a las calles de Oliva, pero lo hac\u00eda muy pendiente del tel\u00e9fono m\u00f3vil y con otra vestimenta. \u00bfQu\u00e9 le hizo salir de madrugada?<\/p>\n<p>            <a href=\"#\" title=\"\"><br \/>\n                <img decoding=\"async\" loading=\"lazy\" width=\"120px\" height=\"90px\" alt=\"Imagen de la plantaci\u00f3n de marihuana incautada en un chalet de la Vila Joiosa&#13;&#10;&#13;&#10;REMITIDA \/ HANDOUT por GUARDIA CIVIL&#13;&#10;Fotograf\u00eda remitida a medios de comunicaci\u00f3n exclusivamente para ilustrar la noticia a la que hace referencia la imagen, y citando la procedencia de la imagen en la firma&#13;&#10;02\/10\/2025\" src=\"https:\/\/imagenes.eldebate.com\/files\/related_image\/uploads\/2025\/10\/02\/68de58c7ec7e6.jpeg\" data-full-src=\"https:\/\/www.europesays.com\/es\/wp-content\/uploads\/2025\/10\/68de58c7ec7e6.jpeg\"\/><br \/>\n            <\/a><\/p>\n<p class=\"paragraph\">S\u00ed se sabe que la joven de<b> 29 a\u00f1os<\/b> acab\u00f3 en la vivienda de una familiar materna y se le pierde el rastro por completo a partir de las 03 horas de esa madrugada, cuando fue vista con un vecino del municipio. Desde aquel d\u00eda no ha habido ninguna pista para saber d\u00f3nde est\u00e1 <b>Beatriz<\/b>. Hasta el 1 de octubre.<\/p>\n<p class=\"paragraph\">Unos senderistas caminan por el <b>paraje de La Creu<\/b>, una monta\u00f1a que a principios de septiembre registr\u00f3 un <b>incendio <\/b>forestal. Detalle que no es balad\u00ed para la investigaci\u00f3n, porque el cuerpo hallado est\u00e1 completamente calcinado y en avanzado estado de descomposici\u00f3n.<\/p>\n<p class=\"paragraph\">Los investigadores sospecharon desde el primer momento que el <b>cuerpo hallado<\/b> es el de la joven desaparecida porque la \u00faltima vez que fue vista con vida fue en una ubicaci\u00f3n del pueblo que est\u00e1 ciertamente cerca del paraje.<\/p>\n<p class=\"paragraph\">Tras proceder al levantamiento del cad\u00e1ver, los investigadores han regresado este jueves al paraje, para esclarecer c\u00f3mo puede ser que tras el <b>incendio del 4 de septiembre<\/b> no se hallara el cuerpo que ha aparecido casi un mes despu\u00e9s. La hip\u00f3tesis es que las lluvias de esta semana han erosionado el terreno, dejando a simple vista el cuerpo carbonizado, aunque ser\u00e1 la autopsia la que saque a la luz c\u00f3mo y cu\u00e1ndo falleci\u00f3 la persona hallada. Y lo m\u00e1s importante: <b>si es o no Beatriz Guijarro<\/b>.<\/p>\n<p>            <a href=\"#\" title=\"\"><br \/>\n                <img decoding=\"async\" loading=\"lazy\" width=\"120px\" height=\"90px\" alt=\"Ricardo Ferris, durante su intervenci\u00f3n en el acto de Denaes y el grupo Vox en las Cortes Valencianas.\" src=\"https:\/\/imagenes.eldebate.com\/files\/related_image\/files\/fp\/uploads\/2022\/10\/20\/635184b043ed5.r_d.614-157.jpeg\" data-full-src=\"https:\/\/www.europesays.com\/es\/wp-content\/uploads\/2025\/10\/635184b043ed5.jpeg\"\/><br \/>\n            <\/a><\/p>\n<p class=\"paragraph\">En la matinal de este mi\u00e9rcoles los investigadores han encontrados en las proximidades de la ubicaci\u00f3n en la que estaba el cuerpo el <b>tel\u00e9fono m\u00f3vil y una tarjeta de cr\u00e9dito<\/b> de la mujer desaparecida, provocando que el \u00edndice de probabilidad de que el cuerpo calcinado sea el de Bea aumente considerablemente.<\/p>\n<p class=\"paragraph\">Seg\u00fan apuntan desde Las Provincias, la primera hip\u00f3tesis es que la madre de dos ni\u00f1os pereciera el mismo d\u00eda que fue vista con vida por \u00faltima vez, madrugada en la que habr\u00eda sufrido una ca\u00edda accidental tras consumir estupefacientes.<\/p>\n<p class=\"paragraph\">Tras estudiar al detalle el lugar del <b>hallazgo <\/b>y la correspondiente autopsia al cuerpo llegar\u00e1 el momento de que los investigadores busquen acceder a la informaci\u00f3n del tel\u00e9fono m\u00f3vil, alcanzando a conocer al detalle, por ejemplo, con qui\u00e9n hablaba <b>Beatriz <\/b>tras despedirse de su pareja y con qui\u00e9n pudo contactar hasta la hora de su desaparici\u00f3n.<\/p>\n<p class=\"paragraph\">La investigaci\u00f3n, iniciada por el Equipo de Polic\u00eda Judicial de la Guardia Civil de Gandia cuenta ya con el refuerzo del Grupo de Homicidios de la Comandancia de Valencia.<\/p>\n","protected":false},"excerpt":{"rendered":"En la madrugada del 8 al 9 de agosto fue la \u00faltima vez que se le pudo ver&hellip;\n","protected":false},"author":2,"featured_media":153919,"comment_status":"","ping_status":"","sticky":false,"template":"","format":"standard","meta":{"footnotes":""},"categories":[5],"tags":[17,18,25,24,13,14,11,19,20,9,10,15,16,23,12,21,22],"class_list":{"0":"post-153918","1":"post","2":"type-post","3":"status-publish","4":"format-standard","5":"has-post-thumbnail","7":"category-titulares","8":"tag-breaking-news","9":"tag-breakingnews","10":"tag-es","11":"tag-espana","12":"tag-featured-news","13":"tag-featurednews","14":"tag-headlines","15":"tag-latest-news","16":"tag-latestnews","17":"tag-news","18":"tag-noticias","19":"tag-noticias-destacadas","20":"tag-noticiasdestacadas","21":"tag-spain","22":"tag-titulares","23":"tag-ultimas-noticias","24":"tag-ultimasnoticias"},"share_on_mastodon":{"url":"","error":""},"_links":{"self":[{"href":"https:\/\/www.europesays.com\/es\/wp-json\/wp\/v2\/posts\/153918","targetHints":{"allow":["GET"]}}],"collection":[{"href":"https:\/\/www.europesays.com\/es\/wp-json\/wp\/v2\/posts"}],"about":[{"href":"https:\/\/www.europesays.com\/es\/wp-json\/wp\/v2\/types\/post"}],"author":[{"embeddable":true,"href":"https:\/\/www.europesays.com\/es\/wp-json\/wp\/v2\/users\/2"}],"replies":[{"embeddable":true,"href":"https:\/\/www.europesays.com\/es\/wp-json\/wp\/v2\/comments?post=153918"}],"version-history":[{"count":0,"href":"https:\/\/www.europesays.com\/es\/wp-json\/wp\/v2\/posts\/153918\/revisions"}],"wp:featuredmedia":[{"embeddable":true,"href":"https:\/\/www.europesays.com\/es\/wp-json\/wp\/v2\/media\/153919"}],"wp:attachment":[{"href":"https:\/\/www.europesays.com\/es\/wp-json\/wp\/v2\/media?parent=153918"}],"wp:term":[{"taxonomy":"category","embeddable":true,"href":"https:\/\/www.europesays.com\/es\/wp-json\/wp\/v2\/categories?post=153918"},{"taxonomy":"post_tag","embeddable":true,"href":"https:\/\/www.europesays.com\/es\/wp-json\/wp\/v2\/tags?post=153918"}],"curies":[{"name":"wp","href":"https:\/\/api.w.org\/{rel}","templated":true}]}}