{"id":15392,"date":"2025-07-31T03:31:08","date_gmt":"2025-07-31T03:31:08","guid":{"rendered":"https:\/\/www.europesays.com\/es\/15392\/"},"modified":"2025-07-31T03:31:08","modified_gmt":"2025-07-31T03:31:08","slug":"mas-de-5-000-asistentes-refrendan-el-exito-del-festival-jazz-cadiz","status":"publish","type":"post","link":"https:\/\/www.europesays.com\/es\/15392\/","title":{"rendered":"M\u00e1s de 5.000 asistentes refrendan el \u00e9xito del Festival Jazz C\u00e1diz"},"content":{"rendered":"<p>El interes por los conciertos han despertado gran expectiaci\u00f3n en cada una de sus citas<\/p>\n<p>Se cierra as\u00ed una edici\u00f3n marcada por la madurez, la diversidad y la emoci\u00f3n compartida, consolidando un sello propio dentro del mapa de festivales nacionales<\/p>\n<p>M\u00e1s de 5 mil asistentes refrendan el \u00e9xito del Festival Jazz C\u00e1diz por lo que concluye esta nueva cita cultural con un buen balance de los organizadores de esta d\u00e9cimo octava edici\u00f3n. La Terraza del Parador de C\u00e1diz y el Baluarte de la Candelaria, completaron tres noches con aforo completo y una alt\u00edsima participaci\u00f3n tambi\u00e9n en el resto de jornadas. Y ha sorprendido tambi\u00e9n la integraci\u00f3n en la programaci\u00f3n de la Terraza de Unicaja como nuevo espacio para los conciertos del Festival.\u00a0<\/p>\n<p>En cuanto al perfil del p\u00fablico, cerca del 40\u202f% de las personas asistentes proced\u00edan de C\u00e1diz y su provincia, mientras que el 60\u202f% restante fueron visitantes de otros puntos de Andaluc\u00eda, del resto de Espa\u00f1a y del extranjero, lo que confirma el creciente atractivo tur\u00edstico y cultural del festival.<\/p>\n<p>JazzC\u00e1diz 2025 cierra as\u00ed una edici\u00f3n marcada por la madurez, la diversidad y la emoci\u00f3n compartida, consolidando un sello propio dentro del mapa de festivales nacionales.\u00a0<\/p>\n","protected":false},"excerpt":{"rendered":"El interes por los conciertos han despertado gran expectiaci\u00f3n en cada una de sus citas Se cierra as\u00ed&hellip;\n","protected":false},"author":2,"featured_media":15393,"comment_status":"","ping_status":"","sticky":false,"template":"","format":"standard","meta":{"footnotes":""},"categories":[91],"tags":[4378,146,147,25,24,4376,23,4377],"class_list":{"0":"post-15392","1":"post","2":"type-post","3":"status-publish","4":"format-standard","5":"has-post-thumbnail","7":"category-entretenimiento","8":"tag-actualidad-cadiz","9":"tag-entertainment","10":"tag-entretenimiento","11":"tag-es","12":"tag-espana","13":"tag-informacion-cadiz","14":"tag-spain","15":"tag-television-cadiz"},"share_on_mastodon":{"url":"","error":""},"_links":{"self":[{"href":"https:\/\/www.europesays.com\/es\/wp-json\/wp\/v2\/posts\/15392","targetHints":{"allow":["GET"]}}],"collection":[{"href":"https:\/\/www.europesays.com\/es\/wp-json\/wp\/v2\/posts"}],"about":[{"href":"https:\/\/www.europesays.com\/es\/wp-json\/wp\/v2\/types\/post"}],"author":[{"embeddable":true,"href":"https:\/\/www.europesays.com\/es\/wp-json\/wp\/v2\/users\/2"}],"replies":[{"embeddable":true,"href":"https:\/\/www.europesays.com\/es\/wp-json\/wp\/v2\/comments?post=15392"}],"version-history":[{"count":0,"href":"https:\/\/www.europesays.com\/es\/wp-json\/wp\/v2\/posts\/15392\/revisions"}],"wp:featuredmedia":[{"embeddable":true,"href":"https:\/\/www.europesays.com\/es\/wp-json\/wp\/v2\/media\/15393"}],"wp:attachment":[{"href":"https:\/\/www.europesays.com\/es\/wp-json\/wp\/v2\/media?parent=15392"}],"wp:term":[{"taxonomy":"category","embeddable":true,"href":"https:\/\/www.europesays.com\/es\/wp-json\/wp\/v2\/categories?post=15392"},{"taxonomy":"post_tag","embeddable":true,"href":"https:\/\/www.europesays.com\/es\/wp-json\/wp\/v2\/tags?post=15392"}],"curies":[{"name":"wp","href":"https:\/\/api.w.org\/{rel}","templated":true}]}}