{"id":153922,"date":"2025-10-03T01:45:15","date_gmt":"2025-10-03T01:45:15","guid":{"rendered":"https:\/\/www.europesays.com\/es\/153922\/"},"modified":"2025-10-03T01:45:15","modified_gmt":"2025-10-03T01:45:15","slug":"ciudad-real-alvaro-ramos-cuelga-el-no-hay-catalogos-en-la-inauguracion-de-su-exposicion","status":"publish","type":"post","link":"https:\/\/www.europesays.com\/es\/153922\/","title":{"rendered":"Ciudad Real: \u00c1lvaro Ramos cuelga el &#8216;no hay cat\u00e1logos&#8217; en la inauguraci\u00f3n de su exposici\u00f3n"},"content":{"rendered":"<p>El murmullo curioso ha llenado una de las salas del Museo L\u00f3pez-Villase\u00f1or este jueves. Decenas de aficionados han recorrido despacio los lienzos de \u00c1lvaro Ramos Golderos, comentando cada trazo, cada gesto detenido en el tiempo, cada ver\u00f3nica convertida en pintura. Entre los asistentes han estado el torero de plata Jorge Fuentes y el novillero ciudadreale\u00f1o Israel Aparicio Romero, mezclados entre un p\u00fablico que ha abarrotado la inauguraci\u00f3n hasta colgar el &#8216;no hay cat\u00e1logos&#8217; de la exposici\u00f3n.<\/p>\n<p>La muestra &#8216;De Jos\u00e9 a Juan. Un siglo de toreo a la ver\u00f3nica&#8217; ha llegado a Ciudad Real en el marco del XXV aniversario del Ateneo Taurino Manchego y con el apoyo del Ayuntamiento. El alcalde, Francisco Ca\u00f1izares, ha acompa\u00f1ado al presidente del Ateneo, Antonio Espadas, en un acto que ha contado tambi\u00e9n con la presencia del concejal de Cultura, Pedro Lozano, la concejal de Festejos, Mar S\u00e1nchez, y varios miembros de la corporaci\u00f3n municipal, as\u00ed como Sonia Gonz\u00e1lez, directora del museo.\u00a0<\/p>\n<p>Ca\u00f1izares ha remarcado el doble motivo de celebraci\u00f3n que supone cumplir veinticinco a\u00f1os de vida como asociaci\u00f3n y hacerlo con la obra de un artista almagre\u00f1o \u00abque es ya un aut\u00e9ntico referente en el arte taurino\u00bb. El alcalde ha asegurado que la pintura de Ramos \u00abha sabido plasmar la esencia del momento m\u00e1gico que se produce en una ver\u00f3nica\u00bb y ha invitado a los aficionados a visitar la exposici\u00f3n, que permanecer\u00e1 abierta hasta el 31 de octubre.<\/p>\n<p><img decoding=\"async\" loading=\"lazy\" src=\"https:\/\/www.europesays.com\/es\/wp-content\/uploads\/2025\/10\/AFDE4E6C-6AB6-412E-9A005BA511217000.JPG\" alt=\"Exposici\u00f3n de 'De Jos\u00e9 a Juan: Un siglo de toreo a la ver\u00f3nica' de \u00c1lvaro Ramos\" border=\"0\"\/>Exposici\u00f3n de &#8216;De Jos\u00e9 a Juan: Un siglo de toreo a la ver\u00f3nica&#8217; de \u00c1lvaro Ramos &#8211; Foto: LT<\/p>\n<p>El propio pintor ha querido destacar el ambiente que se ha vivido en la inauguraci\u00f3n: \u00abVer a gente de casi todas las ideolog\u00edas presentes es bueno, porque la tauromaquia debe ser el eslab\u00f3n que una y no el muro que separe\u00bb. Ramos ha agradecido al Ateneo y al Ayuntamiento de Ciudad Real la oportunidad de exponer en la capital, \u00abalgo tan importante como estar en Madrid o Sevilla\u00bb.<\/p>\n<p>Por su parte, Antonio Espadas, presidente del Ateneo, ha se\u00f1alado que esta muestra \u00abes un aut\u00e9ntico regalo que nos hace \u00c1lvaro al Ateneo para celebrar los 25 a\u00f1os de vida\u00bb y se mostr\u00f3 convencido de que \u00abva a gustar mucho a todos los aficionados de la capital\u00bb.<\/p>\n<p>M\u00e1s fotos:<img decoding=\"async\" loading=\"lazy\" src=\"https:\/\/www.europesays.com\/es\/wp-content\/uploads\/2025\/10\/0BCE588C-D974-4692-85BB47A3CCF670A3.JPG\" alt=\"Exposici\u00f3n de 'De Jos\u00e9 a Juan: Un siglo de toreo a la ver\u00f3nica' de \u00c1lvaro Ramos\" border=\"0\"\/>Exposici\u00f3n de &#8216;De Jos\u00e9 a Juan: Un siglo de toreo a la ver\u00f3nica&#8217; de \u00c1lvaro Ramos &#8211; Foto: LT<img decoding=\"async\" loading=\"lazy\" src=\"https:\/\/www.europesays.com\/es\/wp-content\/uploads\/2025\/10\/111733C4-6596-49BD-8429E6C5D5452E0A.JPG\" alt=\"Exposici\u00f3n de 'De Jos\u00e9 a Juan: Un siglo de toreo a la ver\u00f3nica' de \u00c1lvaro Ramos\" border=\"0\"\/>Exposici\u00f3n de &#8216;De Jos\u00e9 a Juan: Un siglo de toreo a la ver\u00f3nica&#8217; de \u00c1lvaro Ramos &#8211; Foto: LT<\/p>\n<p>La exposici\u00f3n recorre, a trav\u00e9s de 23 lienzos, las distintas formas en que grandes toreros han interpretado la ver\u00f3nica en el \u00faltimo siglo, desde Joselito El Gallo hasta Juan Ortega. Tras su estreno en la sala Antonio Bienvenida de Las Ventas en 2024, la colecci\u00f3n ha viajado por diferentes localidades de la provincia y tiene previsto cerrar su itinerario en Sevilla, en el marco de la Feria de Abril de 2026 en el C\u00edrculo Mercantil hispalense.\u00a0<\/p>\n","protected":false},"excerpt":{"rendered":"El murmullo curioso ha llenado una de las salas del Museo L\u00f3pez-Villase\u00f1or este jueves. Decenas de aficionados han&hellip;\n","protected":false},"author":2,"featured_media":153923,"comment_status":"","ping_status":"","sticky":false,"template":"","format":"standard","meta":{"footnotes":""},"categories":[277],"tags":[229,1954,373,1940,168,25,24,241,21094,74,3728,205,37375,1171,23,167,625,374],"class_list":{"0":"post-153922","1":"post","2":"type-post","3":"status-publish","4":"format-standard","5":"has-post-thumbnail","7":"category-toreo","8":"tag-arte","9":"tag-ayuntamiento-de-ciudad-real","10":"tag-bullfighting","11":"tag-ciudad-real","12":"tag-deportes","13":"tag-es","14":"tag-espana","15":"tag-exposiciones","16":"tag-francisco-canizares","17":"tag-israel","18":"tag-las-ventas","19":"tag-madrid","20":"tag-museo-lopez-villasenor","21":"tag-sevilla","22":"tag-spain","23":"tag-sports","24":"tag-tauromaquia","25":"tag-toreo"},"share_on_mastodon":{"url":"","error":""},"_links":{"self":[{"href":"https:\/\/www.europesays.com\/es\/wp-json\/wp\/v2\/posts\/153922","targetHints":{"allow":["GET"]}}],"collection":[{"href":"https:\/\/www.europesays.com\/es\/wp-json\/wp\/v2\/posts"}],"about":[{"href":"https:\/\/www.europesays.com\/es\/wp-json\/wp\/v2\/types\/post"}],"author":[{"embeddable":true,"href":"https:\/\/www.europesays.com\/es\/wp-json\/wp\/v2\/users\/2"}],"replies":[{"embeddable":true,"href":"https:\/\/www.europesays.com\/es\/wp-json\/wp\/v2\/comments?post=153922"}],"version-history":[{"count":0,"href":"https:\/\/www.europesays.com\/es\/wp-json\/wp\/v2\/posts\/153922\/revisions"}],"wp:featuredmedia":[{"embeddable":true,"href":"https:\/\/www.europesays.com\/es\/wp-json\/wp\/v2\/media\/153923"}],"wp:attachment":[{"href":"https:\/\/www.europesays.com\/es\/wp-json\/wp\/v2\/media?parent=153922"}],"wp:term":[{"taxonomy":"category","embeddable":true,"href":"https:\/\/www.europesays.com\/es\/wp-json\/wp\/v2\/categories?post=153922"},{"taxonomy":"post_tag","embeddable":true,"href":"https:\/\/www.europesays.com\/es\/wp-json\/wp\/v2\/tags?post=153922"}],"curies":[{"name":"wp","href":"https:\/\/api.w.org\/{rel}","templated":true}]}}