{"id":153932,"date":"2025-10-03T01:52:10","date_gmt":"2025-10-03T01:52:10","guid":{"rendered":"https:\/\/www.europesays.com\/es\/153932\/"},"modified":"2025-10-03T01:52:10","modified_gmt":"2025-10-03T01:52:10","slug":"el-bonito-abrazo-de-jauregizar-al-cachorro-ibon-sanchez-por-su-debut-en-champions","status":"publish","type":"post","link":"https:\/\/www.europesays.com\/es\/153932\/","title":{"rendered":"El bonito abrazo de Jauregizar al cachorro Ibon S\u00e1nchez por su debut en Champions"},"content":{"rendered":"<p class=\"v-mdl-ath__p v-mdl-ath__p--6\">\nJueves, 2 de octubre 2025, 19:29<\/p>\n<p>| Actualizado 19:37h.<\/p>\n<p class=\"v-p\">A pesar de la dura derrota, Ibon S\u00e1nchez se acordar\u00e1 siempre con cari\u00f1o de la noche del mi\u00e9rcoles. El capit\u00e1n del juvenil debut\u00f3 con el primer equipo en Champions ante el Dortmund. Lo hizo al entrar en sustituci\u00f3n de Maroan para disputar los \u00faltimos diez minutos del choque en el Iduna Park. Y recibi\u00f3 el cari\u00f1o de sus compa\u00f1eros de vestuario. <\/p>\n<p class=\"v-p\">El cachorro lleg\u00f3 a Lezama con 14 a\u00f1os y conoce bien a los m\u00e1s j\u00f3venes del primer equipo. Entre ellos, Mikel Jauregizar. El centrocampista no dud\u00f3 en darle un fuerte abrazo con una sonrisa de oreja a oreja para celebrar su debut. \u00abLa alegr\u00eda de un le\u00f3n cuando ve crecer a un cachorro\u00bb, ensalzaba el Athletic compartiendo el v\u00eddeo. &#8216;Jaure&#8217; es tan solo un a\u00f1o mayor que el debutante, as\u00ed que se conocen a la perfecci\u00f3n. La felicitaci\u00f3m tambi\u00e9n se extendi\u00f3 a las redes sociales del medio rojiblanco, que compart\u00eda una imagen junto a varios corazones. <\/p>\n<p><img decoding=\"async\" loading=\"lazy\" src=\"https:\/\/www.europesays.com\/es\/wp-content\/uploads\/2025\/10\/jaure-U23067842909trH--650x975@El Correo.jpg\" class=\"v-a-img\" width=\"650\" height=\"975\" alt=\"\" data-voc-vtm-id=\"in-text-traffic\"\/><\/p>\n<p class=\"v-p\">\u00abTenemos bajas en el centro del campo y pensamos que nos puede venir bien. Tiene recorrido y se mueve bien\u00bb, explicaba en su momento Valverde para justificar su convocatoria. Sobre la llegada de sangre nueva desde Lezama habl\u00f3 tambi\u00e9n el defensa Aitor Paredes al terminar el choque. \u00abEl Athletic es un club que vive de cantera. Que haya debutado hoy Ibon es una locura. Todav\u00eda no he podido felicitarle porque he estado en los medios\u00bb, pon\u00eda en valor. <\/p>\n<p>Reporta un error<\/p>\n","protected":false},"excerpt":{"rendered":"Jueves, 2 de octubre 2025, 19:29 | Actualizado 19:37h. A pesar de la dura derrota, Ibon S\u00e1nchez se&hellip;\n","protected":false},"author":2,"featured_media":153933,"comment_status":"","ping_status":"","sticky":false,"template":"","format":"standard","meta":{"footnotes":""},"categories":[268],"tags":[15919,8516,11681,5437,168,25,24,280,282,27856,46322,199,281,23,167],"class_list":{"0":"post-153932","1":"post","2":"type-post","3":"status-publish","4":"format-standard","5":"has-post-thumbnail","7":"category-futbol","8":"tag-abrazo","9":"tag-cachorro","10":"tag-champions","11":"tag-debut","12":"tag-deportes","13":"tag-es","14":"tag-espana","15":"tag-football","16":"tag-futbol","17":"tag-ibon","18":"tag-jauregizar","19":"tag-sanchez","20":"tag-soccer","21":"tag-spain","22":"tag-sports"},"share_on_mastodon":{"url":"","error":""},"_links":{"self":[{"href":"https:\/\/www.europesays.com\/es\/wp-json\/wp\/v2\/posts\/153932","targetHints":{"allow":["GET"]}}],"collection":[{"href":"https:\/\/www.europesays.com\/es\/wp-json\/wp\/v2\/posts"}],"about":[{"href":"https:\/\/www.europesays.com\/es\/wp-json\/wp\/v2\/types\/post"}],"author":[{"embeddable":true,"href":"https:\/\/www.europesays.com\/es\/wp-json\/wp\/v2\/users\/2"}],"replies":[{"embeddable":true,"href":"https:\/\/www.europesays.com\/es\/wp-json\/wp\/v2\/comments?post=153932"}],"version-history":[{"count":0,"href":"https:\/\/www.europesays.com\/es\/wp-json\/wp\/v2\/posts\/153932\/revisions"}],"wp:featuredmedia":[{"embeddable":true,"href":"https:\/\/www.europesays.com\/es\/wp-json\/wp\/v2\/media\/153933"}],"wp:attachment":[{"href":"https:\/\/www.europesays.com\/es\/wp-json\/wp\/v2\/media?parent=153932"}],"wp:term":[{"taxonomy":"category","embeddable":true,"href":"https:\/\/www.europesays.com\/es\/wp-json\/wp\/v2\/categories?post=153932"},{"taxonomy":"post_tag","embeddable":true,"href":"https:\/\/www.europesays.com\/es\/wp-json\/wp\/v2\/tags?post=153932"}],"curies":[{"name":"wp","href":"https:\/\/api.w.org\/{rel}","templated":true}]}}