{"id":153942,"date":"2025-10-03T02:01:06","date_gmt":"2025-10-03T02:01:06","guid":{"rendered":"https:\/\/www.europesays.com\/es\/153942\/"},"modified":"2025-10-03T02:01:06","modified_gmt":"2025-10-03T02:01:06","slug":"quevedo-aplaza-su-concierto-en-valencia-por-motivos-de-salud","status":"publish","type":"post","link":"https:\/\/www.europesays.com\/es\/153942\/","title":{"rendered":"Quevedo aplaza su concierto en Valencia por motivos de salud"},"content":{"rendered":"<p><img fetchpriority=\"high\" class=\"v-a-img\" src=\"https:\/\/www.europesays.com\/es\/wp-content\/uploads\/2025\/10\/quevedo-arcadio-suarez-kBnD-U2303254262309gmB-1200x840@Canarias7.jpg\" loading=\"eager\" decoding=\"async\" alt=\"Quevedo, durante su concierto en el Estadio de Gran Canaria el 24 de mayo de 2025.\"  width=\"1200\" height=\"840\"\/><\/p>\n<p>Quevedo, durante su concierto en el Estadio de Gran Canaria el 24 de mayo de 2025.          Arcadio Su\u00e1rez        <\/p>\n<p>La actuaci\u00f3n, prevista para este jueves 2 de octubre, se celebrar\u00e1 el d\u00eda 25<\/p>\n<p><a class=\"v-mdl-ath__fig-a\" href=\"https:\/\/www.canarias7.es\/autor\/canarias7-6545.html\" title=\"CANARIAS7\" rel=\"nofollow noopener\" target=\"_blank\"><br \/>\n<img decoding=\"async\" class=\"v-mdl-ath__img\" src=\"https:\/\/www.europesays.com\/es\/wp-content\/uploads\/2025\/08\/1754689268_701_autor-6545-foto-1.png\" alt=\"CANARIAS7\"\/><br \/>\n<\/a><\/p>\n<p class=\"v-mdl-ath__p v-mdl-ath__p--6\">\nJueves, 2 de octubre 2025, 16:19<\/p>\n<p class=\"v-p\">El artista grancanario Quevedo ha anunciado <strong>el aplazamiento del concierto previsto para este jueves en Valencia por motivos por salud<\/strong>. La nueva fecha de la actuaci\u00f3n es el 25 de octubre en el mismo recinto, el nuevo Roig Arena de la capital valenciana.<\/p>\n<p class=\"v-p\">\u00abDesde la organizaci\u00f3n de Taste The Floor y DQE Productions queremos informarles de que por motivos de salud del artista, la actuaci\u00f3n de Quevedo, prevista el 2 de octubre de 2025 en el Roig Arena de Valencia, queda pospuesta para el 25 de octubre de 2025 a las 19:00h\u00bb, han informado las productoras en un mensaje que ha compartido el artista en sus canales en redes sociales.<\/p>\n<p class=\"v-p\">En el comunicado, las productoras tambi\u00e9n recuerdan que en caso de no poder asistir en la nueva fecha, se puede solicitar la devoluci\u00f3n de las entradas \u00abdentro del plazo legal establecido\u00bb y \u00abgestion\u00e1ndolo siempre a trav\u00e9s del mismo canal en el que fueron adquiridas\u00bb.<\/p>\n<p class=\"v-p\"><strong>La de Valencia ser\u00e1 la \u00faltima parada espa\u00f1ola de su gira \u00abBuenas Noches Tour\u00bb<\/strong>, que ya ha tenido 26 conciertos en lo que va de a\u00f1o y que incluir\u00e1 otros 12 de aqu\u00ed a finales de noviembre: ocho en Estados Unidos, uno en Mil\u00e1n, uno en Londres, uno en Oporto y el aplazado en Valencia.<\/p>\n<p>Reporta un error<\/p>\n","protected":false},"excerpt":{"rendered":"Quevedo, durante su concierto en el Estadio de Gran Canaria el 24 de mayo de 2025. Arcadio Su\u00e1rez&hellip;\n","protected":false},"author":2,"featured_media":153943,"comment_status":"","ping_status":"","sticky":false,"template":"","format":"standard","meta":{"footnotes":""},"categories":[91],"tags":[35394,2339,146,147,25,24,12408,14138,166,23,235],"class_list":{"0":"post-153942","1":"post","2":"type-post","3":"status-publish","4":"format-standard","5":"has-post-thumbnail","7":"category-entretenimiento","8":"tag-aplaza","9":"tag-concierto","10":"tag-entertainment","11":"tag-entretenimiento","12":"tag-es","13":"tag-espana","14":"tag-motivos","15":"tag-quevedo","16":"tag-salud","17":"tag-spain","18":"tag-valencia"},"share_on_mastodon":{"url":"","error":""},"_links":{"self":[{"href":"https:\/\/www.europesays.com\/es\/wp-json\/wp\/v2\/posts\/153942","targetHints":{"allow":["GET"]}}],"collection":[{"href":"https:\/\/www.europesays.com\/es\/wp-json\/wp\/v2\/posts"}],"about":[{"href":"https:\/\/www.europesays.com\/es\/wp-json\/wp\/v2\/types\/post"}],"author":[{"embeddable":true,"href":"https:\/\/www.europesays.com\/es\/wp-json\/wp\/v2\/users\/2"}],"replies":[{"embeddable":true,"href":"https:\/\/www.europesays.com\/es\/wp-json\/wp\/v2\/comments?post=153942"}],"version-history":[{"count":0,"href":"https:\/\/www.europesays.com\/es\/wp-json\/wp\/v2\/posts\/153942\/revisions"}],"wp:featuredmedia":[{"embeddable":true,"href":"https:\/\/www.europesays.com\/es\/wp-json\/wp\/v2\/media\/153943"}],"wp:attachment":[{"href":"https:\/\/www.europesays.com\/es\/wp-json\/wp\/v2\/media?parent=153942"}],"wp:term":[{"taxonomy":"category","embeddable":true,"href":"https:\/\/www.europesays.com\/es\/wp-json\/wp\/v2\/categories?post=153942"},{"taxonomy":"post_tag","embeddable":true,"href":"https:\/\/www.europesays.com\/es\/wp-json\/wp\/v2\/tags?post=153942"}],"curies":[{"name":"wp","href":"https:\/\/api.w.org\/{rel}","templated":true}]}}