{"id":153956,"date":"2025-10-03T02:09:11","date_gmt":"2025-10-03T02:09:11","guid":{"rendered":"https:\/\/www.europesays.com\/es\/153956\/"},"modified":"2025-10-03T02:09:11","modified_gmt":"2025-10-03T02:09:11","slug":"inaugurada-en-las-ventas-la-exposicion-yiyo-40-anos-leyenda-y-legado","status":"publish","type":"post","link":"https:\/\/www.europesays.com\/es\/153956\/","title":{"rendered":"Inaugurada en Las Ventas la exposici\u00f3n \u00abYiyo, 40 a\u00f1os, leyenda y legado\u00bb"},"content":{"rendered":"<p>Los bajos del Tendido 6 de Las Ventas han acogido esta ma\u00f1ana la inauguraci\u00f3n de la muestra monogr\u00e1fica \u201c<b>Yiyo, 40 a\u00f1os, leyenda y legado<\/b>\u201d dedicada al pr\u00edncipe del toreo, quien nos dejara hace 40 a\u00f1os.<\/p>\n<p><img loading=\"lazy\" decoding=\"async\" class=\"alignnone wp-image-551519 size-full lazy\" src=\"https:\/\/www.europesays.com\/es\/wp-content\/uploads\/2025\/10\/yiyo-4.jpg\" alt=\"\" width=\"1280\" height=\"921\"  data-\/><\/p>\n<p>Este homenaje al torero de Canillejas parte de la iniciativa de la Pe\u00f1a Taurina \u201c<b>El Rescoldo\u201d<\/b>\u00a0y el\u00a0<b>Centro de Asuntos Taurinos<\/b>, para que los visitantes a la Plaza de Toros de<strong> Las Ventas<\/strong> conozcan un poco m\u00e1s ese legado que dej\u00f3 el joven matador de toros. Por dichos paneles expositivos se hace un recorrido por la trayectoria del torero de la mano de numerosos fot\u00f3grafos quienes han colaborado en esta iniciativa.<\/p>\n<p>En el acto han tomado la palabra\u00a0<b>Lucas P\u00e9rez<\/b>, en representaci\u00f3n de la Pe\u00f1a \u201cEl Rescoldo\u201d, el matador de toros y Director de la Escuela \u201c<b>Yiyo<\/b>\u201d,\u00a0<b>Fernando Roble\u00f1o<\/b>\u00a0y el Director del CAT,\u00a0<b>Miguel Mart\u00edn<\/b>. Al acto han asistido numerosos alumnos de la escuela, medios de comunicaci\u00f3n y numerosos representantes de la pe\u00f1a madrile\u00f1a.<\/p>\n<p><img loading=\"lazy\" decoding=\"async\" class=\"alignnone wp-image-551520 size-full lazy\" src=\"https:\/\/www.europesays.com\/es\/wp-content\/uploads\/2025\/10\/yiyo-2.jpg\" alt=\"\" width=\"1280\" height=\"960\"  data-\/><\/p>\n","protected":false},"excerpt":{"rendered":"Los bajos del Tendido 6 de Las Ventas han acogido esta ma\u00f1ana la inauguraci\u00f3n de la muestra monogr\u00e1fica&hellip;\n","protected":false},"author":2,"featured_media":153957,"comment_status":"","ping_status":"","sticky":false,"template":"","format":"standard","meta":{"footnotes":""},"categories":[277],"tags":[45,46329,373,168,25,24,2003,3727,8420,6552,3728,1226,1227,23,167,374,31381],"class_list":{"0":"post-153956","1":"post","2":"type-post","3":"status-publish","4":"format-standard","5":"has-post-thumbnail","7":"category-toreo","8":"tag-45","9":"tag-40-anos","10":"tag-bullfighting","11":"tag-deportes","12":"tag-es","13":"tag-espana","14":"tag-exposicion","15":"tag-feria-de-otono","16":"tag-fotografias","17":"tag-homenaje","18":"tag-las-ventas","19":"tag-noticias-de-toros","20":"tag-noticias-taurinas","21":"tag-spain","22":"tag-sports","23":"tag-toreo","24":"tag-yiyo"},"share_on_mastodon":{"url":"","error":""},"_links":{"self":[{"href":"https:\/\/www.europesays.com\/es\/wp-json\/wp\/v2\/posts\/153956","targetHints":{"allow":["GET"]}}],"collection":[{"href":"https:\/\/www.europesays.com\/es\/wp-json\/wp\/v2\/posts"}],"about":[{"href":"https:\/\/www.europesays.com\/es\/wp-json\/wp\/v2\/types\/post"}],"author":[{"embeddable":true,"href":"https:\/\/www.europesays.com\/es\/wp-json\/wp\/v2\/users\/2"}],"replies":[{"embeddable":true,"href":"https:\/\/www.europesays.com\/es\/wp-json\/wp\/v2\/comments?post=153956"}],"version-history":[{"count":0,"href":"https:\/\/www.europesays.com\/es\/wp-json\/wp\/v2\/posts\/153956\/revisions"}],"wp:featuredmedia":[{"embeddable":true,"href":"https:\/\/www.europesays.com\/es\/wp-json\/wp\/v2\/media\/153957"}],"wp:attachment":[{"href":"https:\/\/www.europesays.com\/es\/wp-json\/wp\/v2\/media?parent=153956"}],"wp:term":[{"taxonomy":"category","embeddable":true,"href":"https:\/\/www.europesays.com\/es\/wp-json\/wp\/v2\/categories?post=153956"},{"taxonomy":"post_tag","embeddable":true,"href":"https:\/\/www.europesays.com\/es\/wp-json\/wp\/v2\/tags?post=153956"}],"curies":[{"name":"wp","href":"https:\/\/api.w.org\/{rel}","templated":true}]}}