{"id":153958,"date":"2025-10-03T02:12:12","date_gmt":"2025-10-03T02:12:12","guid":{"rendered":"https:\/\/www.europesays.com\/es\/153958\/"},"modified":"2025-10-03T02:12:12","modified_gmt":"2025-10-03T02:12:12","slug":"inaki-lopez-responde-tajante-a-toni-nadal-tras-decir-que-para-algunos-parece-que-el-trabajo-es-un-castigo-polvo-eres","status":"publish","type":"post","link":"https:\/\/www.europesays.com\/es\/153958\/","title":{"rendered":"I\u00f1aki L\u00f3pez responde tajante a Toni Nadal tras decir que para algunos parece que el trabajo \u00abes un castigo\u00bb: \u00abPolvo eres&#8230;\u00bb"},"content":{"rendered":"<p class=\"c-paragraph\">Las palabras que\u00a0<a href=\"https:\/\/www.20minutos.es\/tags\/deportes\/toni-nadal.html\" title=\"Toni Nadal\" rel=\"nofollow noopener\" target=\"_blank\">Toni Nadal<\/a>, exentrenador y t\u00edo de\u00a0<a href=\"https:\/\/www.20minutos.es\/tags\/deportes\/rafa-nadal.html\" title=\"Rafa Nadal\" rel=\"nofollow noopener\" target=\"_blank\">Rafa Nadal<\/a>, comparti\u00f3 en el Foro L\u00edderes de la Universidad de Almer\u00eda<b><b>\u00a0una reflexi\u00f3n sobre c\u00f3mo alcanzar el \u00e9xito,<\/b><\/b>\u00a0est\u00e1n generando multitud de reacciones.<\/p>\n<p class=\"c-paragraph\">En sus declaraciones, a las que lleg\u00f3 a trav\u00e9s de experiencias vividas durante su etapa como t\u00e9cnico, se\u00f1al\u00f3:\u00a0<b><b>\u00abLo que te da m\u00e1s opciones de \u00e9xito en la vida es la formaci\u00f3n del car\u00e1cter\u00bb<\/b><\/b>, defini\u00e9ndose como un entrenador que busc\u00f3 \u00abel \u00e9xito profesional a trav\u00e9s del desarrollo personal\u00bb.<\/p>\n<p class=\"c-paragraph\">Nadal habl\u00f3 de la necesidad de reivindicar los valores para afrontar las situaciones que se dan actualmente en el mercado laboral: \u00abA m\u00ed me gusta el trabajo, y\u00a0<b><b>me extra\u00f1a que hoy vivamos en un pa\u00eds donde parece que trabajar est\u00e1 denostado<\/b><\/b>\u00ab.<\/p>\n<p class=\"c-paragraph\">Adem\u00e1s, el exentrenador de Rafa Nadal carg\u00f3 contra aquellos que en su profesi\u00f3n no se esfuerzan.\u00a0<b><b>\u00ab<a href=\"https:\/\/www.20minutos.es\/deportes\/tenis\/toni-nadal-para-algunos-este-pais-parece-que-trabajo-es-un-castigo-senor_6402606_0.html\" rel=\"nofollow noopener\" target=\"_blank\">Para algunos en este pa\u00eds parece que el trabajo es un castigo del Se\u00f1or<\/a>\u00ab<\/b><\/b>, asegur\u00f3, mientras que insisti\u00f3 en que ese esfuerzo y la dedicaci\u00f3n \u00abson lo que realmente dan sentido a la vida y permiten construir una sociedad mejor\u00bb.<\/p>\n<p class=\"c-paragraph\">Unas <b>palabras muy comentadas <\/b>en redes sociales y que han tenido reacci\u00f3n por parte de muchos. Entre ellos, <b>I\u00f1aki L\u00f3pez<\/b>. El presentador de laSexta ha respondido tajante y dentro de su habitual manera de hacerlo, con iron\u00eda, al t\u00edo del tenista:\u00a0\u00ab<b>Te ganar\u00e1s el pan con el sudor de tu frente hasta que vuelvas a la misma tierra de la cual fuiste sacado. Porque polvo eres y al polvo volver\u00e1s. G\u00e9nesis 3\/19<\/b>\u00ab.<\/p>\n","protected":false},"excerpt":{"rendered":"Las palabras que\u00a0Toni Nadal, exentrenador y t\u00edo de\u00a0Rafa Nadal, comparti\u00f3 en el Foro L\u00edderes de la Universidad de&hellip;\n","protected":false},"author":2,"featured_media":153959,"comment_status":"","ping_status":"","sticky":false,"template":"","format":"standard","meta":{"footnotes":""},"categories":[274],"tags":[168,25,24,6616,7355,1259,23,167,7725,327,326,19182],"class_list":{"0":"post-153958","1":"post","2":"type-post","3":"status-publish","4":"format-standard","5":"has-post-thumbnail","7":"category-tenis","8":"tag-deportes","9":"tag-es","10":"tag-espana","11":"tag-inaki","12":"tag-lopez","13":"tag-responde","14":"tag-spain","15":"tag-sports","16":"tag-tajante","17":"tag-tenis","18":"tag-tennis","19":"tag-toni"},"share_on_mastodon":{"url":"","error":""},"_links":{"self":[{"href":"https:\/\/www.europesays.com\/es\/wp-json\/wp\/v2\/posts\/153958","targetHints":{"allow":["GET"]}}],"collection":[{"href":"https:\/\/www.europesays.com\/es\/wp-json\/wp\/v2\/posts"}],"about":[{"href":"https:\/\/www.europesays.com\/es\/wp-json\/wp\/v2\/types\/post"}],"author":[{"embeddable":true,"href":"https:\/\/www.europesays.com\/es\/wp-json\/wp\/v2\/users\/2"}],"replies":[{"embeddable":true,"href":"https:\/\/www.europesays.com\/es\/wp-json\/wp\/v2\/comments?post=153958"}],"version-history":[{"count":0,"href":"https:\/\/www.europesays.com\/es\/wp-json\/wp\/v2\/posts\/153958\/revisions"}],"wp:featuredmedia":[{"embeddable":true,"href":"https:\/\/www.europesays.com\/es\/wp-json\/wp\/v2\/media\/153959"}],"wp:attachment":[{"href":"https:\/\/www.europesays.com\/es\/wp-json\/wp\/v2\/media?parent=153958"}],"wp:term":[{"taxonomy":"category","embeddable":true,"href":"https:\/\/www.europesays.com\/es\/wp-json\/wp\/v2\/categories?post=153958"},{"taxonomy":"post_tag","embeddable":true,"href":"https:\/\/www.europesays.com\/es\/wp-json\/wp\/v2\/tags?post=153958"}],"curies":[{"name":"wp","href":"https:\/\/api.w.org\/{rel}","templated":true}]}}