{"id":153960,"date":"2025-10-03T02:13:08","date_gmt":"2025-10-03T02:13:08","guid":{"rendered":"https:\/\/www.europesays.com\/es\/153960\/"},"modified":"2025-10-03T02:13:08","modified_gmt":"2025-10-03T02:13:08","slug":"saltos-de-un-carril-a-otro-en-sentido-contrario","status":"publish","type":"post","link":"https:\/\/www.europesays.com\/es\/153960\/","title":{"rendered":"saltos de un carril a otro en sentido contrario"},"content":{"rendered":"<p class=\"c-paragraph\"><b>Saltando con su bicicleta de un carril a otro en sentido contrario<\/b>, sobre unos separadores entre ambas v\u00edas, y vestido con los colores del equipo Ken Pharma. As\u00ed fue captado en v\u00eddeo el ciclista Kiko Galv\u00e1n, cuyas <b>peligrosas acciones han provocado la contundente reacci\u00f3n de su equipo<\/b>, que ya ha adoptado \u00abmedidas de car\u00e1cter disciplinario\u00bb contra el deportista espa\u00f1ol.<\/p>\n<p class=\"c-paragraph\">Las im\u00e1genes, difundidas este mi\u00e9rcoles, fueron grabadas por algunos de los conductores que presenciaron lo que estaba sucediendo en la <b>BP-1417 de l&#8217;Arrabassada de Barcelona<\/b>, seg\u00fan informa el diario <a href=\"https:\/\/www.elperiodico.com\/es\/deportes\/20251002\/ciclista-kern-pharma-kiko-galvan-expedientado-arrabassada-122204834\" rel=\"nofollow noreferrer noopener\" target=\"_blank\" title=\"La noticia en &#039;El Peri\u00f3dico&#039;\">El Peri\u00f3dico<\/a>, y han generado una oleada de cr\u00edticas contra el ciclista, que a\u00fan no se ha pronunciado y ha cerrado su perfil de Instagram.<\/p>\n<p class=\"c-paragraph\">El Ken Pharma, por su parte, ha expresado este jueves a trav\u00e9s de un comunicado difundido en sus canales oficiales \u00absu indignaci\u00f3n por las im\u00e1genes difundidas de uno de nuestros ciclistas <b>incumpliendo gravemente las normas de seguridad vial\u00bb<\/b>.<\/p>\n<p class=\"c-paragraph\">\u00abDesde Azcoro Sport, lamentamos profundamente y pedimos disculpas por un incidente que no refleja los valores que defendemos y queremos proyectar como equipo\u00bb, ha a\u00f1adido el cuadro espa\u00f1ol, que, del mismo modo, ha querido subrayar \u00ab<b>su m\u00e1s alto y firme compromiso con la seguridad en la carretera<\/b>, tanto dentro de la competici\u00f3n como fuera de la misma\u00bb.<\/p>\n<p class=\"c-paragraph\">En este sentido, el equipo ha destacado que \u00abel respeto de la seguridad vial y las normativas de tr\u00e1fico son principios fundamentales en este deporte, que promovemos tanto en nuestra actividad competitiva como en nuestra labor formativa diaria con los ciclistas\u00bb, por lo que ha anunciado que ya \u00abest\u00e1<b> tomando medidas de car\u00e1cter disciplinario con el ciclista involucrado<\/b> para garantizar que actitudes y situaciones como las sucedidas no se repitan en un futuro\u00bb.<\/p>\n<p class=\"c-paragraph\">\u00ab<b>Asumimos nuestra responsabilidad y seguiremos trabajando<\/b> para reforzar la formaci\u00f3n y concienciaci\u00f3n de todos nuestros integrantes en materia de seguridad vial\u00bb, concluye el comunicado.<\/p>\n","protected":false},"excerpt":{"rendered":"Saltando con su bicicleta de un carril a otro en sentido contrario, sobre unos separadores entre ambas v\u00edas,&hellip;\n","protected":false},"author":2,"featured_media":153961,"comment_status":"","ping_status":"","sticky":false,"template":"","format":"standard","meta":{"footnotes":""},"categories":[273],"tags":[210,313,312,168,46330,25,24,46140,23,167],"class_list":{"0":"post-153960","1":"post","2":"type-post","3":"status-publish","4":"format-standard","5":"has-post-thumbnail","7":"category-ciclismo","8":"tag-barcelona","9":"tag-ciclismo","10":"tag-cycling","11":"tag-deportes","12":"tag-equipo-ken-pharma","13":"tag-es","14":"tag-espana","15":"tag-kiko-galvan","16":"tag-spain","17":"tag-sports"},"share_on_mastodon":{"url":"","error":""},"_links":{"self":[{"href":"https:\/\/www.europesays.com\/es\/wp-json\/wp\/v2\/posts\/153960","targetHints":{"allow":["GET"]}}],"collection":[{"href":"https:\/\/www.europesays.com\/es\/wp-json\/wp\/v2\/posts"}],"about":[{"href":"https:\/\/www.europesays.com\/es\/wp-json\/wp\/v2\/types\/post"}],"author":[{"embeddable":true,"href":"https:\/\/www.europesays.com\/es\/wp-json\/wp\/v2\/users\/2"}],"replies":[{"embeddable":true,"href":"https:\/\/www.europesays.com\/es\/wp-json\/wp\/v2\/comments?post=153960"}],"version-history":[{"count":0,"href":"https:\/\/www.europesays.com\/es\/wp-json\/wp\/v2\/posts\/153960\/revisions"}],"wp:featuredmedia":[{"embeddable":true,"href":"https:\/\/www.europesays.com\/es\/wp-json\/wp\/v2\/media\/153961"}],"wp:attachment":[{"href":"https:\/\/www.europesays.com\/es\/wp-json\/wp\/v2\/media?parent=153960"}],"wp:term":[{"taxonomy":"category","embeddable":true,"href":"https:\/\/www.europesays.com\/es\/wp-json\/wp\/v2\/categories?post=153960"},{"taxonomy":"post_tag","embeddable":true,"href":"https:\/\/www.europesays.com\/es\/wp-json\/wp\/v2\/tags?post=153960"}],"curies":[{"name":"wp","href":"https:\/\/api.w.org\/{rel}","templated":true}]}}