{"id":153962,"date":"2025-10-03T02:14:10","date_gmt":"2025-10-03T02:14:10","guid":{"rendered":"https:\/\/www.europesays.com\/es\/153962\/"},"modified":"2025-10-03T02:14:10","modified_gmt":"2025-10-03T02:14:10","slug":"ranking-de-destructores-de-la-formula-1-colapinto-mucho-mejor-que-gasly-y-doohan-ole","status":"publish","type":"post","link":"https:\/\/www.europesays.com\/es\/153962\/","title":{"rendered":"Ranking de destructores de la F\u00f3rmula 1: Colapinto mucho mejor que Gasly y Doohan :: Ol\u00e9"},"content":{"rendered":"<p>02\/10\/2025 17:12hs.<\/p>\n<p><strong>En la <a href=\"https:\/\/www.ole.com.ar\/tema\/formula-1.html\" title=\"F\u00f3rmula 1\" alt=\"F\u00f3rmula 1\" class=\"slug\" rel=\"nofollow noopener\" target=\"_blank\">F\u00f3rmula 1<\/a> conviven dos tablas de posiciones bien claras:<\/strong> el Campeonato de Pilotos, que hoy tiene al australiano <strong>Oscar Piastri al frente con 324 puntos,<\/strong> seguido de cerca por su compa\u00f1ero el brit\u00e1nico Lando Norris con 299, y con Max Verstappen todav\u00eda en la pelea gracias a sus 255; <strong>y el Campeonato de Constructores, donde McLaren ya se encamina<\/strong> a festejar por segundo a\u00f1o consecutivo tras acumular 623 unidades.<\/p>\n<p>Pero adem\u00e1s de esas competencias oficiales, existe otra clasificaci\u00f3n (no oficial) que ning\u00fan equipo ni piloto quiere encabezar: el llamado <strong>Campeonato de Destructores de la F1.<\/strong> All\u00ed, <strong><a href=\"https:\/\/www.ole.com.ar\/tema\/alpine.html\" title=\"Alpine\" alt=\"Alpine\" class=\"slug\" rel=\"nofollow noopener\" target=\"_blank\">Alpine<\/a><\/strong> -la escuder\u00eda en la que corre <strong><a href=\"https:\/\/www.ole.com.ar\/tema\/franco-colapinto.html\" title=\"Franco Colapinto\" alt=\"Franco Colapinto\" class=\"slug\" rel=\"nofollow noopener\" target=\"_blank\">Franco Colapinto<\/a><\/strong>&#8211; lidera c\u00f3modamente entre los equipos, mientras que entre los 21 hombres que manejaron un monoplaza en la temporada, <strong><a href=\"https:\/\/www.ole.com.ar\/tema\/charles-leclerc.html\" title=\"Charles Leclerc\" alt=\"Charles Leclerc\" class=\"slug\" rel=\"nofollow noopener\" target=\"_blank\">Charles Leclerc<\/a> encabeza el ranking con da\u00f1os valuados en 2.245.000 d\u00f3lares.<\/strong><\/p>\n<p><img alt=\"As\u00ed dej\u00f3 el Alpine Jack Doohan durante la sesi\u00f3n de entrenamientos del GP de Jap\u00f3n. (EFE\/EPA\/FRANCK ROBICHON)\" loading=\"lazy\" width=\"720\" height=\"100\" decoding=\"async\" data-nimg=\"1\" style=\"color:transparent\" src=\"https:\/\/www.europesays.com\/es\/wp-content\/uploads\/2025\/10\/7HFQ2h4Ie_720x0__1.jpg\"\/>As\u00ed dej\u00f3 el Alpine Jack Doohan durante la sesi\u00f3n de entrenamientos del GP de Jap\u00f3n. (EFE\/EPA\/FRANCK ROBICHON)<\/p>\n<p>\u00bfDe qu\u00e9 manera se calculan estos valores?<strong> La estimaci\u00f3n surge a partir del costo de cada pieza del auto:<\/strong> desde lo m\u00e1s barato, como un neum\u00e1tico que ronda los 5.000 d\u00f3lares, hasta los 500.000 que puede valer una caja de cambios.<\/p>\n<p><strong>Seg\u00fan inform\u00f3 @\/f1finnel en X,<\/strong> la tabla de pilotos del Campeonato de Destructores, que encabeza el monegasco de Ferrari,<strong> muestra en el quinto lugar al primero de los tres corredores que fueron titulares este a\u00f1o en Alpine: <\/strong><a href=\"https:\/\/www.ole.com.ar\/tema\/jack-doohan.html\" title=\"Jack Doohan\" alt=\"Jack Doohan\" class=\"slug\" rel=\"nofollow noopener\" target=\"_blank\">Jack Doohan<\/a>. El australiano, reemplazado por Colapinto tras el GP de Miami (sexta fecha), le gener\u00f3 a la escuder\u00eda un gasto de 1.514.000 d\u00f3lares. <strong>La mayor parte provino de aquel incre\u00edble accidente en el GP de Jap\u00f3n,<\/strong> cuando dej\u00f3 abierto el DRS para probar un ajuste del simulador en la curva 1: ese error represent\u00f3 m\u00e1s de la mitad del presupuesto desperdiciado por el equipo franc\u00e9s.<\/p>\n<p><strong>Franco, en tanto, aparece 15\u00b0 en la tabla con un total de 1.005.000 d\u00f3lares en da\u00f1os<\/strong> en apenas 11 fines de semana en la M\u00e1xima en el 2025. El reciente golpazo en la qualy de Bak\u00fa, que cost\u00f3 cerca de 600.000 d\u00f3lares, explica buena parte de esa cifra. <strong>Por su lado, Pierre Gasly, el m\u00e1s experimentado de la escuder\u00eda, acumula 1.102.000 d\u00f3lares y se ubica en el top 12.<\/strong><\/p>\n<p><strong>Este listado alternativo cobra relevancia desde que en 2021<\/strong> la F1 instaur\u00f3 un l\u00edmite presupuestario de 135 millones de d\u00f3lares<strong> para igualar la competencia<\/strong> entre gigantes como Ferrari, Mercedes o Red Bull y estructuras m\u00e1s modestas como Alpine, Williams o Haas. Por eso, los jefes de equipo no solo les exigen a sus pilotos resultados en pista, sino tambi\u00e9n que cuiden el auto para no comprometer las cuentas.<\/p>\n<p><img alt=\"Franco Colapinto choc\u00f3 en el final de la clasificaci\u00f3n del Gran Premio Azerbaiy\u00e1n. &#10;(Imagen tv - FTP CLARIN 5.jpg Z Bairo)\" loading=\"lazy\" width=\"720\" height=\"100\" decoding=\"async\" data-nimg=\"1\" style=\"color:transparent\" src=\"https:\/\/www.europesays.com\/es\/wp-content\/uploads\/2025\/10\/mt686cLQl_720x0__1.jpg\"\/>Franco Colapinto choc\u00f3 en el final de la clasificaci\u00f3n del Gran Premio Azerbaiy\u00e1n.<br \/>\n(Imagen tv &#8211; FTP CLARIN 5.jpg Z Bairo)<\/p>\n<p><strong>En definitiva, adem\u00e1s de ganar carreras, el objetivo es devolver el monoplaza entero al box, <\/strong>algo que en temporadas tan largas resulta cada vez m\u00e1s dif\u00edcil. De hecho, con 17 de las 24 fechas disputadas en 2025, George Russell es el \u00fanico que no le hizo gastar ni un d\u00f3lar a su escuder\u00eda. <strong>Esa virtud convierte a Mercedes en el \u00faltimo de este curioso campeonato,<\/strong> con apenas un mill\u00f3n invertido en reparaciones\u2026 todas ellas correspondientes al joven Kimi Antonelli que suma ya US$ 1.225.000.<\/p>\n<p><strong>As\u00ed est\u00e1 la tabla del Campeonato de Destructores de la F1<\/strong><\/p>\n<ol>\n<li>Charles Lecrerc &#8211; US$ 2.245.000<\/li>\n<li>Yuki Tsunoda &#8211; US$ 2.179.000<\/li>\n<li>Oliver Bearman &#8211; US$ 1.597.000<\/li>\n<li>Lando Norris &#8211; US$ 1.580.000<\/li>\n<li>Jack Doohan &#8211; US$ 1.514.000<\/li>\n<li>Lance Stroll &#8211; US$ 1.397.000<\/li>\n<li>Carlos Sainz &#8211; US$ 1.347.000<\/li>\n<li>Isack Hadjar &#8211; US$ 1.274.000<\/li>\n<li>Kimi Antonelli &#8211; US$ 1.225.000<\/li>\n<li>Gabriel Bortoleto &#8211; US$ 1.169.000<\/li>\n<li>Fernando Alonso &#8211; US$ 1.127.000<\/li>\n<li>Pierre Gasly &#8211; US$ 1.102.000<\/li>\n<li>Oscar Piastri &#8211; US$ 1.080.000<\/li>\n<li>Lewis Hamilton &#8211; US$ 1.035.000<\/li>\n<li>Franco Colapinto &#8211; US$ 1.005.000<\/li>\n<li>Alex Albon &#8211; US$ 855.000<\/li>\n<li>Liam Lawson &#8211; US$ 842.000<\/li>\n<li>Esteban Ocon &#8211; US$ 642.000<\/li>\n<li>Nico Hulkenberg &#8211; US$ 342.000<\/li>\n<li>Max Verstappen &#8211; US$ 225.000<\/li>\n<li>George Russell &#8211; US$ 225.000<\/li>\n<\/ol>\n<p><a href=\"https:\/\/www.ole.com.ar\/autos\/dia-franco-colapinto-recibio-piloto-singapur-2024-elogio-perez_0_GuDyquhLrl.html\" aria-label=\"Video: el d\u00eda que Franco Colapinto se recibi\u00f3 de piloto de F\u00f3rmula 1, justo en Singapur \" class=\"sc-198398ff-0 dGmAry\" rel=\"nofollow noopener\" target=\"_blank\"><img alt=\"Video: el d\u00eda que Franco Colapinto se recibi\u00f3 de piloto de F\u00f3rmula 1, justo en Singapur \" loading=\"lazy\" width=\"290\" height=\"290\" decoding=\"async\" data-nimg=\"1\" style=\"color:transparent\" src=\"https:\/\/www.europesays.com\/es\/wp-content\/uploads\/2025\/10\/A2d1bG4Of_290x290__1.jpg\"\/><\/p>\n<p>Mir\u00e1 tambi\u00e9nVideo: el d\u00eda que Franco Colapinto se recibi\u00f3 de piloto de F\u00f3rmula 1, justo en Singapur <\/p>\n<p><a href=\"https:\/\/www.ole.com.ar\/autos\/sistemas-refrigeracion-formula-1-gp-singapur_0_xk4X2zu2St.html\" aria-label=\"La medida que se tom\u00f3 en la F\u00f3rmula 1 de cara al Gran Premio de Singapur \" class=\"sc-198398ff-0 dGmAry\" rel=\"nofollow noopener\" target=\"_blank\"><img alt=\"La medida que se tom\u00f3 en la F\u00f3rmula 1 de cara al Gran Premio de Singapur \" loading=\"lazy\" width=\"290\" height=\"290\" decoding=\"async\" data-nimg=\"1\" style=\"color:transparent\" src=\"https:\/\/www.europesays.com\/es\/wp-content\/uploads\/2025\/10\/sLeNDyTQU_290x290__1.jpg\"\/><\/p>\n<p>Mir\u00e1 tambi\u00e9nLa medida que se tom\u00f3 en la F\u00f3rmula 1 de cara al Gran Premio de Singapur <\/p>\n<p><a href=\"https:\/\/www.ole.com.ar\/autos\/formula-1-f1-gp-gran-premio-singapur-marina-bay-franco-colapinto-alpine_0_lGBYjAMixv.html\" aria-label=\"F\u00f3rmula 1: cu\u00e1ndo es y por d\u00f3nde ver a Colapinto en el GP de Singapur\" class=\"sc-198398ff-0 dGmAry\" rel=\"nofollow noopener\" target=\"_blank\"><img alt=\"F\u00f3rmula 1: cu\u00e1ndo es y por d\u00f3nde ver a Colapinto en el GP de Singapur\" loading=\"lazy\" width=\"290\" height=\"290\" decoding=\"async\" data-nimg=\"1\" style=\"color:transparent\" src=\"https:\/\/www.europesays.com\/es\/wp-content\/uploads\/2025\/10\/Mx07Q2zwt_290x290__1.jpg\"\/><\/p>\n<p>Mir\u00e1 tambi\u00e9nF\u00f3rmula 1: cu\u00e1ndo es y por d\u00f3nde ver a Colapinto en el GP de Singapur<\/p>\n","protected":false},"excerpt":{"rendered":"02\/10\/2025 17:12hs. En la F\u00f3rmula 1 conviven dos tablas de posiciones bien claras: el Campeonato de Pilotos, que&hellip;\n","protected":false},"author":2,"featured_media":153963,"comment_status":"","ping_status":"","sticky":false,"template":"","format":"standard","meta":{"footnotes":""},"categories":[270],"tags":[1331,168,25,24,306,271,272,1723,23,167],"class_list":{"0":"post-153962","1":"post","2":"type-post","3":"status-publish","4":"format-standard","5":"has-post-thumbnail","7":"category-formula-1","8":"tag-alpine","9":"tag-deportes","10":"tag-es","11":"tag-espana","12":"tag-f1","13":"tag-formula-1","14":"tag-formula1","15":"tag-franco-colapinto","16":"tag-spain","17":"tag-sports"},"share_on_mastodon":{"url":"","error":""},"_links":{"self":[{"href":"https:\/\/www.europesays.com\/es\/wp-json\/wp\/v2\/posts\/153962","targetHints":{"allow":["GET"]}}],"collection":[{"href":"https:\/\/www.europesays.com\/es\/wp-json\/wp\/v2\/posts"}],"about":[{"href":"https:\/\/www.europesays.com\/es\/wp-json\/wp\/v2\/types\/post"}],"author":[{"embeddable":true,"href":"https:\/\/www.europesays.com\/es\/wp-json\/wp\/v2\/users\/2"}],"replies":[{"embeddable":true,"href":"https:\/\/www.europesays.com\/es\/wp-json\/wp\/v2\/comments?post=153962"}],"version-history":[{"count":0,"href":"https:\/\/www.europesays.com\/es\/wp-json\/wp\/v2\/posts\/153962\/revisions"}],"wp:featuredmedia":[{"embeddable":true,"href":"https:\/\/www.europesays.com\/es\/wp-json\/wp\/v2\/media\/153963"}],"wp:attachment":[{"href":"https:\/\/www.europesays.com\/es\/wp-json\/wp\/v2\/media?parent=153962"}],"wp:term":[{"taxonomy":"category","embeddable":true,"href":"https:\/\/www.europesays.com\/es\/wp-json\/wp\/v2\/categories?post=153962"},{"taxonomy":"post_tag","embeddable":true,"href":"https:\/\/www.europesays.com\/es\/wp-json\/wp\/v2\/tags?post=153962"}],"curies":[{"name":"wp","href":"https:\/\/api.w.org\/{rel}","templated":true}]}}