{"id":153964,"date":"2025-10-03T02:15:17","date_gmt":"2025-10-03T02:15:17","guid":{"rendered":"https:\/\/www.europesays.com\/es\/153964\/"},"modified":"2025-10-03T02:15:17","modified_gmt":"2025-10-03T02:15:17","slug":"asi-es-el-complejo-que-quiere-construir-el-lucentum","status":"publish","type":"post","link":"https:\/\/www.europesays.com\/es\/153964\/","title":{"rendered":"as\u00ed es el complejo que quiere construir el Lucentum"},"content":{"rendered":"<p class=\"ft-text ft-helper-closenews\">La <strong>Fundaci\u00f3n Lucentum<\/strong> ha desgranado los detalles de la<strong> \u00abCiudad del Baloncesto\u00bb <\/strong>que propone para <a class=\"ft-link ft-link--decoration\" href=\"https:\/\/www.informacion.es\/alicante\/\" rel=\"nofollow noopener\" target=\"_blank\">Alicante<\/a>. Un proyecto que contempla una <strong>residencia para deportistas y dos pabellones <\/strong>sobre suelo deportivo municipal. La iniciativa, que acarrea una <strong>inversi\u00f3n en torno a los 11 millones de euros<\/strong>, cuenta con el apoyo del Ayuntamiento y desde la entidad se muestran muy convencidos en tener asegurada la financiaci\u00f3n por parte de un grupo inversor del cual no han ahondado en detalles.<\/p>\n<p class=\"ft-text\">Este jueves, con la presencia del <a class=\"ft-link ft-link--decoration\" href=\"https:\/\/www.informacion.es\/cultura\/2025\/04\/22\/crystalzoo-mejores-estudios-arquitectura-espana-116623101.html\" target=\"_blank\" rel=\"nofollow noopener\">arquitecto Jos\u00e9 Luis Campos<\/a>, se ha presentado el proyecto de los tres edificios que conformar\u00e1n un centro de alto rendimiento sobre tres <strong>parcelas municipales situadas entre la Gran V\u00eda y la V\u00eda Parque<\/strong>, en la calle Polop. Un tipo de infraestructura que hoy por hoy no existe en Alicante.<\/p>\n<p class=\"ft-text\">El plan incluye, como piedra angular sobre la que reposar\u00e1 la rentabilidad del complejo, una <strong>residencia para deportistas<\/strong> de 5.000 m\u00b2, con capacidad para alojar <strong>180 jugadores distribuidos en 90 habitaciones<\/strong> y tres plantas. Este alojamiento ser\u00e1 el primero de su tipo en la ciudad y servir\u00e1 para que el Lucentum pueda abrir v\u00edas de financiaci\u00f3n a trav\u00e9s de la<strong> organizaci\u00f3n de estancias, celebraci\u00f3n de campeonatos y eventos deportivos <\/strong>nacionales e internacionales.<\/p>\n<p><img decoding=\"async\" src=\"https:\/\/www.europesays.com\/es\/wp-content\/uploads\/2025\/10\/e3f2e6a6-ce6c-40e1-b296-ea02f460ebf5_alta-libre-aspect-ratio_default_0.jpg\" width=\"1200\" height=\"674\" alt=\"Recreaci\u00f3n del segundo pabell\u00f3n, que albergar\u00e1 cuatro pistas de minibasket, dos de ellas cubiertas.\" class=\"ft-helper-img-rd\" loading=\"lazy\" hasdataaida=\"true\"\/><\/p>\n<p class=\"ft-helper-fontColor-quaternary ft-helper-fontSize-body-S ft-helper-spacer-t-xxs\">Recreaci\u00f3n del segundo pabell\u00f3n, que albergar\u00e1 cuatro pistas de minibasket, dos de ellas cubiertas.  \/ CrystalZoo Arquitectura<\/p>\n<p class=\"ft-text\">La segunda parcela se destinar\u00e1 a un <strong>pabell\u00f3n cubierto con tres pistas<\/strong> para entrenamientos, incluso del primer equipo, y competiciones de categor\u00edas inferiores, con grader\u00edos que podr\u00edan acoger hasta a 500 aficionados. La tercera parcela, contigua al pabell\u00f3n principal, acoger\u00e1 <strong>cuatro pistas de minibasket<\/strong>, dos de ellas cubiertas. Todo esto proyectado en un horizonte temporal de dos a\u00f1os.<\/p>\n<p class=\"ft-text\">El presidente de la Fundaci\u00f3n, <strong>Daniel Adriasola<\/strong>, ha subrayado que el proyecto supone \u00abun salto cualitativo para el club y la ciudad\u00bb. El dirigente deportivo quiso repetir una <a class=\"ft-link ft-link--decoration\" href=\"https:\/\/www.informacion.es\/deportes\/2025\/09\/30\/lucentum-propone-ayuntamiento-alicante-construir-122108039.html\" target=\"_blank\" rel=\"nofollow noopener\">frase acu\u00f1ada en este peri\u00f3dico<\/a> y ha asegurado que lo que est\u00e1n haciendo como club \u00abes intentar adue\u00f1arnos de nuestro futuro y para ello estamos buscando alternativas: una es sumar a nuestros compa\u00f1eros de viaje, <a class=\"ft-link ft-link--decoration\" href=\"https:\/\/www.informacion.es\/deportes\/2025\/09\/22\/primera-entrevista-nuevo-dueno-mexicano-121852239.html\" target=\"_blank\" rel=\"nofollow noopener\">la familia D\u00edaz<\/a>, y la otra es la presentaci\u00f3n de la ciudad del baloncesto\u00bb.<\/p>\n<p class=\"ft-text\">El Lucentum no tiene en la actualidad infraestructura deportiva suficiente para que su cantera crezca, ni en tama\u00f1o ni en competitividad, y Alicante no cuenta con instalaciones para alojar deportistas. Desbloquear ambas limitaciones puede abrir nuevas posibilidades en cuanto a la organizaci\u00f3n de eventos deportivos en la ciudad, siguiendo un modelo que en la provincia es liderado por La Nucia, pero tambi\u00e9n permitir\u00e1 que crezca la pr\u00e1ctica del baloncesto de base en el club.<\/p>\n<p>\u00abApoyo absoluto\u00bb del Ayuntamiento<\/p>\n<p class=\"ft-text\">La iniciativa, por tanto, cuenta con el respaldo del alcalde <strong>Luis Barcala<\/strong> y del concejal de Deportes,<strong> Manuel Villar<\/strong>, con quienes la Fundaci\u00f3n Lucentum asegura estar<strong> trabajando de cerca desde febrero<\/strong> y gozar de \u00abapoyo absoluto\u00bb. \u00abHay quien se piensa que aqu\u00ed en Alicante se prometen muchas cosas y luego no se hacen, pero pedimos que nos den la oportunidad\u00bb, ha insistido Adriasola, quien remata asegurando que para el Lucentum este proyecto \u00abes perseguir un sue\u00f1o, y vamos a hacer todo lo posible por conseguirlo\u00bb.<\/p>\n<p class=\"ft-text\">Adriasola explic\u00f3, en la misma l\u00ednea de lo <a class=\"ft-link ft-link--decoration\" href=\"https:\/\/www.informacion.es\/deportes\/2025\/09\/30\/ayuntamiento-responde-propuesta-lucentum-magnifica-122120504.html\" target=\"_blank\" rel=\"nofollow noopener\">declarado esta semana por el concejal Villar<\/a>, que la operaci\u00f3n se canalizar\u00e1 mediante un <strong>concurso p\u00fablico <\/strong>por el cual el Consistorio sacar\u00e1 a licitaci\u00f3n la concesi\u00f3n de estas tres parcelas para el desarrollo, como ya establece la ordenaci\u00f3n urban\u00edstica actual, de dotaciones deportivas.<\/p>\n<p><img decoding=\"async\" src=\"https:\/\/www.europesays.com\/es\/wp-content\/uploads\/2025\/10\/441f1779-2f22-4399-a9cc-a691c769c9de_alta-libre-aspect-ratio_default_0.jpg\" width=\"1200\" height=\"800\" alt=\"Patronos de la Fundaci\u00f3n Lucentum, este jueves durante la presentaci\u00f3n del proyecto de la &quot;Ciudad del Baloncesto&quot;\" class=\"ft-helper-img-rd\" loading=\"lazy\" hasdataaida=\"true\"\/><\/p>\n<p class=\"ft-helper-fontColor-quaternary ft-helper-fontSize-body-S ft-helper-spacer-t-xxs\">Patronos de la Fundaci\u00f3n Lucentum, este jueves durante la presentaci\u00f3n del proyecto de la \u00abCiudad del Baloncesto\u00bb  \/ FLBA<\/p>\n<p class=\"ft-text\">En tal sentido, los patronos de la fundaci\u00f3n han adelantado que en breve iniciar\u00e1n los tr\u00e1mites desde la Concejal\u00eda de Urbanismo. A falta de que el Ayuntamiento elabore el pliego de condiciones, <strong>Ignacio Alonso<\/strong>, patrono de la entidad, ha planteado que la rentabilidad de la inversi\u00f3n, que ascender\u00e1 a los 11 millones de euros, requiere de una concesi\u00f3n m\u00ednima de 30 a\u00f1os. La gesti\u00f3n de la residencia quedar\u00eda en manos del Lucentum, que se encargar\u00e1 de garantizar la rentabilidad a los inversores y que adem\u00e1s habr\u00e1 de pagar un canon anual al Consistorio.<\/p>\n<p class=\"ft-text\">Por otra parte, una de las condiciones que se prev\u00e9 incluya el concurso y con la que ya cuenta en Lucentum es la cesi\u00f3n de horas de uso de las futuras pistas a la Concejal\u00eda de Deportes para descongestionar otros espacios municipales y favorecer la pr\u00e1ctica de otros clubes de baloncesto de la ciudad.<\/p>\n<p class=\"ft-text\">Seg\u00fan ha informado, el <strong>plan de financiaci\u00f3n <\/strong>ya est\u00e1 en su \u00faltima fase de b\u00fasqueda de capital, con la posibilidad a\u00fan abierta de que se unan m\u00e1s inversionistas, entre ellos los <a class=\"ft-link ft-link--decoration\" href=\"https:\/\/www.informacion.es\/deportes\/2025\/09\/20\/origen-asturiano-gente-baloncesto-fortuna-121758898.html\" target=\"_blank\" rel=\"nofollow noopener\">nuevos socios del primer equipo<\/a>, que de momento, en boca de Sebasti\u00e1n D\u00edaz, han dicho que el proyecto es \u00abinteresante\u00bb y lo est\u00e1n valorando. \u201cSi la familia D\u00edaz ha venido desde 10.000 kil\u00f3metros y se han comprometido es por la transparencia que hemos tenido con ellos\u201d, ha se\u00f1alado Adriasola para pedir, de nuevo, confianza en el trabajo de la fundaci\u00f3n.<\/p>\n<p class=\"ft-text\">El presidente de la entidad confirma tambi\u00e9n que <strong>el modelo de negocio de las residencias deportivas<\/strong> \u00abest\u00e1 testado\u00bb, y que solamente faltan las instalaciones para que pueda funcionar. El objetivo del Lucentum con este proyecto es que la base \u00abno dependa de nadie en concreto y pueda tener una expectativa financiera sin sobresaltos\u00bb. En este punto, ha se\u00f1alado que <strong>este proyecto es independiente del primer equipo<\/strong>, el HLA Alicante, que est\u00e1 \u00abcerca\u00bb de ser una SAD y \u00abtiene que financiarse por su lado, por otros medios\u00bb.<\/p>\n<p>El Pedro Ferr\u00e1ndiz, tema aparte<\/p>\n<p class=\"ft-text\">Sobre el <strong>Centro de Tecnificaci\u00f3n<\/strong>, Adriasola ha aclarado que seguir\u00e1 siendo la casa del primer equipo. Ha confirmado tambi\u00e9n que el concejal de Deportes le traslad\u00f3 que pronto se licitar\u00e1 la renovaci\u00f3n del parqu\u00e9 y las pantallas del recinto. Preguntado por si hay alg\u00fan plan para aprovechar mejor el uso de esta instalaci\u00f3n municipal, Adriasola ha respondido que<strong> al Pedro Ferr\u00e1ndiz \u00abes dif\u00edcil sacarle punta\u00bb<\/strong> por sus condiciones de ac\u00fastica y de espacio disponible.<\/p>\n<p class=\"ft-text\">\u201cLos pabellones, hoy en d\u00eda, solo son rentables si incorporan tambi\u00e9n oferta de ocio y restauraci\u00f3n. Con un partido cada 15 d\u00edas no hay nadie que est\u00e9 dispuesto a <a class=\"ft-link ft-link--decoration\" href=\"https:\/\/www.informacion.es\/alicante\/2025\/02\/08\/alicante-destina-millon-medio-euros-114103606.html\" target=\"_blank\" rel=\"nofollow noopener\">invertir<\/a>\u201d, ha recordado el dirigente, que en consecuencia <strong>aplaza cualquier idea sobre la casa del HLA Alicante<\/strong>, entre otras razones, porque las prioridades del trabajo en la fundaci\u00f3n han estado centradas en la llegada del grupo empresarial mexicano al primer equipo y en sacar adelante las instalaciones anunciadas esta semana.<\/p>\n<p data-close=\"closedContent\" class=\"subscribeHideForDisplay\">Suscr\u00edbete para seguir leyendo<\/p>\n","protected":false},"excerpt":{"rendered":"La Fundaci\u00f3n Lucentum ha desgranado los detalles de la \u00abCiudad del Baloncesto\u00bb que propone para Alicante. Un proyecto&hellip;\n","protected":false},"author":2,"featured_media":153965,"comment_status":"","ping_status":"","sticky":false,"template":"","format":"standard","meta":{"footnotes":""},"categories":[269],"tags":[2206,1250,299,298,168,927,25,24,2881,4994,21002,1078,10827,23,167,2965],"class_list":{"0":"post-153964","1":"post","2":"type-post","3":"status-publish","4":"format-standard","5":"has-post-thumbnail","7":"category-baloncesto","8":"tag-alicante","9":"tag-ayuntamiento","10":"tag-baloncesto","11":"tag-basketball","12":"tag-deportes","13":"tag-deportistas","14":"tag-es","15":"tag-espana","16":"tag-fundacion","17":"tag-lucentum","18":"tag-pabellones","19":"tag-primera","20":"tag-residencia","21":"tag-spain","22":"tag-sports","23":"tag-urbanismo"},"share_on_mastodon":{"url":"","error":""},"_links":{"self":[{"href":"https:\/\/www.europesays.com\/es\/wp-json\/wp\/v2\/posts\/153964","targetHints":{"allow":["GET"]}}],"collection":[{"href":"https:\/\/www.europesays.com\/es\/wp-json\/wp\/v2\/posts"}],"about":[{"href":"https:\/\/www.europesays.com\/es\/wp-json\/wp\/v2\/types\/post"}],"author":[{"embeddable":true,"href":"https:\/\/www.europesays.com\/es\/wp-json\/wp\/v2\/users\/2"}],"replies":[{"embeddable":true,"href":"https:\/\/www.europesays.com\/es\/wp-json\/wp\/v2\/comments?post=153964"}],"version-history":[{"count":0,"href":"https:\/\/www.europesays.com\/es\/wp-json\/wp\/v2\/posts\/153964\/revisions"}],"wp:featuredmedia":[{"embeddable":true,"href":"https:\/\/www.europesays.com\/es\/wp-json\/wp\/v2\/media\/153965"}],"wp:attachment":[{"href":"https:\/\/www.europesays.com\/es\/wp-json\/wp\/v2\/media?parent=153964"}],"wp:term":[{"taxonomy":"category","embeddable":true,"href":"https:\/\/www.europesays.com\/es\/wp-json\/wp\/v2\/categories?post=153964"},{"taxonomy":"post_tag","embeddable":true,"href":"https:\/\/www.europesays.com\/es\/wp-json\/wp\/v2\/tags?post=153964"}],"curies":[{"name":"wp","href":"https:\/\/api.w.org\/{rel}","templated":true}]}}