{"id":153966,"date":"2025-10-03T02:16:08","date_gmt":"2025-10-03T02:16:08","guid":{"rendered":"https:\/\/www.europesays.com\/es\/153966\/"},"modified":"2025-10-03T02:16:08","modified_gmt":"2025-10-03T02:16:08","slug":"resumen-goles-y-resultado-del-rayo-vallecano-shkendija-de-la-conference-league","status":"publish","type":"post","link":"https:\/\/www.europesays.com\/es\/153966\/","title":{"rendered":"Resumen, goles y resultado del Rayo Vallecano-Shk\u00ebndija de la Conference League"},"content":{"rendered":"<p class=\"ft-text\"><strong>\u00abQueremos llegar a la final y ganarla, es la mentalidad<\/strong>\u00ab, dec\u00eda I\u00f1igo P\u00e9rez en la previa del duelo. Y lo cierto es que <strong>el estreno del Rayo Vallecano en la Conference League no pudo ser mejor con una c\u00f3moda victoria sobre el Shk\u00ebndija<\/strong> con los tantos de Unai L\u00f3pez y Fran P\u00e9rez.<\/p>\n<p class=\"ft-text\">El inicio de partido fue toda una declaraci\u00f3n de intenciones del cuadro madrile\u00f1o. El Rayo sali\u00f3 al terreno de juego con su habitual intensidad y r\u00e1pidamente se hizo a\u00f1o y se\u00f1or de la posesi\u00f3n de bal\u00f3n. <strong>\u00c1lvaro Garc\u00eda y Trejo tuvieron el primero en sus botas, pero ambos fallaron de cara a porter\u00eda. <\/strong><\/p>\n<p class=\"ft-text\">Era un aut\u00e9ntico vendaval el equipo franjirrojo, y el premio a la insistencia lleg\u00f3 pasado el ecuador de la primera mitad. En un centro desde el carril izquierdo del &#8216;Pacha&#8217; Espino, <strong>fue Unai L\u00f3pez el encargado de iniciar la fiesta en Vallecas con un remate cruzado (1-0).<\/strong><\/p>\n<p class=\"ft-text\">Pero no ces\u00f3 aqu\u00ed la ambici\u00f3n del Rayo Vallecano. Apenas unos minutos despu\u00e9s, el cuadro espa\u00f1ol alter\u00f3 de nuevo el marcador con <strong>una gran jugada colectiva que empuj\u00f3 al fondo de la red Fran P\u00e9rez tras un pase medido de \u00c1lvaro Garc\u00eda (2-0).<\/strong><\/p>\n<p class=\"ft-text\">Tras el descanso, <strong>no cambi\u00f3 la din\u00e1mica del partido con el Rayo pasando por encima del Shk\u00ebndija<\/strong>. Los de I\u00f1igo P\u00e9rez gozaron, otra vez, de las mejores oportunidades, pero esta vez no lograron batir la porter\u00eda de los macedonios. Con el paso de los minutos, el ritmo local fue disminuyendo y las llegadas tambi\u00e9n menguaron. Ya no se movi\u00f3 m\u00e1s el marcador, <strong>y el Rayo Vallecano debut\u00f3 en la Conference League con un importante triunfo.<\/strong><\/p>\n","protected":false},"excerpt":{"rendered":"\u00abQueremos llegar a la final y ganarla, es la mentalidad\u00ab, dec\u00eda I\u00f1igo P\u00e9rez en la previa del duelo.&hellip;\n","protected":false},"author":2,"featured_media":153967,"comment_status":"","ping_status":"","sticky":false,"template":"","format":"standard","meta":{"footnotes":""},"categories":[268],"tags":[5908,168,25,24,280,282,10561,46331,281,23,167],"class_list":{"0":"post-153966","1":"post","2":"type-post","3":"status-publish","4":"format-standard","5":"has-post-thumbnail","7":"category-futbol","8":"tag-conference","9":"tag-deportes","10":"tag-es","11":"tag-espana","12":"tag-football","13":"tag-futbol","14":"tag-rayo","15":"tag-shkendija","16":"tag-soccer","17":"tag-spain","18":"tag-sports"},"share_on_mastodon":{"url":"","error":""},"_links":{"self":[{"href":"https:\/\/www.europesays.com\/es\/wp-json\/wp\/v2\/posts\/153966","targetHints":{"allow":["GET"]}}],"collection":[{"href":"https:\/\/www.europesays.com\/es\/wp-json\/wp\/v2\/posts"}],"about":[{"href":"https:\/\/www.europesays.com\/es\/wp-json\/wp\/v2\/types\/post"}],"author":[{"embeddable":true,"href":"https:\/\/www.europesays.com\/es\/wp-json\/wp\/v2\/users\/2"}],"replies":[{"embeddable":true,"href":"https:\/\/www.europesays.com\/es\/wp-json\/wp\/v2\/comments?post=153966"}],"version-history":[{"count":0,"href":"https:\/\/www.europesays.com\/es\/wp-json\/wp\/v2\/posts\/153966\/revisions"}],"wp:featuredmedia":[{"embeddable":true,"href":"https:\/\/www.europesays.com\/es\/wp-json\/wp\/v2\/media\/153967"}],"wp:attachment":[{"href":"https:\/\/www.europesays.com\/es\/wp-json\/wp\/v2\/media?parent=153966"}],"wp:term":[{"taxonomy":"category","embeddable":true,"href":"https:\/\/www.europesays.com\/es\/wp-json\/wp\/v2\/categories?post=153966"},{"taxonomy":"post_tag","embeddable":true,"href":"https:\/\/www.europesays.com\/es\/wp-json\/wp\/v2\/tags?post=153966"}],"curies":[{"name":"wp","href":"https:\/\/api.w.org\/{rel}","templated":true}]}}