{"id":153968,"date":"2025-10-03T02:17:10","date_gmt":"2025-10-03T02:17:10","guid":{"rendered":"https:\/\/www.europesays.com\/es\/153968\/"},"modified":"2025-10-03T02:17:10","modified_gmt":"2025-10-03T02:17:10","slug":"rosario-flores-muestra-las-fotos-y-videos-ineditos-de-su-hija-lola-orellana-por-su-29-cumpleanos","status":"publish","type":"post","link":"https:\/\/www.europesays.com\/es\/153968\/","title":{"rendered":"Rosario Flores muestra las fotos y v\u00eddeos in\u00e9ditos de su hija Lola Orellana por su 29 cumplea\u00f1os"},"content":{"rendered":"<p id=\"eY9JJrb7aW\" data-wc=\"118\">Lola Orellana sopla hoy las velas de su 29 cumplea\u00f1os. Una fecha importante en la familia que su madre ha celebrado con una emocionante felicitaci\u00f3n p\u00fablica: \u00abHoy es un d\u00eda maravilloso, naci\u00f3 mi hija hace 29 a\u00f1os. Felicidades, eres lo m\u00e1s grande de mi vida, la dicha m\u00e1s grande que una madre puede tener. <strong>Eres tan bonita por dentro y por fuera que no tengo palabras para explicarte todo el amor que siento por ti, estoy muy orgullosa de ti. <\/strong>Tu madre, que te quiere m\u00e1s que nada en este mundo\u00bb, ha comentado la cantante. Adem\u00e1s, ha abierto el \u00e1lbum de sus fotos y v\u00eddeos in\u00e9ditos, mostrando as\u00ed la faceta personal de <a class=\"hm-link ho-link\" href=\"https:\/\/www.hola.com\/actualidad\/20250325822172\/lola-orellana-hija-rosario-flores-novio\/\" data-mrf-recirculation=\"article-body-link\" rel=\"nofollow noopener\" target=\"_blank\">la m\u00e1s desconocida<\/a> del clan Flores.<\/p>\n","protected":false},"excerpt":{"rendered":"Lola Orellana sopla hoy las velas de su 29 cumplea\u00f1os. Una fecha importante en la familia que su&hellip;\n","protected":false},"author":2,"featured_media":153969,"comment_status":"","ping_status":"","sticky":false,"template":"","format":"standard","meta":{"footnotes":""},"categories":[174],"tags":[517,255,146,147,25,24,256,42643,23],"class_list":{"0":"post-153968","1":"post","2":"type-post","3":"status-publish","4":"format-standard","5":"has-post-thumbnail","7":"category-famosos","8":"tag-actualidad","9":"tag-celebrities","10":"tag-entertainment","11":"tag-entretenimiento","12":"tag-es","13":"tag-espana","14":"tag-famosos","15":"tag-rosario-flores","16":"tag-spain"},"share_on_mastodon":{"url":"","error":""},"_links":{"self":[{"href":"https:\/\/www.europesays.com\/es\/wp-json\/wp\/v2\/posts\/153968","targetHints":{"allow":["GET"]}}],"collection":[{"href":"https:\/\/www.europesays.com\/es\/wp-json\/wp\/v2\/posts"}],"about":[{"href":"https:\/\/www.europesays.com\/es\/wp-json\/wp\/v2\/types\/post"}],"author":[{"embeddable":true,"href":"https:\/\/www.europesays.com\/es\/wp-json\/wp\/v2\/users\/2"}],"replies":[{"embeddable":true,"href":"https:\/\/www.europesays.com\/es\/wp-json\/wp\/v2\/comments?post=153968"}],"version-history":[{"count":0,"href":"https:\/\/www.europesays.com\/es\/wp-json\/wp\/v2\/posts\/153968\/revisions"}],"wp:featuredmedia":[{"embeddable":true,"href":"https:\/\/www.europesays.com\/es\/wp-json\/wp\/v2\/media\/153969"}],"wp:attachment":[{"href":"https:\/\/www.europesays.com\/es\/wp-json\/wp\/v2\/media?parent=153968"}],"wp:term":[{"taxonomy":"category","embeddable":true,"href":"https:\/\/www.europesays.com\/es\/wp-json\/wp\/v2\/categories?post=153968"},{"taxonomy":"post_tag","embeddable":true,"href":"https:\/\/www.europesays.com\/es\/wp-json\/wp\/v2\/tags?post=153968"}],"curies":[{"name":"wp","href":"https:\/\/api.w.org\/{rel}","templated":true}]}}