{"id":153976,"date":"2025-10-03T02:25:10","date_gmt":"2025-10-03T02:25:10","guid":{"rendered":"https:\/\/www.europesays.com\/es\/153976\/"},"modified":"2025-10-03T02:25:10","modified_gmt":"2025-10-03T02:25:10","slug":"el-cantante-de-efecto-pasillo-desvela-sus-problemas-de-salud-mental-y-lanza-un-mensaje-optimista-se-puede-salir-adelante","status":"publish","type":"post","link":"https:\/\/www.europesays.com\/es\/153976\/","title":{"rendered":"El cantante de Efecto Pasillo desvela sus problemas de salud mental y lanza un mensaje optimista: \u00abSe puede salir adelante\u00bb"},"content":{"rendered":"<p class=\"v-mdl-ath__p v-mdl-ath__p--2\">\nEfe\n<\/p>\n<p class=\"v-mdl-ath__p v-mdl-ath__p--3\">\nLas Palmas de Gran Canaria\n<\/p>\n<p class=\"v-mdl-ath__p v-mdl-ath__p--6\">\nJueves, 2 de octubre 2025, 15:57<\/p>\n<p class=\"v-p\">El cantante de Efecto Pasillo, Iv\u00e1n Torres, ha desvelado este jueves que \u00abestuvo mal\u00bb por un problema de salud mental y que \u00abse puede salir adelante\u00bb, con motivo de la presentaci\u00f3n de <strong>una campa\u00f1a del Gobierno de Canarias sobre este tipo de problemas, que emplea su canci\u00f3n &#8216;A pie de vida&#8217;<\/strong>.<\/p>\n<p class=\"v-p\"><strong>\u00abSi con este proyecto alguien da el paso de pedir ayuda habr\u00e1 valido la pena\u00bb<\/strong>, ha destacado Torres en la presentaci\u00f3n del videoclip de la campa\u00f1a, financiado por la Consejer\u00eda de Sanidad con motivo del D\u00eda Mundial de la Salud Mental que se celebrar\u00e1 el 10 de octubre y en el que tambi\u00e9n participa Barrios Orquestados, un coro infantil, m\u00fasicos latinos y pacientes de salud mental.<\/p>\n<p class=\"v-p\">La consejera de Sanidad, Esther Monz\u00f3n, ha explicado que con esta iniciativa <strong>se pretende incitar a la reflexi\u00f3n y evitar el estigma de las personas con alg\u00fan tipo de trastorno mental<\/strong>, adem\u00e1s de lanzar un mensaje de esperanza y de que la resilencia es posible, a partir de una narrativa visual optimista e inspiradora.<\/p>\n<p class=\"v-p\">El v\u00eddeo, cuya grabaci\u00f3n se realiz\u00f3 en varias localizaciones de la isla de Gran Canaria, muestra al principio las miradas vac\u00edas de quienes sufren estos problemas y c\u00f3mo llegan a expresar ilusi\u00f3n y esperanza, ha destacado Monz\u00f3n, quien ha dicho que el objetivo \u00abes favorecer su integraci\u00f3n y devolver la voz a los que un d\u00eda se la quitaron\u00bb, as\u00ed como hacer ver \u00abque la vida vale la pena\u00bb, y c\u00f3mo la m\u00fasica ejerce un gran poder.<\/p>\n<p class=\"v-p\">Torres, que se ha mostrado muy agradecido de que se contara con \u00e9l para este proyecto, ha anunciado que tambi\u00e9n prepara una obra de teatro que espera estrenar el 19 de diciembre en el teatro Guiniguada de Las Palmas de Gran Canaria con el mismo fin, porque <strong>ha dicho estar convencido de que, cuando ves reflejado tu problema en otras personas, te sientes menos solo y eso \u00abte lanza a pedir ayuda\u00bb<\/strong>.<\/p>\n<p class=\"v-p\">Por ello quiere ser referente, sobre todo entre los j\u00f3venes, debido a que cada vez son m\u00e1s los que sufren problemas mentales, ha recalcado el cantante, quien ha explicado en la obra narrar\u00e1 sus experiencias, que son muchas, con 42 a\u00f1os. Ser\u00e1 una autobiograf\u00eda en la que har\u00e1 un recorrido de todas sus canciones y con un tono intimista repasar\u00e1 su vida, que \u00e9l describe como la de un ni\u00f1o de bario que sali\u00f3 adelante a base de luchar y con la m\u00fasica. El tema &#8216;A pie de vida&#8217; ser\u00e1 el colof\u00f3n de <strong>la obra, que ha titulado &#8216;M\u00e1s all\u00e1 del pasillo<\/strong>&#8216;.<\/p>\n<p class=\"v-p\">La consejera ha explicado que este videoclip es <strong>una herramienta m\u00e1s para la mejora del bienestar emocional de la poblaci\u00f3n<\/strong> y la prevenci\u00f3n de las patolog\u00edas mentales. Ha recordado que la estrategia del Plan de Salud Mental del Servicio Canario de la Salud se centra en tres pilares: la formaci\u00f3n a profesionales sanitarios y no sanitarios, la colaboraci\u00f3n intersectorial con otros \u00e1mbitos como el de la cultura para reducir el estigma y promover h\u00e1bitos de vida saludable y el refuerzo de los recursos asistenciales y de la red de salud mental.<\/p>\n<p class=\"v-p\">Con estos tres pilares, <strong>el objetivo es ofrecer un modelo de atenci\u00f3n integral al paciente con medidas a corto y a largo plazo <\/strong>y ayudar tambi\u00e9n a las familias que como cuidadores principales tambi\u00e9n precisan apoyo.<\/p>\n<p class=\"v-p\">Durante esta legislatura se han puesto en marcha diez nuevos recursos asistenciales de salud mental y se ha impulsado una serie de acciones para dar respuesta a las necesidades de la poblaci\u00f3n y seguir mejorando y ampliando estos dispositivos sanitarios, ha se\u00f1alado Monz\u00f3n, quien tambi\u00e9n ha apuntado que espera incrementar la partida presupuestaria en Atenci\u00f3n Primaria para los pacientes con trastornos leves.<\/p>\n<p>Reporta un error<\/p>\n","protected":false},"excerpt":{"rendered":"Efe Las Palmas de Gran Canaria Jueves, 2 de octubre 2025, 15:57 El cantante de Efecto Pasillo, Iv\u00e1n&hellip;\n","protected":false},"author":2,"featured_media":153977,"comment_status":"","ping_status":"","sticky":false,"template":"","format":"standard","meta":{"footnotes":""},"categories":[91],"tags":[6415,4328,4083,3427,146,147,25,24,2629,8079,4214,42556,46332,11781,789,16427,166,23],"class_list":{"0":"post-153976","1":"post","2":"type-post","3":"status-publish","4":"format-standard","5":"has-post-thumbnail","7":"category-entretenimiento","8":"tag-adelante","9":"tag-cantante","10":"tag-desvela","11":"tag-efecto","12":"tag-entertainment","13":"tag-entretenimiento","14":"tag-es","15":"tag-espana","16":"tag-lanza","17":"tag-mensaje","18":"tag-mental","19":"tag-optimismo","20":"tag-pasillo","21":"tag-problemas","22":"tag-puede","23":"tag-salir","24":"tag-salud","25":"tag-spain"},"share_on_mastodon":{"url":"","error":""},"_links":{"self":[{"href":"https:\/\/www.europesays.com\/es\/wp-json\/wp\/v2\/posts\/153976","targetHints":{"allow":["GET"]}}],"collection":[{"href":"https:\/\/www.europesays.com\/es\/wp-json\/wp\/v2\/posts"}],"about":[{"href":"https:\/\/www.europesays.com\/es\/wp-json\/wp\/v2\/types\/post"}],"author":[{"embeddable":true,"href":"https:\/\/www.europesays.com\/es\/wp-json\/wp\/v2\/users\/2"}],"replies":[{"embeddable":true,"href":"https:\/\/www.europesays.com\/es\/wp-json\/wp\/v2\/comments?post=153976"}],"version-history":[{"count":0,"href":"https:\/\/www.europesays.com\/es\/wp-json\/wp\/v2\/posts\/153976\/revisions"}],"wp:featuredmedia":[{"embeddable":true,"href":"https:\/\/www.europesays.com\/es\/wp-json\/wp\/v2\/media\/153977"}],"wp:attachment":[{"href":"https:\/\/www.europesays.com\/es\/wp-json\/wp\/v2\/media?parent=153976"}],"wp:term":[{"taxonomy":"category","embeddable":true,"href":"https:\/\/www.europesays.com\/es\/wp-json\/wp\/v2\/categories?post=153976"},{"taxonomy":"post_tag","embeddable":true,"href":"https:\/\/www.europesays.com\/es\/wp-json\/wp\/v2\/tags?post=153976"}],"curies":[{"name":"wp","href":"https:\/\/api.w.org\/{rel}","templated":true}]}}