{"id":15398,"date":"2025-07-31T03:35:08","date_gmt":"2025-07-31T03:35:08","guid":{"rendered":"https:\/\/www.europesays.com\/es\/15398\/"},"modified":"2025-07-31T03:35:08","modified_gmt":"2025-07-31T03:35:08","slug":"feijoo-promete-a-las-victimas-mediar-entre-sanchez-y-mazon-para-unificar-los-planes-de-reconstruccion-de-valencia","status":"publish","type":"post","link":"https:\/\/www.europesays.com\/es\/15398\/","title":{"rendered":"Feij\u00f3o promete a las v\u00edctimas mediar entre S\u00e1nchez y Maz\u00f3n para unificar los planes de reconstrucci\u00f3n de Valencia"},"content":{"rendered":"<p style=\"\">La reuni\u00f3n entre las principales asociaciones de v\u00edctimas de la <a href=\"https:\/\/www.abc.es\/noticias\/dana\/\" target=\"_self\" data-voc-vtm-id=\"in-text-traffic\" title=\"dana\" data-mrf-link=\"www.abc.es\" rel=\"nofollow noopener\">dana<\/a> de Valencia con <a href=\"https:\/\/www.abc.es\/noticias\/alberto-nunez-feijoo\/\" target=\"_self\" data-voc-vtm-id=\"in-text-traffic\" title=\"Alberto N\u00fa\u00f1ez Feij\u00f3o\" data-mrf-link=\"www.abc.es\" rel=\"nofollow noopener\">Alberto N\u00fa\u00f1ez Feij\u00f3o<\/a> fue cordial. As\u00ed lo confirmaron todas las partes, satisfechas por un encuentro \u00abconstructivo\u00bb que desemboc\u00f3 en un compromiso principal por parte del presidente del PP, <strong>decidido <\/strong> &#8230; <strong>a mediar con Carlos Maz\u00f3n<\/strong> para que, de una vez por todas, haya una coordinaci\u00f3n entre el plan de reconstrucci\u00f3n de la Generalitat y el del Gobierno de Espa\u00f1a. <\/p>\n<p class=\"voc-p\" style=\"\">\u00abA efectos de asegurar una reconstrucci\u00f3n ordenada y eficaz, Feij\u00f3o se compromete a poner en marcha los mecanismos necesarios para reforzar la coordinaci\u00f3n entre administraciones\u00bb, explicaban fuentes del PP, satisfechas tras el doble encuentro, en el que hubo cr\u00edticas a la labor de Maz\u00f3n, pero con la mirada puesta en el futuro y en las soluciones. <\/p>\n<p class=\"voc-p\" style=\"\">Especialmente conciliador fue el primer c\u00f3nclave del d\u00eda, el protagonizado por <strong>\u2018SOS desaparecidos\u2019<\/strong>. Su presidente, Joaqu\u00edn Amills, evit\u00f3 pedir frente a Feij\u00f3o la dimisi\u00f3n de Maz\u00f3n \u00abporque no es el momento de paralizar la reconstrucci\u00f3n, sino de trabajar y mirar al futuro, adem\u00e1s de dejar trabajar a la justicia\u00bb. <\/p>\n<p class=\"voc-p\" style=\"\">Eso no quiere decir que no hubiera cr\u00edticas hacia la gesti\u00f3n del presidente de la Generalitat, sobre todo por parte de los representantes de la otra asociaci\u00f3n, la de <strong>\u2018Damnificados por la dana Horta Sud-Valencia\u2019<\/strong>. Su portavoz, Christian Lesaec, confirmaba a la salida de la sede del PP la cordialidad del encuentro con Feij\u00f3o, al que transmiti\u00f3 la \u00abdesconfianza\u00bb de la mayor\u00eda de sus asociados con Maz\u00f3n, con el que todav\u00eda no se han reunido por desavenencias en el formato del c\u00f3nclave. <\/p>\n<p class=\"voc-p\" style=\"\">\u00abNo le hemos pedido la dimisi\u00f3n claramente. S\u00ed que le hemos transmitido que Maz\u00f3n <strong>no deber\u00eda de ser el presidente de la Generalitat<\/strong>, en nuestra opini\u00f3n. \u00c9l no est\u00e1 de acuerdo, porque considera que a la Generalitat no le correspond\u00eda gestionar la tragedia y nos ha dado ejemplos con el reciente apag\u00f3n el\u00e9ctrico o la pandemia. Pero en cualquier caso, ha sido un di\u00e1logo fruct\u00edfero\u00bb, explic\u00f3 Lesaec sobre la reuni\u00f3n que estaba previsto que durara una hora y se alarg\u00f3 por encima de las dos. <\/p>\n<p>\nReuni\u00f3n con la Generalitat\n<\/p>\n<p class=\"voc-p\" style=\"\">Feij\u00f3o expres\u00f3 la conveniencia de que se reuniera con Maz\u00f3n, de lo que Lesaec tom\u00f3 nota, tal y como explic\u00f3 a ABC. \u00abAlgunos de nuestros asociados se negaban directamente a que nos reuni\u00e9ramos con \u00e9l y buscamos una soluci\u00f3n de consenso: que la reuni\u00f3n fuera en la zona cero, que nos hubieran invitado a participar en la comisi\u00f3n de las Cortes y que <strong>hubiera presencia de c\u00e1maras<\/strong>. El equipo de Maz\u00f3n nos dijo que esta \u00faltima condici\u00f3n era inasumible y Feij\u00f3o dice que para \u00e9l tambi\u00e9n lo es\u00bb, apunt\u00f3.<\/p>\n","protected":false},"excerpt":{"rendered":"La reuni\u00f3n entre las principales asociaciones de v\u00edctimas de la dana de Valencia con Alberto N\u00fa\u00f1ez Feij\u00f3o fue&hellip;\n","protected":false},"author":2,"featured_media":15399,"comment_status":"","ping_status":"","sticky":false,"template":"","format":"standard","meta":{"footnotes":""},"categories":[8],"tags":[17,18,25,24,13,14,9860,11,19,20,1439,10207,9,10,15,16,8677,10206,10209,199,23,12,21,22,10208,235,431],"class_list":{"0":"post-15398","1":"post","2":"type-post","3":"status-publish","4":"format-standard","5":"has-post-thumbnail","7":"category-espana","8":"tag-breaking-news","9":"tag-breakingnews","10":"tag-es","11":"tag-espana","12":"tag-featured-news","13":"tag-featurednews","14":"tag-feijoo","15":"tag-headlines","16":"tag-latest-news","17":"tag-latestnews","18":"tag-mazon","19":"tag-mediar","20":"tag-news","21":"tag-noticias","22":"tag-noticias-destacadas","23":"tag-noticiasdestacadas","24":"tag-planes","25":"tag-promete","26":"tag-reconstruccion","27":"tag-sanchez","28":"tag-spain","29":"tag-titulares","30":"tag-ultimas-noticias","31":"tag-ultimasnoticias","32":"tag-unificar","33":"tag-valencia","34":"tag-victimas"},"share_on_mastodon":{"url":"","error":""},"_links":{"self":[{"href":"https:\/\/www.europesays.com\/es\/wp-json\/wp\/v2\/posts\/15398","targetHints":{"allow":["GET"]}}],"collection":[{"href":"https:\/\/www.europesays.com\/es\/wp-json\/wp\/v2\/posts"}],"about":[{"href":"https:\/\/www.europesays.com\/es\/wp-json\/wp\/v2\/types\/post"}],"author":[{"embeddable":true,"href":"https:\/\/www.europesays.com\/es\/wp-json\/wp\/v2\/users\/2"}],"replies":[{"embeddable":true,"href":"https:\/\/www.europesays.com\/es\/wp-json\/wp\/v2\/comments?post=15398"}],"version-history":[{"count":0,"href":"https:\/\/www.europesays.com\/es\/wp-json\/wp\/v2\/posts\/15398\/revisions"}],"wp:featuredmedia":[{"embeddable":true,"href":"https:\/\/www.europesays.com\/es\/wp-json\/wp\/v2\/media\/15399"}],"wp:attachment":[{"href":"https:\/\/www.europesays.com\/es\/wp-json\/wp\/v2\/media?parent=15398"}],"wp:term":[{"taxonomy":"category","embeddable":true,"href":"https:\/\/www.europesays.com\/es\/wp-json\/wp\/v2\/categories?post=15398"},{"taxonomy":"post_tag","embeddable":true,"href":"https:\/\/www.europesays.com\/es\/wp-json\/wp\/v2\/tags?post=15398"}],"curies":[{"name":"wp","href":"https:\/\/api.w.org\/{rel}","templated":true}]}}