{"id":153982,"date":"2025-10-03T02:28:08","date_gmt":"2025-10-03T02:28:08","guid":{"rendered":"https:\/\/www.europesays.com\/es\/153982\/"},"modified":"2025-10-03T02:28:08","modified_gmt":"2025-10-03T02:28:08","slug":"al-menos-tres-muertos-y-cientos-de-detenidos-en-las-protestas-de-la-generacion-z-en-marruecos","status":"publish","type":"post","link":"https:\/\/www.europesays.com\/es\/153982\/","title":{"rendered":"Al menos tres muertos y cientos de detenidos en las protestas de la generaci\u00f3n Z en Marruecos"},"content":{"rendered":"<p class=\"article-text\">\n        Al menos tres personas murieron este mi\u00e9rcoles por la noche en la ciudad de Laqliaa, en el sur de Marruecos, despu\u00e9s de que las fuerzas de seguridad<a href=\"https:\/\/www.eldiario.es\/internacional\/generacion-z-levanta-marruecos-piden-jovenes-protestas-han-saldado-decenas-arrestos_1_12645122.html\" data-mrf-recirculation=\"links-noticia\" class=\"link\" rel=\"nofollow noopener\" target=\"_blank\"> abrieran fuego contra los manifestantes durante las protestas juveniles que se suceden el pa\u00eds<\/a>, seg\u00fan las autoridades.\n    <\/p>\n<p class=\"article-text\">\n        Otras 354 personas, entre ellas 326 agentes de seguridad, han resultado heridas en las \u00faltimas 24 horas. Las autoridades locales, seg\u00fan informa la Agencia EFE, dicen que agentes de la Gendarmer\u00eda abrieron fuego despu\u00e9s de que un grupo intentara apoderarse de sus armas y municiones en un intento de asalto a su puesto en Laqliaa, cerca de la ciudad de Agadir.\n    <\/p>\n<p class=\"article-text\">\n        El colectivo an\u00f3nimo autodenominado &#8216;GENZ212&#8217; ha lanzado una nueva convocatoria de protestas pac\u00edficas para este jueves en demanda de mejoras en los servicios p\u00fablicos.\n    <\/p>\n<p class=\"article-text\">\n        Las movilizaciones pac\u00edficas que comenzaron el pasado s\u00e1bado en algunas de las grandes ciudades del pa\u00eds como Rabat, Casablanca y T\u00e1nger, de pronto se extendieron en otras zonas urbanas y rurales. Sin embargo, a partir del martes por la noche derivaron en actos de violencia y disturbios, con enfrentamientos entre los manifestantes y las fuerzas del orden que han dejado decenas de heridos, da\u00f1os materiales y cientos de detenciones.\n    <\/p>\n<p class=\"article-text\">\n        Seg\u00fan el portavoz del Ministerio del Interior marroqu\u00ed, los disturbios, protagonizados en m\u00e1s de dos tercios por menores, se han registrado en 23 provincias y han provocado da\u00f1os en 446 veh\u00edculos, incluidos 271 coches policiales, as\u00ed como la destrucci\u00f3n de 80 instalaciones privadas y publicas.\n    <\/p>\n<p class=\"article-text\">\n        Adem\u00e1s de Laqliaa, los disturbios se han producido tambi\u00e9n en Sidi Bibi, otra peque\u00f1a localidad en la regi\u00f3n de Agadir, y tambi\u00e9n en Sal\u00e9 (vecina de Rabat), T\u00e1nger (norte), Tarudant (sur) o Kenitra (al sur de Rabat), seg\u00fan testimonios de periodistas en el lugar y v\u00eddeos compartidos en las redes \u2013que no se pudieron comprobar\u2013 que muestran a manifestantes \u2013a veces con el rostro cubierto\u2013 lanzando piedras a las fuerzas del orden, junto a otras im\u00e1genes de coches volcados y en llamas y agencias bancarias incendiada.\n    <\/p>\n<p class=\"article-text\">\n        Seg\u00fan el balance del martes ofrecido ayer mi\u00e9rcoles por el Ministerio de Interior marroqu\u00ed, 409 personas fueron puestas bajo custodia policial por su supuesta implicaci\u00f3n en actos de violencia.\n    <\/p>\n<p class=\"article-text\">\n        Por su parte, la Fiscal\u00eda marroqu\u00ed anunci\u00f3 este mi\u00e9rcoles que procesar\u00e1 a un total de 193 personas acusadas de \u201cactos de violencia, destrucci\u00f3n e incitaci\u00f3n\u201d ocurridos hasta el martes, al tiempo que advirti\u00f3 que tratar\u00e1 con la \u201cm\u00e1xima firmeza\u201d los actos de vandalismo, incendios y violencia con sanciones \u201cejemplares\u201d con penas que pueden alcanzar 20 a\u00f1os y la pena perpetua.\n    <\/p>\n<p>    Los j\u00f3venes se aferran a sus protestas pac\u00edficas<\/p>\n<p class=\"article-text\">\n        El colectivo &#8216;GENZ212&#8217;, formado por miembros que dicen ser j\u00f3venes de la generaci\u00f3n Z sin pertenencia pol\u00edtica o sindical y que centran sus protestas en demandas sociales basadas en mejoras en los sectores de sanidad y educaci\u00f3n, la lucha contra la corrupci\u00f3n y mejores oportunidades laborales para los j\u00f3venes, se ha desmarcado de la violencia.\n    <\/p>\n<p class=\"article-text\">\n        Los administradores del grupo, organizado mediante la aplicaci\u00f3n Discord, han anunciado que este jueves se llevar\u00e1n a cabo nuevas manifestaciones pac\u00edficas como \u201cuna expresi\u00f3n civil y responsable\u201d de sus \u201cleg\u00edtimas demandas\u201d y aseguran que definir\u00e1n medidas para \u201cgarantizar el orden\u201d como definir un horario espec\u00edfico del comienzo y fin de las concentraciones.\n    <\/p>\n<p class=\"article-text\">\n        \u201cConfirmamos a la opini\u00f3n p\u00fablica y a las autoridades que nuestras manifestaciones ser\u00e1n totalmente pac\u00edficas y rechazamos cualquier forma de violencia, vandalismo o disturbios\u201d, se lee en su nota que se public\u00f3 tras un largo debate en la aplicaci\u00f3n sobre la continuaci\u00f3n de las manifestaciones que concluy\u00f3 con una votaci\u00f3n a favor de mantenerlas.\n    <\/p>\n<p class=\"article-text\">\n        La coalici\u00f3n de partidos pol\u00edticos que forman la mayor\u00eda gubernamental manifestaron el pasado martes su disposici\u00f3n a dialogar con los j\u00f3venes \u201cdentro de las instituciones y espacios p\u00fablicos, para encontrar soluciones realistas y viables\u201d.\n    <\/p>\n<p class=\"article-text\">\n        El ministro de Sanidad marroqu\u00ed, Amine Tahraoui, fue convocado anoche por una comisi\u00f3n parlamentaria de la C\u00e1mara de Representantes (baja) a una reuni\u00f3n urgente para tratar la situaci\u00f3n del sector de sanidad en el pa\u00eds.\n    <\/p>\n<p>    <a href=\"https:\/\/www.eldiario.es\/internacional\/generacion-z-levanta-marruecos-piden-jovenes-protestas-han-saldado-decenas-arrestos_1_12645122.html\" data-mrf-recirculation=\"saber-mas-abajo\" data-dl-event=\"saber-mas-abajo\" rel=\"nofollow noopener\" target=\"_blank\"><\/p>\n<p class=\"know-more__title\">La generaci\u00f3n Z se levanta en Marruecos: qu\u00e9 piden los j\u00f3venes en las protestas que se han saldado con decenas de arrestos\n<\/p>\n<p>            <img decoding=\"async\" class=\"lazy\" loading=\"lazy\" data-src=\"https:\/\/static.eldiario.es\/clip\/5755d357-cbfd-4e1c-b052-c817d902edb9_16-9-aspect-ratio_default_0.jpg\" src=\"data:image\/svg+xml,%3Csvg xmlns=\" http:=\"\" viewbox=\"0 0 880 495\" alt=\"La generaci\u00f3n Z se levanta en Marruecos: qu\u00e9 piden los j\u00f3venes en las protestas que se han saldado con decenas de arrestos\"\/><\/p>\n<p>                        <\/a><\/p>\n<p class=\"article-text\">\n        Durante el encuentro, transmitido en directo por el canal del parlamento, el responsable expres\u00f3 su comprensi\u00f3n hacia las demandas de los j\u00f3venes, al tiempo que defendi\u00f3 el actual plan de reforma impulsado por el Ejecutivo como \u201cel camino para cumplir con estas expectativas\u201d.\n    <\/p>\n","protected":false},"excerpt":{"rendered":"Al menos tres personas murieron este mi\u00e9rcoles por la noche en la ciudad de Laqliaa, en el sur&hellip;\n","protected":false},"author":2,"featured_media":153983,"comment_status":"","ping_status":"","sticky":false,"template":"","format":"standard","meta":{"footnotes":""},"categories":[42],"tags":[17,18,5439,1562,13,14,4936,11,61,62,63,64,19,20,4485,5161,9,10,15,16,2315,12,603,21,22,65,66,67,23488],"class_list":{"0":"post-153982","1":"post","2":"type-post","3":"status-publish","4":"format-standard","5":"has-post-thumbnail","7":"category-internacional","8":"tag-breaking-news","9":"tag-breakingnews","10":"tag-cientos","11":"tag-detenidos","12":"tag-featured-news","13":"tag-featurednews","14":"tag-generacion","15":"tag-headlines","16":"tag-internacional","17":"tag-international","18":"tag-international-news","19":"tag-internationalnews","20":"tag-latest-news","21":"tag-latestnews","22":"tag-marruecos","23":"tag-muertos","24":"tag-news","25":"tag-noticias","26":"tag-noticias-destacadas","27":"tag-noticiasdestacadas","28":"tag-protestas","29":"tag-titulares","30":"tag-tres","31":"tag-ultimas-noticias","32":"tag-ultimasnoticias","33":"tag-world","34":"tag-world-news","35":"tag-worldnews","36":"tag-z"},"share_on_mastodon":{"url":"","error":""},"_links":{"self":[{"href":"https:\/\/www.europesays.com\/es\/wp-json\/wp\/v2\/posts\/153982","targetHints":{"allow":["GET"]}}],"collection":[{"href":"https:\/\/www.europesays.com\/es\/wp-json\/wp\/v2\/posts"}],"about":[{"href":"https:\/\/www.europesays.com\/es\/wp-json\/wp\/v2\/types\/post"}],"author":[{"embeddable":true,"href":"https:\/\/www.europesays.com\/es\/wp-json\/wp\/v2\/users\/2"}],"replies":[{"embeddable":true,"href":"https:\/\/www.europesays.com\/es\/wp-json\/wp\/v2\/comments?post=153982"}],"version-history":[{"count":0,"href":"https:\/\/www.europesays.com\/es\/wp-json\/wp\/v2\/posts\/153982\/revisions"}],"wp:featuredmedia":[{"embeddable":true,"href":"https:\/\/www.europesays.com\/es\/wp-json\/wp\/v2\/media\/153983"}],"wp:attachment":[{"href":"https:\/\/www.europesays.com\/es\/wp-json\/wp\/v2\/media?parent=153982"}],"wp:term":[{"taxonomy":"category","embeddable":true,"href":"https:\/\/www.europesays.com\/es\/wp-json\/wp\/v2\/categories?post=153982"},{"taxonomy":"post_tag","embeddable":true,"href":"https:\/\/www.europesays.com\/es\/wp-json\/wp\/v2\/tags?post=153982"}],"curies":[{"name":"wp","href":"https:\/\/api.w.org\/{rel}","templated":true}]}}