{"id":153984,"date":"2025-10-03T02:29:16","date_gmt":"2025-10-03T02:29:16","guid":{"rendered":"https:\/\/www.europesays.com\/es\/153984\/"},"modified":"2025-10-03T02:29:16","modified_gmt":"2025-10-03T02:29:16","slug":"mazon-rehuye-explicar-las-diferencias-de-actuacion-de-la-generalitat-entre-el-reciente-temporal-y-la-dana-que-causo-229-muertos-noticias-de-la-comunidad-valenciana","status":"publish","type":"post","link":"https:\/\/www.europesays.com\/es\/153984\/","title":{"rendered":"Maz\u00f3n reh\u00faye explicar las diferencias de actuaci\u00f3n de la Generalitat entre el reciente temporal y la dana que caus\u00f3 229 muertos | Noticias de la Comunidad Valenciana"},"content":{"rendered":"<p class=\"\">Ni una palabra. El presidente de la Generalitat valenciana, Carlos Maz\u00f3n, no ha dedicado este jueves ni una palabra a explicar en Les Corts Valencianes las <a href=\"https:\/\/elpais.com\/espana\/comunidad-valenciana\/2025-09-30\/la-generalitat-rectifica-y-actua-con-celeridad-en-el-nuevo-temporal-pero-mazon-no-se-escapa-de-la-polemica.html\" target=\"_self\" rel=\"nofollow noopener\" title=\"https:\/\/elpais.com\/espana\/comunidad-valenciana\/2025-09-30\/la-generalitat-rectifica-y-actua-con-celeridad-en-el-nuevo-temporal-pero-mazon-no-se-escapa-de-la-polemica.html\">evidentes diferencias<\/a> en la actuaci\u00f3n de la Generalitat en <a href=\"https:\/\/elpais.com\/noticias\/gota-fria\/\" target=\"_self\" rel=\"nofollow noopener\" title=\"https:\/\/elpais.com\/noticias\/gota-fria\/\">la dana de 2024,<\/a> que se llev\u00f3 la vida de 229 v\u00edctimas, y en las <a href=\"https:\/\/elpais.com\/espana\/2025-09-29\/las-intensas-lluvias-en-el-este-peninsular-devuelven-los-peores-recuerdos-de-la-dana-de-valencia.html\" target=\"_self\" rel=\"nofollow noopener\" title=\"https:\/\/elpais.com\/espana\/2025-09-29\/las-intensas-lluvias-en-el-este-peninsular-devuelven-los-peores-recuerdos-de-la-dana-de-valencia.html\">recientes lluvias torrenciales <\/a>del lunes, en las que se adoptaron medidas de prevenci\u00f3n con celeridad. <\/p>\n<p class=\"\">Por dos veces ha sido preguntado en la sesi\u00f3n de control y otras tantas ha evitado referirse a estas cuestiones: por qu\u00e9 el pasado domingo la Generalitat envi\u00f3 la alarma ES-Alert a la ciudadan\u00eda 11 horas antes de la activaci\u00f3n de la alerta roja en Valencia, con un contenido que recomendaba subir a pisos altos, y en la dana del 29 de octubre se remiti\u00f3 casi 13 horas despu\u00e9s, cuando ya se hab\u00edan producido la mayor\u00eda de v\u00edctimas, y con un enunciado \u201cerr\u00f3neo\u201d, seg\u00fan la jueza de instrucci\u00f3n de la causa penal, Nuria Ruiz Tobarra; por qu\u00e9 se convoc\u00f3 hace cuatro d\u00edas la reuni\u00f3n para coordinar la emergencia horas antes del aviso rojo y entonces se hizo casi nueve horas y media despu\u00e9s; o por qu\u00e9 se enviaron bomberos forestales a vigilar los barrancos como el Poyo durante toda la alerta y en la dana fueron retirados sobre las 14.40, justo antes de que empezaron a producirse los desbordamientos m\u00e1s mort\u00edferos.<\/p>\n<p class=\"\">El portavoz socialista, Jos\u00e9 Mu\u00f1oz, ha formulado primero estas cuestiones \u201cincontrovertibles\u201d, antes de incidir en que el \u00fanico denominador com\u00fan entre ambas emergencias ha sido que \u201cMaz\u00f3n estaba ausente\u201d. \u201cDando besitos en un acto de partido en Murcia\u201d, ha apostillado, en alusi\u00f3n al encuentro con el presidente del PP, Alberto N\u00fa\u00f1ez Feij\u00f3o, sobre inmigraci\u00f3n celebrado el pasado domingo. <\/p>\n<p class=\"\">La r\u00e9plica inmediata de Maz\u00f3n ha sido completamente inesperada y ha desviado la atenci\u00f3n. El president ha preguntado a Mu\u00f1oz si ratifica la \u201cbarbaridad\u201d del <a href=\"https:\/\/x.com\/QuiqueVal\/status\/1973677722703736942\/photo\/1\" target=\"_self\" rel=\"nofollow\" title=\"https:\/\/x.com\/QuiqueVal\/status\/1973677722703736942\/photo\/1\">mensaje en X del secretario de Organizaci\u00f3n del PSPV-PSOE,<\/a> Vicent Mascarell, en el que acusa a <a href=\"https:\/\/elpais.com\/espana\/comunidad-valenciana\/2023-09-24\/mar-galceran-primera-diputada-con-sindrome-de-down-me-estoy-acostumbrado-a-que-me-llamen-senoria.html\" target=\"_self\" rel=\"nofollow noopener\" title=\"https:\/\/elpais.com\/espana\/comunidad-valenciana\/2023-09-24\/mar-galceran-primera-diputada-con-sindrome-de-down-me-estoy-acostumbrado-a-que-me-llamen-senoria.html\">la diputada popular con s\u00edndrome de Down, Mar Galcer\u00e1n<\/a>, de \u201ctener la mente sucia\u201d, seg\u00fan ha dicho textualmente. <\/p>\n<p class=\"\">Esta ma\u00f1ana, poco antes del pleno, Galcer\u00e1n ha respondido en su cuenta de X a <a href=\"https:\/\/x.com\/vicentmascarell\" target=\"_self\" rel=\"nofollow\" title=\"https:\/\/x.com\/vicentmascarell\">un tuit de Mascarell cr\u00edtico con Maz\u00f3n<\/a> (su presencia en la procesi\u00f3n del 9 de Octubre \u201censucia el sentido del civismo\u201d, seg\u00fan el socialista) de la siguiente manera: \u201dTiene la boca muy sucia, yo de usted me la limpiar\u00eda. Mucho cuidado con lo que dice\u201d. \u201cY usted la mente\u201d, ha respondido Mascarell, que luego ha pedido disculpas y ha asegurado desconocer que la remitente tiene s\u00edndrome de Down. Mu\u00f1oz ha comentado que le hab\u00eda dado la enhorabuena a la diputada por el premio concedido por la ONCE y por su ejemplo, antes de seguir pidi\u00e9ndole explicaciones al jefe del Consell. <\/p>\n<p class=\"\">Maz\u00f3n ha retomado el hilo del debate siguiendo la premisa, tan socorrida en las sesiones de control sin distinci\u00f3n de color pol\u00edtico, de que la mejor defensa es un buen ataque. Sin entrar en ning\u00fan momento en las diferencias de actuaci\u00f3n de la Generalitat que preside, ha acusado a los socialistas de lanzar bulos durante 11 meses y de practicar el doble rasero. No tiene \u201cel don de la ubicuidad\u201d, estuvo en Murcia y el lunes, el d\u00eda de la alerta, cumpli\u00f3 \u201ccon sus obligaciones\u201d, ha afirmado. <\/p>\n<p class=\"\">En este sentido, le ha preguntado al socialista por qu\u00e9 no hablan de Salvador Illa, primer secretario del PSC, \u201cque no fue a la reuni\u00f3n\u201d de emergencia de su Gobierno cuando en Tarragona ya se hab\u00eda activado el aviso rojo. \u201cY no tengo que criticarle nada\u201d, ha concedido, porque seguro que sus responsables de emergencias se han ocupado de su cometido, ha agregado. Luego, se ha retrotra\u00eddo a la semana pasada y le ha planteado a Mu\u00f1oz por qu\u00e9 no defendi\u00f3 la actuaci\u00f3n del Gobierno, presidido por el socialista Pedro S\u00e1nchez, durante la dana en el debate de pol\u00edtica general. En \u00e9l, Maz\u00f3n emple\u00f3 siete horas y 20 minutos para defender su gesti\u00f3n y ni un segundo para explicar su actuaci\u00f3n durante la fat\u00eddica tarde de la dana, cuando mantuvo una comida de al menos tres horas y media con una periodista.<\/p>\n<p class=\"\">El portavoz de Comprom\u00eds, Joan Baldov\u00ed, ha abundado en las conclusiones y lecciones aprendidas en las recientes lluvias torrenciales con respecto a la gota fr\u00eda de 2024 y ha acusado a Maz\u00f3n de ser \u201cun imputado en diferido\u201d, de estar m\u00e1s pendiente \u201cde su estrategia judicial\u201d que de proteger a la poblaci\u00f3n y le ha pedido su dimisi\u00f3n, como Mu\u00f1oz. El president le ha replicado apuntando a las discrepancias internas de la coalici\u00f3n, acus\u00e1ndole de repetir bulos y mentiras y afeando lo que ser\u00eda un gobierno presidido por \u00e9l.<\/p>\n","protected":false},"excerpt":{"rendered":"Ni una palabra. El presidente de la Generalitat valenciana, Carlos Maz\u00f3n, no ha dedicado este jueves ni una&hellip;\n","protected":false},"author":2,"featured_media":153985,"comment_status":"","ping_status":"","sticky":false,"template":"","format":"standard","meta":{"footnotes":""},"categories":[8],"tags":[17,18,2007,242,46334,25,24,13,14,238,11,46335,19,20,9,10,15,16,23,12,21,22,235],"class_list":{"0":"post-153984","1":"post","2":"type-post","3":"status-publish","4":"format-standard","5":"has-post-thumbnail","7":"category-espana","8":"tag-breaking-news","9":"tag-breakingnews","10":"tag-carlos-mazon","11":"tag-comunidad-valenciana","12":"tag-corts-valencianes","13":"tag-es","14":"tag-espana","15":"tag-featured-news","16":"tag-featurednews","17":"tag-generalitat-valenciana","18":"tag-headlines","19":"tag-joan-baldovi-roda","20":"tag-latest-news","21":"tag-latestnews","22":"tag-news","23":"tag-noticias","24":"tag-noticias-destacadas","25":"tag-noticiasdestacadas","26":"tag-spain","27":"tag-titulares","28":"tag-ultimas-noticias","29":"tag-ultimasnoticias","30":"tag-valencia"},"share_on_mastodon":{"url":"","error":""},"_links":{"self":[{"href":"https:\/\/www.europesays.com\/es\/wp-json\/wp\/v2\/posts\/153984","targetHints":{"allow":["GET"]}}],"collection":[{"href":"https:\/\/www.europesays.com\/es\/wp-json\/wp\/v2\/posts"}],"about":[{"href":"https:\/\/www.europesays.com\/es\/wp-json\/wp\/v2\/types\/post"}],"author":[{"embeddable":true,"href":"https:\/\/www.europesays.com\/es\/wp-json\/wp\/v2\/users\/2"}],"replies":[{"embeddable":true,"href":"https:\/\/www.europesays.com\/es\/wp-json\/wp\/v2\/comments?post=153984"}],"version-history":[{"count":0,"href":"https:\/\/www.europesays.com\/es\/wp-json\/wp\/v2\/posts\/153984\/revisions"}],"wp:featuredmedia":[{"embeddable":true,"href":"https:\/\/www.europesays.com\/es\/wp-json\/wp\/v2\/media\/153985"}],"wp:attachment":[{"href":"https:\/\/www.europesays.com\/es\/wp-json\/wp\/v2\/media?parent=153984"}],"wp:term":[{"taxonomy":"category","embeddable":true,"href":"https:\/\/www.europesays.com\/es\/wp-json\/wp\/v2\/categories?post=153984"},{"taxonomy":"post_tag","embeddable":true,"href":"https:\/\/www.europesays.com\/es\/wp-json\/wp\/v2\/tags?post=153984"}],"curies":[{"name":"wp","href":"https:\/\/api.w.org\/{rel}","templated":true}]}}