{"id":153986,"date":"2025-10-03T02:30:33","date_gmt":"2025-10-03T02:30:33","guid":{"rendered":"https:\/\/www.europesays.com\/es\/153986\/"},"modified":"2025-10-03T02:30:33","modified_gmt":"2025-10-03T02:30:33","slug":"francia-detiene-a-dos-tripulantes-de-un-petrolero-vinculado-a-la-flota-fantasma-rusa","status":"publish","type":"post","link":"https:\/\/www.europesays.com\/es\/153986\/","title":{"rendered":"Francia detiene a dos tripulantes de un petrolero vinculado a la flota fantasma rusa"},"content":{"rendered":"<p>      Reuters<br \/>\n        \u00a0\u2014\u00a0<\/p>\n<p class=\"paragraph inline-placeholder vossi-paragraph\" data-uri=\"es.cms.cnn.com\/_components\/paragraph\/instances\/cmg96fy2p004026qhcnijg2dx@published\" data-editable=\"text\" data-component-name=\"paragraph\" data-article-gutter=\"true\">\n            La polic\u00eda francesa arrest\u00f3 a dos miembros de la tripulaci\u00f3n de un petrolero sospechoso de pertenecer a la flota fantasma rusa despu\u00e9s de que la marina francesa abordara el buque durante el fin de semana, dijo el primer ministro S\u00e9bastien Lecornu en una <a href=\"https:\/\/x.com\/SebLecornu\/status\/1973645240016716017\" target=\"_blank\" rel=\"nofollow\">publicaci\u00f3n en X<\/a> el jueves.\n    <\/p>\n<p class=\"paragraph inline-placeholder vossi-paragraph\" data-uri=\"es.cms.cnn.com\/_components\/paragraph\/instances\/cmg96i0y50007356nglx1wc7e@published\" data-editable=\"text\" data-component-name=\"paragraph\" data-article-gutter=\"true\">\n            Los dos tripulantes fueron detenidos a petici\u00f3n del fiscal de Brest, cuya oficina se ocupa de la investigaci\u00f3n sobre el barco, actualmente anclado en el oeste de Francia.\n    <\/p>\n<p class=\"paragraph inline-placeholder vossi-paragraph\" data-uri=\"es.cms.cnn.com\/_components\/paragraph\/instances\/cmg96i0y50008356n4wcssrft@published\" data-editable=\"text\" data-component-name=\"paragraph\" data-article-gutter=\"true\">\n            Su tripulaci\u00f3n est\u00e1 acusada de no proporcionar prueba de la nacionalidad del buque y de no cumplir \u00f3rdenes.\n    <\/p>\n<p class=\"paragraph inline-placeholder vossi-paragraph\" data-uri=\"es.cms.cnn.com\/_components\/paragraph\/instances\/cmg96i0y50009356nafxlpnfb@published\" data-editable=\"text\" data-component-name=\"paragraph\" data-article-gutter=\"true\">\n            Esta es una historia en desarrollo y se actualizar\u00e1.\n    <\/p>\n","protected":false},"excerpt":{"rendered":"Reuters \u00a0\u2014\u00a0 La polic\u00eda francesa arrest\u00f3 a dos miembros de la tripulaci\u00f3n de un petrolero sospechoso de pertenecer&hellip;\n","protected":false},"author":2,"featured_media":153987,"comment_status":"","ping_status":"","sticky":false,"template":"","format":"standard","meta":{"footnotes":""},"categories":[5],"tags":[17,18,25,24,13,14,46336,317,11,19,20,9,10,15,16,1614,23,12,21,22],"class_list":{"0":"post-153986","1":"post","2":"type-post","3":"status-publish","4":"format-standard","5":"has-post-thumbnail","7":"category-titulares","8":"tag-breaking-news","9":"tag-breakingnews","10":"tag-es","11":"tag-espana","12":"tag-featured-news","13":"tag-featurednews","14":"tag-flota-fantasma-rusa","15":"tag-francia","16":"tag-headlines","17":"tag-latest-news","18":"tag-latestnews","19":"tag-news","20":"tag-noticias","21":"tag-noticias-destacadas","22":"tag-noticiasdestacadas","23":"tag-rusia","24":"tag-spain","25":"tag-titulares","26":"tag-ultimas-noticias","27":"tag-ultimasnoticias"},"share_on_mastodon":{"url":"","error":""},"_links":{"self":[{"href":"https:\/\/www.europesays.com\/es\/wp-json\/wp\/v2\/posts\/153986","targetHints":{"allow":["GET"]}}],"collection":[{"href":"https:\/\/www.europesays.com\/es\/wp-json\/wp\/v2\/posts"}],"about":[{"href":"https:\/\/www.europesays.com\/es\/wp-json\/wp\/v2\/types\/post"}],"author":[{"embeddable":true,"href":"https:\/\/www.europesays.com\/es\/wp-json\/wp\/v2\/users\/2"}],"replies":[{"embeddable":true,"href":"https:\/\/www.europesays.com\/es\/wp-json\/wp\/v2\/comments?post=153986"}],"version-history":[{"count":0,"href":"https:\/\/www.europesays.com\/es\/wp-json\/wp\/v2\/posts\/153986\/revisions"}],"wp:featuredmedia":[{"embeddable":true,"href":"https:\/\/www.europesays.com\/es\/wp-json\/wp\/v2\/media\/153987"}],"wp:attachment":[{"href":"https:\/\/www.europesays.com\/es\/wp-json\/wp\/v2\/media?parent=153986"}],"wp:term":[{"taxonomy":"category","embeddable":true,"href":"https:\/\/www.europesays.com\/es\/wp-json\/wp\/v2\/categories?post=153986"},{"taxonomy":"post_tag","embeddable":true,"href":"https:\/\/www.europesays.com\/es\/wp-json\/wp\/v2\/tags?post=153986"}],"curies":[{"name":"wp","href":"https:\/\/api.w.org\/{rel}","templated":true}]}}