{"id":153988,"date":"2025-10-03T02:31:07","date_gmt":"2025-10-03T02:31:07","guid":{"rendered":"https:\/\/www.europesays.com\/es\/153988\/"},"modified":"2025-10-03T02:31:07","modified_gmt":"2025-10-03T02:31:07","slug":"el-jugador-del-confia-balonmano-base-oviedo-helio-pina-convocado-con-la-seleccion-de-cabo-verde","status":"publish","type":"post","link":"https:\/\/www.europesays.com\/es\/153988\/","title":{"rendered":"El jugador del Conf\u00eda Balonmano Base Oviedo, H\u00e9lio Pina, convocado con la selecci\u00f3n de Cabo Verde"},"content":{"rendered":"<p class=\"ft-text\"><strong>H\u00e9lio Pina, jugador del Conf\u00eda Base Oviedo, ha sido convocado por la selecci\u00f3n de Cabo Verde para la disputa de tres partidos. <\/strong>El jugador estar\u00e1 presente en el Torneo \u00abAngola 50 a\u00f1os\u00bb, que <strong>tendr\u00e1 lugar entre el 29 de octubre y el 1 de noviembre. <\/strong><\/p>\n<p class=\"ft-text\">H\u00e9lio Pina disputar\u00e1 su primer encuentro con<strong> Cabo Verde<\/strong> el 29 de octubre ante la selecci\u00f3n de Marruecos;<strong> el 30 de octubre se medir\u00e1 a la Rep\u00fablica Democr\u00e1tica del Congo y el 1 de noviembre se enfrentar\u00e1 a la anfitriona, Angola. <\/strong><\/p>\n<p class=\"ft-text\">A sus <strong>26 a\u00f1os<\/strong>, ser\u00e1 la primera convocatoria de <strong>H\u00e9lio Pina<\/strong> con la selecci\u00f3n absoluta de <strong>Cabo Verde<\/strong>. Anteriormente, hab\u00eda sido citado con las categor\u00edas inferiores de su pa\u00eds y, en 2022, hab\u00eda estado en una prelista.<strong> En esta ocasi\u00f3n, ser\u00e1 su primera citaci\u00f3n oficial. H\u00e9lio Pina cumple su segunda temporada en el Conf\u00eda Base Oviedo.<\/strong><\/p>\n","protected":false},"excerpt":{"rendered":"H\u00e9lio Pina, jugador del Conf\u00eda Base Oviedo, ha sido convocado por la selecci\u00f3n de Cabo Verde para la&hellip;\n","protected":false},"author":2,"featured_media":153989,"comment_status":"","ping_status":"","sticky":false,"template":"","format":"standard","meta":{"footnotes":""},"categories":[278],"tags":[12102,376,5715,19548,3279,9758,168,25,24,375,378,4485,1796,23,167],"class_list":{"0":"post-153988","1":"post","2":"type-post","3":"status-publish","4":"format-standard","5":"has-post-thumbnail","7":"category-balonmano","8":"tag-angola","9":"tag-balonmano","10":"tag-base","11":"tag-cabo-verde","12":"tag-confia","13":"tag-congo","14":"tag-deportes","15":"tag-es","16":"tag-espana","17":"tag-handball","18":"tag-jugador","19":"tag-marruecos","20":"tag-oviedo","21":"tag-spain","22":"tag-sports"},"share_on_mastodon":{"url":"","error":""},"_links":{"self":[{"href":"https:\/\/www.europesays.com\/es\/wp-json\/wp\/v2\/posts\/153988","targetHints":{"allow":["GET"]}}],"collection":[{"href":"https:\/\/www.europesays.com\/es\/wp-json\/wp\/v2\/posts"}],"about":[{"href":"https:\/\/www.europesays.com\/es\/wp-json\/wp\/v2\/types\/post"}],"author":[{"embeddable":true,"href":"https:\/\/www.europesays.com\/es\/wp-json\/wp\/v2\/users\/2"}],"replies":[{"embeddable":true,"href":"https:\/\/www.europesays.com\/es\/wp-json\/wp\/v2\/comments?post=153988"}],"version-history":[{"count":0,"href":"https:\/\/www.europesays.com\/es\/wp-json\/wp\/v2\/posts\/153988\/revisions"}],"wp:featuredmedia":[{"embeddable":true,"href":"https:\/\/www.europesays.com\/es\/wp-json\/wp\/v2\/media\/153989"}],"wp:attachment":[{"href":"https:\/\/www.europesays.com\/es\/wp-json\/wp\/v2\/media?parent=153988"}],"wp:term":[{"taxonomy":"category","embeddable":true,"href":"https:\/\/www.europesays.com\/es\/wp-json\/wp\/v2\/categories?post=153988"},{"taxonomy":"post_tag","embeddable":true,"href":"https:\/\/www.europesays.com\/es\/wp-json\/wp\/v2\/tags?post=153988"}],"curies":[{"name":"wp","href":"https:\/\/api.w.org\/{rel}","templated":true}]}}