{"id":15400,"date":"2025-07-31T03:36:13","date_gmt":"2025-07-31T03:36:13","guid":{"rendered":"https:\/\/www.europesays.com\/es\/15400\/"},"modified":"2025-07-31T03:36:13","modified_gmt":"2025-07-31T03:36:13","slug":"powell-mantiene-los-tipos-pese-a-las-presiones-de-trump-y-al-historico-voto-en-contra-de-dos-gobernadores-de-la-reserva-federal-economia","status":"publish","type":"post","link":"https:\/\/www.europesays.com\/es\/15400\/","title":{"rendered":"Powell mantiene los tipos, pese a las presiones de Trump y al hist\u00f3rico voto en contra de dos gobernadores de la Reserva Federal | Econom\u00eda"},"content":{"rendered":"<p class=\"\">No hubo sorpresa en el fondo del asunto este mi\u00e9rcoles en el edificio Eccles, sede de la Reserva Federal (Fed) en Washington, cuyas obras de remodelaci\u00f3n se han convertido en las \u00faltimas semanas en un asunto de inter\u00e9s internacional por la fijaci\u00f3n de Donald Trump con su sobrecoste. El banco central estadounidense y su presidente, Jerome Powell, cumplieron con la previsi\u00f3n y no tocaron los tipos de inter\u00e9s, que quedan \u2014pese a la <a href=\"https:\/\/elpais.com\/economia\/2025-07-20\/trump-contra-el-senor-demasiado-tarde-anatomia-de-la-campana-de-acoso-y-derribo-al-presidente-de-la-fed.html\" target=\"_blank\" rel=\"noreferrer nofollow noopener\" title=\"https:\/\/elpais.com\/economia\/2025-07-20\/trump-contra-el-senor-demasiado-tarde-anatomia-de-la-campana-de-acoso-y-derribo-al-presidente-de-la-fed.html\">insistencia y a las presiones del presidente de Estados Unidos<\/a>\u2014 como estaban: en el 4,25%-4,50%. <\/p>\n<p class=\"\">La noticia salt\u00f3 por otro lado, con el hist\u00f3rico voto en contra de dos de los gobernadores con capacidad para decidir sobre el precio del dinero. Tanto <a href=\"https:\/\/elpais.com\/economia\/2025-07-15\/la-casa-blanca-eleva-su-presion-sobre-powell-a-quien-ya-estan-buscando-sustituto.html#?rel=mas\" target=\"_blank\" rel=\"noreferrer nofollow noopener\" title=\"https:\/\/elpais.com\/economia\/2025-07-15\/la-casa-blanca-eleva-su-presion-sobre-powell-a-quien-ya-estan-buscando-sustituto.html#?rel=mas\">Chris Waller<\/a> \u2014tal vez para congraciarse con Trump, que anda buscando sustituto para el puesto para cuando Powell lo deje en mayo de 2026\u2014 como Michelle Bowman marcaron \u00e9poca al convertir la reuni\u00f3n de esta semana en la primera en 32 a\u00f1os en la que el presidente de la Fed cosech\u00f3 dos noes. <\/p>\n<p class=\"\">\u201cAmbos\u201d, se puede leer en el comunicado posterior a la reuni\u00f3n de junio del Comit\u00e9 <a href=\"https:\/\/www.federalreserve.gov\/newsevents\/pressreleases\/monetary20250730a.htm\" target=\"_blank\" rel=\"noreferrer nofollow noopener\" title=\"https:\/\/www.federalreserve.gov\/newsevents\/pressreleases\/monetary20250730a.htm\">Federal de Mercado Abierto (FOMC son sus siglas en ingl\u00e9s),<\/a> \u201cprefirieron bajar un cuarto de punto los tipos de inter\u00e9s\u201d. Esa frase es el \u00fanico cambio en la decisi\u00f3n de la Fed con respecto al texto publicado en mayo. \u201cLa mayor\u00eda del Comit\u00e9 opinaba que la inflaci\u00f3n est\u00e1 un poco por encima del objetivo [del 2%]\u201d, dijo Powell en la conferencia de prensa posterior a la reuni\u00f3n. \u201cEso requiere, en mi opini\u00f3n, una postura moderadamente restrictiva en este momento. Hubo dos disidentes, y valoramos que expresen su opini\u00f3n. Fue una discusi\u00f3n interesante\u201d, apunt\u00f3.<\/p>\n<p><img alt=\"El presidente de la Reserva Federal, Jerome Powell, este mi\u00e9rcoles en Washington.\" decoding=\"auto\" class=\"_re lazyload a_m-h\" height=\"277\"  width=\"414\"  src=\"https:\/\/www.europesays.com\/es\/wp-content\/uploads\/2025\/07\/7NVA5J3UW5IARFQVNBA5USHQXY.jpg\" loading=\"lazy\"\/>El presidente de la Reserva Federal, Jerome Powell, este mi\u00e9rcoles en Washington.WILL OLIVER (EFE)<\/p>\n<p class=\"\">Pese a la sonada oposici\u00f3n interna, con la decisi\u00f3n de mantener los tipos, la quinta consecutiva, Powell no solo reafirm\u00f3 la independencia de la Fed del poder pol\u00edtico. Tambi\u00e9n se apunt\u00f3 de nuevo a su mantra favorito: pese a la resiliencia de la econom\u00eda estadounidense (este mi\u00e9rcoles se supo que el PIB creci\u00f3 un 0,7% en el segundo trimestre), pese a la incertidumbre que a\u00f1aden las pol\u00edticas arancelarias de Trump, conviene, una vez m\u00e1s, \u201cesperar y ver\u201d qu\u00e9 efectos acaban teniendo estas en la inflaci\u00f3n. <\/p>\n<p class=\"\">Despu\u00e9s de todo, la misi\u00f3n del banco central es lograr la estabilidad en los precios y el m\u00e1ximo empleo. Lo segundo goza de buena salud: en junio se superaron las expectativas con la creaci\u00f3n de 147.000 puestos de trabajo, que dejaron la tasa de paro en el 4,1%. En cuanto a lo primero, las cosas no van tan bien: la inflaci\u00f3n subi\u00f3 el mes pasado tres d\u00e9cimas en t\u00e9rminos interanuales, <a href=\"https:\/\/elpais.com\/economia\/2025-07-15\/los-aranceles-de-trump-ya-de-empiezan-a-sentir-la-inflacion-escala-al-27-en-junio-en-estados-unidos.html\" rel=\"nofollow noopener\" title=\"https:\/\/elpais.com\/economia\/2025-07-15\/los-aranceles-de-trump-ya-de-empiezan-a-sentir-la-inflacion-escala-al-27-en-junio-en-estados-unidos.html\" target=\"_blank\">hasta el 2,7%, empujada,<\/a> sobre todo, por los bienes sensibles a los grav\u00e1menes, como muebles y juguetes. <\/p>\n<p class=\"\">\u201cLa inflaci\u00f3n est\u00e1 empezando a dejarse sentir en los precios de los consumidores\u201d, advirti\u00f3 Powell, antes de admitir que ese trasvase se est\u00e1 produciendo a un ritmo \u201cm\u00e1s lento de los que esper\u00e1bamos al principio\u201d. <\/p>\n<p class=\"\">En ese contexto, <a href=\"https:\/\/elpais.com\/economia\/2025-07-30\/la-resistencia-de-powell-frente-a-trump-continua-la-fed-se-dispone-a-mantener-los-tipos.html\" target=\"_blank\" rel=\"noreferrer nofollow noopener\" title=\"https:\/\/elpais.com\/economia\/2025-07-30\/la-resistencia-de-powell-frente-a-trump-continua-la-fed-se-dispone-a-mantener-los-tipos.html\">fue la reuni\u00f3n del banco central m\u00e1s esperada que se recuerda,<\/a> en previsi\u00f3n de que Waller y Bowman pusieran la nota discordante y debido a las presiones de los \u00faltimos meses de Trump a Powell, al que incluso ha fantaseado con despedir, aunque la ley se lo impida y pese a que el Tribunal Supremo de Estados Unidos blind\u00f3 la independencia de su cargo el pasado mes de mayo con una sentencia. Powell evit\u00f3 el cuerpo a cuerpo con el inquilino de la Casa Blanca, pero defendi\u00f3 ante la prensa que la Fed no toma sus decisiones teniendo \u201cen cuenta las necesidades fiscales del Gobierno federal\u201d. \u201cNing\u00fan banco central de una econom\u00eda avanzada lo hace, y no ser\u00eda bueno que lo hici\u00e9ramos, ya que no ser\u00eda bueno ni para nuestra credibilidad ni para la credibilidad de la pol\u00edtica fiscal de Estados Unidos\u201d, remat\u00f3, sin mencionar a Trump. <\/p>\n<p class=\"\">El presidente de Estados Unidos lleva meses insultando a diario al de la Fed, a quien lo m\u00e1s suave que le llama es \u201cSe\u00f1or Demasiado Tarde\u201d y suele olvidar interesadamente que lo design\u00f3 \u00e9l mismo durante su primera Administraci\u00f3n. Tambi\u00e9n ha dejado la puerta abierta a un despido, bas\u00e1ndose en el sobrecoste de las obras de renovaci\u00f3n de los dos edificios casi centenarios que sirven de sede al banco central. Trump y sus aliados acusan a Powell de despilfarro, y de aprobar a\u00f1adidos lujosos que han provocado una desviaci\u00f3n de 600 millones de d\u00f3lares, que han hecho escalar el presupuesto inicial hasta los 2.500 millones. <\/p>\n<p class=\"\">Fruto de esas sospechas de malversaci\u00f3n, que Powell niega tajantemente, lleg\u00f3 el jueves pasado la visita del presidente de Estados Unidos a las obras. Fue un paseo guiado por el propio Powell, que contradijo a Trump ante los periodistas, cuando este comparti\u00f3 una cifra falsa sobre las obras (resulta que a\u00f1adi\u00f3 en la cuenta un edificio concluido hace cinco a\u00f1os). Aquel d\u00eda, el presidente de la Fed prob\u00f3 una vez m\u00e1s que es uno de los pocos funcionarios de Washington dispuesto a llevar la contraria al inquilino de la Casa Blanca en su segundo mandato. Powell defini\u00f3 esa visita fue \u201cagradable\u201d y dijo que \u201csupuso un honor recibir al presidente\u201d.<\/p>\n<p class=\"\">Fue en diciembre cuando el banco central orden\u00f3 por \u00faltima vez una rebaja, entonces, de un cuarto de punto. La siguiente, inevitable, pregunta es qu\u00e9 pasar\u00e1 en la pr\u00f3xima reuni\u00f3n, en septiembre, cuando se <a href=\"https:\/\/elpais.com\/economia\/2024-12-18\/la-fed-recorta-por-tercera-vez-desde-septiembre-el-precio-del-dinero-con-una-bajada-de-25-puntos-basicos.html\" rel=\"nofollow noopener\" title=\"https:\/\/elpais.com\/economia\/2024-12-18\/la-fed-recorta-por-tercera-vez-desde-septiembre-el-precio-del-dinero-con-una-bajada-de-25-puntos-basicos.html\" target=\"_blank\">cumplir\u00e1 un a\u00f1o de otra bajada de un cuarto de punto, a la que siguieron otras dos antes de final de 2024<\/a>. \u201cNo hemos decidido nada sobre septiembre\u201d, dijo Powell este mi\u00e9rcoles. <\/p>\n<p class=\"\">Los mercados se inclinan a considerar que llegar\u00e1 la primera ca\u00edda de los tipos desde que Trump regres\u00f3 a la Casa Blanca (las probabilidades estaban este martes en torno al <a href=\"https:\/\/www.cmegroup.com\/markets\/interest-rates\/cme-fedwatch-tool.html\" rel=\"nofollow noopener\" title=\"https:\/\/www.cmegroup.com\/markets\/interest-rates\/cme-fedwatch-tool.html\" target=\"_blank\">55%, seg\u00fan la <\/a><a href=\"https:\/\/www.cmegroup.com\/markets\/interest-rates\/cme-fedwatch-tool.html\" rel=\"nofollow noopener\" title=\"https:\/\/www.cmegroup.com\/markets\/interest-rates\/cme-fedwatch-tool.html\" target=\"_blank\">herramienta<\/a><a href=\"https:\/\/www.cmegroup.com\/markets\/interest-rates\/cme-fedwatch-tool.html\" rel=\"nofollow noopener\" title=\"https:\/\/www.cmegroup.com\/markets\/interest-rates\/cme-fedwatch-tool.html\" target=\"_blank\"> de predicci\u00f3n CME)<\/a>. Pero nadie se atreve a apostar que algo as\u00ed vaya a ser suficiente para terminar con la presi\u00f3n del presidente de Estados Unidos mientras espera impaciente que llegue mayo del a\u00f1o que viene. Tal vez entonces pueda poner al frente de la Reserva Federal a alguien mejor dispuesto a plegarse a sus deseos.<\/p>\n","protected":false},"excerpt":{"rendered":"No hubo sorpresa en el fondo del asunto este mi\u00e9rcoles en el edificio Eccles, sede de la Reserva&hellip;\n","protected":false},"author":2,"featured_media":15401,"comment_status":"","ping_status":"","sticky":false,"template":"","format":"standard","meta":{"footnotes":""},"categories":[5],"tags":[4135,17,18,352,95,25,24,13,14,5850,11,921,1845,19,20,9,10,15,16,102,1843,23,1846,12,21,22],"class_list":{"0":"post-15400","1":"post","2":"type-post","3":"status-publish","4":"format-standard","5":"has-post-thumbnail","7":"category-titulares","8":"tag-aranceles","9":"tag-breaking-news","10":"tag-breakingnews","11":"tag-donald-trump","12":"tag-economia","13":"tag-es","14":"tag-espana","15":"tag-featured-news","16":"tag-featurednews","17":"tag-guerra-comercial","18":"tag-headlines","19":"tag-inversion","20":"tag-jerome-powell","21":"tag-latest-news","22":"tag-latestnews","23":"tag-news","24":"tag-noticias","25":"tag-noticias-destacadas","26":"tag-noticiasdestacadas","27":"tag-politica-monetaria","28":"tag-reserva-federal","29":"tag-spain","30":"tag-tipos-interes","31":"tag-titulares","32":"tag-ultimas-noticias","33":"tag-ultimasnoticias"},"share_on_mastodon":{"url":"","error":""},"_links":{"self":[{"href":"https:\/\/www.europesays.com\/es\/wp-json\/wp\/v2\/posts\/15400","targetHints":{"allow":["GET"]}}],"collection":[{"href":"https:\/\/www.europesays.com\/es\/wp-json\/wp\/v2\/posts"}],"about":[{"href":"https:\/\/www.europesays.com\/es\/wp-json\/wp\/v2\/types\/post"}],"author":[{"embeddable":true,"href":"https:\/\/www.europesays.com\/es\/wp-json\/wp\/v2\/users\/2"}],"replies":[{"embeddable":true,"href":"https:\/\/www.europesays.com\/es\/wp-json\/wp\/v2\/comments?post=15400"}],"version-history":[{"count":0,"href":"https:\/\/www.europesays.com\/es\/wp-json\/wp\/v2\/posts\/15400\/revisions"}],"wp:featuredmedia":[{"embeddable":true,"href":"https:\/\/www.europesays.com\/es\/wp-json\/wp\/v2\/media\/15401"}],"wp:attachment":[{"href":"https:\/\/www.europesays.com\/es\/wp-json\/wp\/v2\/media?parent=15400"}],"wp:term":[{"taxonomy":"category","embeddable":true,"href":"https:\/\/www.europesays.com\/es\/wp-json\/wp\/v2\/categories?post=15400"},{"taxonomy":"post_tag","embeddable":true,"href":"https:\/\/www.europesays.com\/es\/wp-json\/wp\/v2\/tags?post=15400"}],"curies":[{"name":"wp","href":"https:\/\/api.w.org\/{rel}","templated":true}]}}