{"id":154002,"date":"2025-10-03T02:43:20","date_gmt":"2025-10-03T02:43:20","guid":{"rendered":"https:\/\/www.europesays.com\/es\/154002\/"},"modified":"2025-10-03T02:43:20","modified_gmt":"2025-10-03T02:43:20","slug":"un-concursante-de-ot-elegido-en-el-casting-de-bilbao-desprecia-las-lenguas-cooficiales-lo-mejor-es-utilizar-el-castellano","status":"publish","type":"post","link":"https:\/\/www.europesays.com\/es\/154002\/","title":{"rendered":"Un concursante de &#8216;OT&#8217;, elegido en el casting de Bilbao, desprecia las lenguas cooficiales: \u00abLo mejor es utilizar el castellano\u00bb"},"content":{"rendered":"<p><img fetchpriority=\"high\" class=\"v-a-img\" src=\"https:\/\/www.europesays.com\/es\/wp-content\/uploads\/2025\/10\/ivan-rojo-ot-lenguas-cooficiales-kfwB-U2303249168178OYH-1200x840@El Correo.JPG\" loading=\"eager\" decoding=\"async\" alt=\"Un concursante de 'OT', elegido en el casting de Bilbao, desprecia las lenguas cooficiales: \u00abLo mejor es utilizar el castellano\u00bb\"  width=\"1200\" height=\"840\"\/><\/p>\n<p>Unas declaraciones de Iv\u00e1n Rojo encienden a los seguidores del &#8216;talent show&#8217; musical y horas despu\u00e9s es expulsado<\/p>\n<p class=\"v-mdl-ath__p v-mdl-ath__p--6\">\nJueves, 2 de octubre 2025, 09:45<\/p>\n<p>| Actualizado 10:41h.<\/p>\n<p class=\"v-p\">A Iv\u00e1n Rojo le han salido caras sus declaraciones sobre las lenguas cooficiales. Natural de Valladolid, el &#8216;triunfito&#8217;, de 23 a\u00f1os, fue seleccionado en el casting de Bilbao para entrar en la academia de &#8216;Operaci\u00f3n Triunfo&#8217; y su aventura ha durado un par de semanas. Horas despu\u00e9s de afirmar que una se\u00f1ora no tiene derecho a que la atiendan en un restaurante de su regi\u00f3n si habla en su lengua materna en vez de en castellano, el p\u00fablico de &#8216;OT&#8217; le ha dado la espalda y se ha convertido en <a href=\"https:\/\/www.elcorreo.com\/gente-estilo\/ivan-rojo-conquista-publico-convierte-primer-expulsado-20250929001331-nt.html\" target=\"_blank\" title=\"www.elcorreo.com\" data-voc-vtm-id=\"in-text-traffic\" data-mrf-link=\"www.elcorreo.com\" rel=\"nofollow noopener\">el primer expulsado<\/a> de la edici\u00f3n.<\/p>\n<p class=\"v-p\">El vallisoletano estaba en la cocina con dos de sus compa\u00f1eros, naturales de Catalu\u00f1a y Galicia, cuando cont\u00f3 que \u00e9l hab\u00eda trabajado en Mallorca y tuvo dificultades con el mallorqu\u00edn. Puso de ejemplo una situaci\u00f3n que le ocurri\u00f3 con una se\u00f1ora de la isla, a la que no pudo atender porque esta se neg\u00f3 a hablar en castellano. Rojo defend\u00eda que en caso de que dos ciudadanos de un mismo pa\u00eds no se entiendan, la persona que habla la lengua local deber\u00eda usar el castellano porque el mallorqu\u00edn \u00abno es una lengua oficial\u00bb. Sus compa\u00f1eros, que no estaban de acuerdo, le explicaron varias veces que \u00abcooficial significa que es oficial\u00bb pero no tuvieron \u00e9xito y el debate se alarg\u00f3 sin ning\u00fan tipo de sentido. \u00abTiene su derecho a hablar el mallorqu\u00edn porque est\u00e1 en su regi\u00f3n\u00bb, a\u00f1adieron.<\/p>\n<p class=\"v-p\">A partir de ah\u00ed, los tres se enzarzaron. \u00abEres t\u00fa el que ha ido a su regi\u00f3n a buscar una oportunidad. Lo normal es que respetes su cultura y su idioma\u00bb, le expuso Max, se\u00f1alando que en Mallorca \u00abtendr\u00e1 m\u00e1s posibilidades de encontrar trabajo una persona que hable mallorqu\u00edn y castellano antes que alguien que solo hable castellano\u00bb.<\/p>\n<p class=\"v-p\">Rojo defendi\u00f3 que \u00abuna isla tan tur\u00edstica como Mallorca no se podr\u00eda mantener si pidieran que todos sus trabajadores supiesen hablar mallorqu\u00edn\u00bb. Tinho le explic\u00f3 que antes de la llegada del turismo, sus residentes ya sosten\u00edan la isla. \u00abEs importante mantener el idioma de cada regi\u00f3n para preservar la cultura\u00bb, defendi\u00f3.<\/p>\n<p class=\"v-p\">El vallisoletano fue expulsado por la audiencia al d\u00eda siguiente. Ocho de cada diez votantes le dieron la espalda y optaron por salvar a su compa\u00f1era Claudia Arenas.<\/p>\n<p>Reporta un error<\/p>\n","protected":false},"excerpt":{"rendered":"Unas declaraciones de Iv\u00e1n Rojo encienden a los seguidores del &#8216;talent show&#8217; musical y horas despu\u00e9s es expulsado&hellip;\n","protected":false},"author":2,"featured_media":154003,"comment_status":"","ping_status":"","sticky":false,"template":"","format":"standard","meta":{"footnotes":""},"categories":[171],"tags":[2601,669,25717,2884,43714,46338,146,147,25,24,9463,1684,26868,23,214,42312],"class_list":{"0":"post-154002","1":"post","2":"type-post","3":"status-publish","4":"format-standard","5":"has-post-thumbnail","7":"category-tv","8":"tag-bilbao","9":"tag-castellano","10":"tag-casting","11":"tag-concursante","12":"tag-cooficiales","13":"tag-desprecia","14":"tag-entertainment","15":"tag-entretenimiento","16":"tag-es","17":"tag-espana","18":"tag-lenguas","19":"tag-mejor","20":"tag-salido","21":"tag-spain","22":"tag-tv","23":"tag-utilizar"},"share_on_mastodon":{"url":"","error":""},"_links":{"self":[{"href":"https:\/\/www.europesays.com\/es\/wp-json\/wp\/v2\/posts\/154002","targetHints":{"allow":["GET"]}}],"collection":[{"href":"https:\/\/www.europesays.com\/es\/wp-json\/wp\/v2\/posts"}],"about":[{"href":"https:\/\/www.europesays.com\/es\/wp-json\/wp\/v2\/types\/post"}],"author":[{"embeddable":true,"href":"https:\/\/www.europesays.com\/es\/wp-json\/wp\/v2\/users\/2"}],"replies":[{"embeddable":true,"href":"https:\/\/www.europesays.com\/es\/wp-json\/wp\/v2\/comments?post=154002"}],"version-history":[{"count":0,"href":"https:\/\/www.europesays.com\/es\/wp-json\/wp\/v2\/posts\/154002\/revisions"}],"wp:featuredmedia":[{"embeddable":true,"href":"https:\/\/www.europesays.com\/es\/wp-json\/wp\/v2\/media\/154003"}],"wp:attachment":[{"href":"https:\/\/www.europesays.com\/es\/wp-json\/wp\/v2\/media?parent=154002"}],"wp:term":[{"taxonomy":"category","embeddable":true,"href":"https:\/\/www.europesays.com\/es\/wp-json\/wp\/v2\/categories?post=154002"},{"taxonomy":"post_tag","embeddable":true,"href":"https:\/\/www.europesays.com\/es\/wp-json\/wp\/v2\/tags?post=154002"}],"curies":[{"name":"wp","href":"https:\/\/api.w.org\/{rel}","templated":true}]}}