{"id":154024,"date":"2025-10-03T03:04:07","date_gmt":"2025-10-03T03:04:07","guid":{"rendered":"https:\/\/www.europesays.com\/es\/154024\/"},"modified":"2025-10-03T03:04:07","modified_gmt":"2025-10-03T03:04:07","slug":"esto-es-lo-que-le-han-dicho","status":"publish","type":"post","link":"https:\/\/www.europesays.com\/es\/154024\/","title":{"rendered":"esto es lo que le han dicho"},"content":{"rendered":"<p><b>David Mu\u00f1oz<\/b>, voz principal del d\u00fao<b> Estopa<\/b>, ha iniciado este curso acad\u00e9mico una <b>nueva etapa<\/b> como estudiante en la <b>Universidad de Barcelona<\/b> a sus 49 a\u00f1os. Seg\u00fan \u00e9l mismo cont\u00f3, <b>los profesores<\/b> le han dejado claro desde el primer d\u00eda que ser\u00e1 tratado como \u201c<b>uno m\u00e1s en clase<\/b>\u201d, <b>sin privilegios por su fama<\/b>, algo que asegura es exactamente lo que busca.<\/p>\n<p>La <b>noticia <\/b>sali\u00f3 a la luz cuando <b>una compa\u00f1era comparti\u00f3 una foto con \u00e9l en el campus<\/b>, lo que r\u00e1pidamente se hizo<b> viral <\/b>en redes sociales. A la salida de sus primeras clases, Mu\u00f1oz reconoci\u00f3 ante los medios que no esperaba tanta repercusi\u00f3n: \u201cSe ha filtrado sin yo quererlo, pero esto es inevitable. Voy a hacer todo lo posible por ser uno m\u00e1s y no dar tanto bombo a esto\u201d. La elecci\u00f3n de la carrera no parece casual. Mu\u00f1oz ha expresado en diversas ocasiones su <b>inter\u00e9s por las humanidades<\/b> y, en particular, por la Historia Antigua, disciplina que ahora estudiar\u00e1 de manera formal en una instituci\u00f3n con siglos de tradici\u00f3n acad\u00e9mica.<\/p>\n<p>Criado en Cornell\u00e0, hijo de los propietarios de un bar y con <b>experiencia laboral en distintos sectores antes de alcanzar la fama<\/b>, procede de un entorno en el que la educaci\u00f3n superior no ocupaba un lugar central. Su decisi\u00f3n refleja un <b>inter\u00e9s personal por ampliar horizontes acad\u00e9micos <\/b>en una etapa distinta de su trayectoria. A pesar de su intensa actividad con Estopa, incluyendo una gira conmemorativa reciente, Mu\u00f1oz demuestra que es posible cultivar m\u00faltiples pasiones simult\u00e1neamente.<\/p>\n<p>Consultado sobre c\u00f3mo combinar\u00e1 la universidad con su carrera musical, afirm\u00f3 que \u201c<b>querer es poder<\/b>\u201d. Sobre la diferencia de edad con sus compa\u00f1eros, reconoci\u00f3 que deber\u00e1 \u201cponerse las pilas\u201d, pues muchos de ellos, reci\u00e9n salidos de Bachillerato, est\u00e1n m\u00e1s habituados al ritmo acad\u00e9mico y al manejo de apuntes. Preguntado sobre <b>si se ha sentido reconocido en clase<\/b>, coment\u00f3 que no lo not\u00f3 especialmente: \u201c<b>Aqu\u00ed me est\u00e1n hablando de cosas puramente de Historia<\/b>\u201d.<\/p>\n<p>Aunque ha vuelto a las aulas, Mu\u00f1oz no abandona su faceta art\u00edstica. Estopa contin\u00faa activa y con conciertos programados, lo que obligar\u00e1 al cantante a compaginar las giras con los estudios universitarios.<\/p>\n","protected":false},"excerpt":{"rendered":"David Mu\u00f1oz, voz principal del d\u00fao Estopa, ha iniciado este curso acad\u00e9mico una nueva etapa como estudiante en&hellip;\n","protected":false},"author":2,"featured_media":154025,"comment_status":"","ping_status":"","sticky":false,"template":"","format":"standard","meta":{"footnotes":""},"categories":[174],"tags":[255,146,147,25,24,256,23],"class_list":{"0":"post-154024","1":"post","2":"type-post","3":"status-publish","4":"format-standard","5":"has-post-thumbnail","7":"category-famosos","8":"tag-celebrities","9":"tag-entertainment","10":"tag-entretenimiento","11":"tag-es","12":"tag-espana","13":"tag-famosos","14":"tag-spain"},"share_on_mastodon":{"url":"","error":""},"_links":{"self":[{"href":"https:\/\/www.europesays.com\/es\/wp-json\/wp\/v2\/posts\/154024","targetHints":{"allow":["GET"]}}],"collection":[{"href":"https:\/\/www.europesays.com\/es\/wp-json\/wp\/v2\/posts"}],"about":[{"href":"https:\/\/www.europesays.com\/es\/wp-json\/wp\/v2\/types\/post"}],"author":[{"embeddable":true,"href":"https:\/\/www.europesays.com\/es\/wp-json\/wp\/v2\/users\/2"}],"replies":[{"embeddable":true,"href":"https:\/\/www.europesays.com\/es\/wp-json\/wp\/v2\/comments?post=154024"}],"version-history":[{"count":0,"href":"https:\/\/www.europesays.com\/es\/wp-json\/wp\/v2\/posts\/154024\/revisions"}],"wp:featuredmedia":[{"embeddable":true,"href":"https:\/\/www.europesays.com\/es\/wp-json\/wp\/v2\/media\/154025"}],"wp:attachment":[{"href":"https:\/\/www.europesays.com\/es\/wp-json\/wp\/v2\/media?parent=154024"}],"wp:term":[{"taxonomy":"category","embeddable":true,"href":"https:\/\/www.europesays.com\/es\/wp-json\/wp\/v2\/categories?post=154024"},{"taxonomy":"post_tag","embeddable":true,"href":"https:\/\/www.europesays.com\/es\/wp-json\/wp\/v2\/tags?post=154024"}],"curies":[{"name":"wp","href":"https:\/\/api.w.org\/{rel}","templated":true}]}}