{"id":154026,"date":"2025-10-03T03:06:10","date_gmt":"2025-10-03T03:06:10","guid":{"rendered":"https:\/\/www.europesays.com\/es\/154026\/"},"modified":"2025-10-03T03:06:10","modified_gmt":"2025-10-03T03:06:10","slug":"cristina-perez-presento-su-nuevo-libro-y-adelanto-uni-mi-destino-a-la-nacion-por-un-buen-tiempo","status":"publish","type":"post","link":"https:\/\/www.europesays.com\/es\/154026\/","title":{"rendered":"Cristina P\u00e9rez present\u00f3 su nuevo libro y adelant\u00f3: \u201cUn\u00ed mi destino a LA NACION por un buen tiempo\u201d"},"content":{"rendered":"<p class=\"com-paragraph  --capital --s\">La periodista <strong>Cristina P\u00e9rez adelant\u00f3 que renov\u00f3 su v\u00ednculo con el <\/strong><strong>LN+<\/strong><strong> y que continuar\u00e1 por \u201cun buen tiempo\u201d en el canal<\/strong>. \u201cEstamos trabajando en mejorar nuestra propuesta informativa para el a\u00f1o que viene y en tratar de renovar la pantalla. Un trabajo en equipo pensando en ustedes y en una realidad din\u00e1mica, que nos exige estar muy atentos\u201d, declar\u00f3 en di\u00e1logo con <strong>Jos\u00e9 del Rio en <\/strong><strong>Mesa chica<\/strong>.<\/p>\n<p class=\"com-paragraph   --s\">\u201c<strong>Quiero contarles en exclusiva en este programa que un\u00ed mi destino con LA NACION y voy a seguir en esta casa por un buen tiempo. <\/strong>Me pone muy orgullosa, muy feliz, pertenecer a esta gran casa del periodismo argentino y a mis \u2018nacioneros\u2019\u201d, dijo. <\/p>\n<p class=\"com-paragraph   --s\">La conductora de Siempre+, que se emite de lunes a viernes a las 18:30, revel\u00f3 tambi\u00e9n que cierra su ciclo en Telefe en \u201cmuy buenos t\u00e9rminos\u201d. <\/p>\n<p class=\"com-paragraph   --s\">\u201cEn noviembre va a salir mi programa en Telefe: Camino a casa. Es un formato espa\u00f1ol hermoso donde una figura muy conocida regresa ante las c\u00e1maras como en un reality al colegio donde estudiaba de chica, empieza a revivir su infancia y hace de vuelta el camino a su casa. Es hermoso, tenemos cinco programas grabados con figuras de primera l\u00ednea\u201d, indic\u00f3.<\/p>\n<p class=\"com-paragraph   --s\">\u201cTambi\u00e9n quiero contarles que <strong>cerr\u00e9 mi ciclo con Telefe<\/strong>. Se cerr\u00f3 con mucho amor. Estoy muy agradecida por mis a\u00f1os en el noticiero, pero este tiempo me hizo descubrir que quer\u00eda hacer periodismo de autor, y eso me lo permite esta casa. Es parte de la evoluci\u00f3n de la vida. Est\u00e1 terminando una etapa hermosa de mi vida y empezando otra\u00bb agreg\u00f3 la periodista.<\/p>\n<p class=\"com-paragraph   --s\">Adem\u00e1s cerr\u00f3: \u201cEste fue un a\u00f1o de muchos desaf\u00edos para LN+ y creo que estamos orgullosos de haberlo transitado con el esp\u00edritu del guerrero\u201d.<\/p>\n<p>La presentaci\u00f3n de su nuevo libro<\/p>\n<p class=\"com-paragraph   --s\">Por su parte, <strong>Cristina P\u00e9rez<\/strong> <strong>lanz\u00f3 su nuevo libro \u00ab<\/strong><strong>Mujer Samur\u00e1i\u00bb<\/strong> y explic\u00f3 que se trata sobre Tomoe Gozen, una de las mujeres guerreras m\u00e1s c\u00e9lebres de Jap\u00f3n: \u201cFue comandante de los ej\u00e9rcitos del general del sol naciente en la guerra civil del siglo XII del Jap\u00f3n feudal, donde se sentaron las bases para los samur\u00e1i. Aqu\u00ed est\u00e1 el temple de los guerreros y, de alguna manera, est\u00e1 demostrada lo que es la confusi\u00f3n en el poder\u201d.<\/p>\n<p class=\"com-paragraph   --s\">\u201cAc\u00e1 est\u00e1 el coraje de hacer lo correcto; preferir dejar la vida pero no el honor; entender la fugacidad de las cosas\u201d, se\u00f1al\u00f3 y a\u00f1adi\u00f3: \u201c<strong>Son muchos a\u00f1os de adentrarme en la filosof\u00eda del guerrero en el camino de la espada, en la samur\u00e1i,<\/strong> con registros incre\u00edbles de c\u00f3mo fue pasando de boca en boca el mundo de las artes marciales y sus c\u00f3digos, que hoy est\u00e1n sublimados en una filosof\u00eda de la \u00e9tica\u201d.<\/p>\n<p class=\"com-paragraph   --s\">Acto seguido, la periodista relat\u00f3 c\u00f3mo escribi\u00f3 el libro y cont\u00f3 que tuvo que \u201chacer caminos muy raros\u201d porque la historia no contada de los samur\u00e1i pertenece a las mujeres guerreras. \u201cTrato de llegar al alma y la historia. Es una biograf\u00eda incompleta, que es a veces el desaf\u00edo de la literatura\u201d, afirm\u00f3.<\/p>\n<p class=\"com-paragraph   --s\">\u201cEsta mujer aparece en un cap\u00edtulo de una \u00e9pica impresionante: la guerra de Genpei\u201d, coment\u00f3 sobre la mujer samur\u00e1i y revel\u00f3 que, en la \u00e9poca, sobre ella se dec\u00eda que \u201cval\u00eda por mil hombres, pod\u00eda pelear con un dios o un demonio y era de una belleza inigualable\u201d. \u201cEra reconocida por su destreza en el manejo de los caballos. Por su puesto tambi\u00e9n dominaba el arco y la flecha, el arma m\u00e1s antigua del imperio, y era reconocida por decapitar hasta siete guerreros importantes\u201d, continu\u00f3.<\/p>\n<p class=\"com-paragraph   --s\">A modo de s\u00edntesis, Cristina P\u00e9rez expres\u00f3: \u201cEn este libro se encuentran reflexiones sobre la vida.<strong> Yo creo que todos somos guerreros y ac\u00e1 se encuentra la temple del guerrero<\/strong>\u201d.<\/p>\n","protected":false},"excerpt":{"rendered":"La periodista Cristina P\u00e9rez adelant\u00f3 que renov\u00f3 su v\u00ednculo con el LN+ y que continuar\u00e1 por \u201cun buen&hellip;\n","protected":false},"author":2,"featured_media":154027,"comment_status":"","ping_status":"","sticky":false,"template":"","format":"standard","meta":{"footnotes":""},"categories":[172],"tags":[224,146,147,25,24,225,23],"class_list":{"0":"post-154026","1":"post","2":"type-post","3":"status-publish","4":"format-standard","5":"has-post-thumbnail","7":"category-libros","8":"tag-books","9":"tag-entertainment","10":"tag-entretenimiento","11":"tag-es","12":"tag-espana","13":"tag-libros","14":"tag-spain"},"share_on_mastodon":{"url":"","error":""},"_links":{"self":[{"href":"https:\/\/www.europesays.com\/es\/wp-json\/wp\/v2\/posts\/154026","targetHints":{"allow":["GET"]}}],"collection":[{"href":"https:\/\/www.europesays.com\/es\/wp-json\/wp\/v2\/posts"}],"about":[{"href":"https:\/\/www.europesays.com\/es\/wp-json\/wp\/v2\/types\/post"}],"author":[{"embeddable":true,"href":"https:\/\/www.europesays.com\/es\/wp-json\/wp\/v2\/users\/2"}],"replies":[{"embeddable":true,"href":"https:\/\/www.europesays.com\/es\/wp-json\/wp\/v2\/comments?post=154026"}],"version-history":[{"count":0,"href":"https:\/\/www.europesays.com\/es\/wp-json\/wp\/v2\/posts\/154026\/revisions"}],"wp:featuredmedia":[{"embeddable":true,"href":"https:\/\/www.europesays.com\/es\/wp-json\/wp\/v2\/media\/154027"}],"wp:attachment":[{"href":"https:\/\/www.europesays.com\/es\/wp-json\/wp\/v2\/media?parent=154026"}],"wp:term":[{"taxonomy":"category","embeddable":true,"href":"https:\/\/www.europesays.com\/es\/wp-json\/wp\/v2\/categories?post=154026"},{"taxonomy":"post_tag","embeddable":true,"href":"https:\/\/www.europesays.com\/es\/wp-json\/wp\/v2\/tags?post=154026"}],"curies":[{"name":"wp","href":"https:\/\/api.w.org\/{rel}","templated":true}]}}