{"id":154028,"date":"2025-10-03T03:07:12","date_gmt":"2025-10-03T03:07:12","guid":{"rendered":"https:\/\/www.europesays.com\/es\/154028\/"},"modified":"2025-10-03T03:07:12","modified_gmt":"2025-10-03T03:07:12","slug":"son-solo-4-capitulos-y-puedes-verla-gratis","status":"publish","type":"post","link":"https:\/\/www.europesays.com\/es\/154028\/","title":{"rendered":"son solo 4 cap\u00edtulos y puedes verla gratis"},"content":{"rendered":"<p>Cuestiones policiales y tensiones familiares todo en uno<\/p>\n<p><img decoding=\"async\" fetchpriority=\"high\" width=\"768\" height=\"432\" alt=\"Es la serie m\u00e1s vista de Netflix en Espa\u00f1a ahora mismo: son solo 4 cap\u00edtulos y puedes verla gratis\" src=\"https:\/\/www.europesays.com\/es\/wp-content\/uploads\/2025\/10\/weiss-morales.jpg\"\/> Miguel \u00c1ngel Silvestre y Katia Fellin protagonizan esta producci\u00f3n hispano-alemana<\/p>\n<p>\u00danete a la conversaci\u00f3n<\/p>\n<p>No es coincidencia que en los \u00faltimos a\u00f1os <a href=\"https:\/\/andro4all.com\/series\/esta-es-la-serie-espanola-mas-vista-y-querida-20-anos-despues-sigue-siendo-lo-mas-visto-en-streaming\" rel=\"nofollow noopener\" target=\"_blank\">las series espa\u00f1olas<\/a> hayan vuelto a gozar de <strong>excelente forma<\/strong>, especialmente cuando hablamos de <strong>tramas policiacas<\/strong> (tan de moda en los 90 y los 2000 aqu\u00ed). Desde grandes \u00e9xitos como El Ministerio del Tiempo, Los favoritos de Midas o la saga de Mar de Pl\u00e1stico, el terreno del thriller criminal ha sido un manantial de buenas alegr\u00edas para la <strong>ficci\u00f3n nacional<\/strong>.<\/p>\n<p>Cada vez <a href=\"https:\/\/andro4all.com\/series\/skyshowtime-anuncia-tres-nuevas-series-originales-espanolas-una-de-ellas-a-punto-de-estrenarse\" rel=\"nofollow noopener\" target=\"_blank\">m\u00e1s plataformas apuestan por ellas<\/a>, sean o no de g\u00e9nero detectivesco, y es que actualmente tenemos <strong>poco o nada que envidiar<\/strong> a lo que viene de fuera.<\/p>\n<p>N\u00famero 1 en Netflix<\/p>\n<p>Bajo este contexto llega una nueva <strong>miniserie espa\u00f1ola<\/strong> que acaba de aterrizar <strong>en Netflix<\/strong> y que ya ha conquistado la posici\u00f3n <strong>n\u00famero 1<\/strong> en el ranking de <strong>series m\u00e1s vistas en nuestro pa\u00eds<\/strong> en la plataforma, incluso por encima de t\u00edtulos como Incontrolables o La casa Guinness, y adem\u00e1s consta de <strong>solo 4 episodios<\/strong>.<\/p>\n<p><strong>Se trata de Weiss &amp; Morales<\/strong>, coproducci\u00f3n entre Espa\u00f1a y Alemania, una miniserie <strong>ambientada en las islas Canarias<\/strong> y sigue la dupla formada por Ra\u00fal Morales (interpretado por <strong>Miguel \u00c1ngel Silvestre<\/strong>), un sargento de la Guardia Civil con una vida personal, digamos complicada, y Nina Weiss (Katia Fellin), una agente alemana que arrastra <strong>su propio misterio familiar<\/strong>.<\/p>\n<p>Weiss &amp; Morales es una producci\u00f3n de RTVE, ZDF y la <strong>productora espa\u00f1ola Portocabo<\/strong> (responsable de \u00e9xitos como Hierro y Rapa). Adem\u00e1s del d\u00fao protagonista, <strong>el elenco incluye nombres<\/strong> como Juanjo Puigcorb\u00e9, M\u00f3nica L\u00f3pez y otros actores canarios en papeles secundarios que nos sumergen m\u00e1s si cabe en el clima de las islas.<\/p>\n<p><a href=\"https:\/\/www.netflix.com\/es\/title\/82084465\" class=\"btt-m post\" rel=\"noopener nofollow\" target=\"_blank\">Ver en Netflix<\/a><\/p>\n<p>Tambi\u00e9n podemos verla gratis<\/p>\n<p>Y aunque su <strong>acogida en Netflix<\/strong> haya sido para celebrar, no conviene olvidar que <strong>comenz\u00f3 sus andanzas en La 1 de TVE<\/strong>, siguiendo disponible para todos los usuarios en la <strong>web y app de RTVE<\/strong>.<\/p>\n<p><a href=\"https:\/\/www.rtve.es\/play\/videos\/weiss-morales\/\" class=\"btt-m post\" rel=\"noopener nofollow\" target=\"_blank\">Ver en RTVE<\/a><\/p>\n<p>Basta con <strong>darse de alta en RTVE Play<\/strong>, un tr\u00e1mite sencillo y <strong>sin coste<\/strong> alguno (solo crear una cuenta con tus datos b\u00e1sicos), y adem\u00e1s de esta forma veremos la <strong>versi\u00f3n m\u00e1s completa<\/strong> de Weiss &amp; Morales, pues los episodios disponibles en RTVE tienen entre 10 y 15 minutos m\u00e1s de metraje que las versiones de Netflix.<\/p>\n<p>\u00danete a la conversaci\u00f3n<\/p>\n","protected":false},"excerpt":{"rendered":"Cuestiones policiales y tensiones familiares todo en uno Miguel \u00c1ngel Silvestre y Katia Fellin protagonizan esta producci\u00f3n hispano-alemana&hellip;\n","protected":false},"author":2,"featured_media":154029,"comment_status":"","ping_status":"","sticky":false,"template":"","format":"standard","meta":{"footnotes":""},"categories":[171],"tags":[146,147,25,24,23,214],"class_list":{"0":"post-154028","1":"post","2":"type-post","3":"status-publish","4":"format-standard","5":"has-post-thumbnail","7":"category-tv","8":"tag-entertainment","9":"tag-entretenimiento","10":"tag-es","11":"tag-espana","12":"tag-spain","13":"tag-tv"},"share_on_mastodon":{"url":"","error":""},"_links":{"self":[{"href":"https:\/\/www.europesays.com\/es\/wp-json\/wp\/v2\/posts\/154028","targetHints":{"allow":["GET"]}}],"collection":[{"href":"https:\/\/www.europesays.com\/es\/wp-json\/wp\/v2\/posts"}],"about":[{"href":"https:\/\/www.europesays.com\/es\/wp-json\/wp\/v2\/types\/post"}],"author":[{"embeddable":true,"href":"https:\/\/www.europesays.com\/es\/wp-json\/wp\/v2\/users\/2"}],"replies":[{"embeddable":true,"href":"https:\/\/www.europesays.com\/es\/wp-json\/wp\/v2\/comments?post=154028"}],"version-history":[{"count":0,"href":"https:\/\/www.europesays.com\/es\/wp-json\/wp\/v2\/posts\/154028\/revisions"}],"wp:featuredmedia":[{"embeddable":true,"href":"https:\/\/www.europesays.com\/es\/wp-json\/wp\/v2\/media\/154029"}],"wp:attachment":[{"href":"https:\/\/www.europesays.com\/es\/wp-json\/wp\/v2\/media?parent=154028"}],"wp:term":[{"taxonomy":"category","embeddable":true,"href":"https:\/\/www.europesays.com\/es\/wp-json\/wp\/v2\/categories?post=154028"},{"taxonomy":"post_tag","embeddable":true,"href":"https:\/\/www.europesays.com\/es\/wp-json\/wp\/v2\/tags?post=154028"}],"curies":[{"name":"wp","href":"https:\/\/api.w.org\/{rel}","templated":true}]}}