{"id":154030,"date":"2025-10-03T03:08:09","date_gmt":"2025-10-03T03:08:09","guid":{"rendered":"https:\/\/www.europesays.com\/es\/154030\/"},"modified":"2025-10-03T03:08:09","modified_gmt":"2025-10-03T03:08:09","slug":"brian-may-rompe-su-silencio-sobre-la-relacion-con-integrante-de-queen-inexistente-desde-hace-mas-de-20-anos-ya-no-hablamos","status":"publish","type":"post","link":"https:\/\/www.europesays.com\/es\/154030\/","title":{"rendered":"Brian May rompe su silencio sobre la relaci\u00f3n con integrante de Queen, inexistente desde hace m\u00e1s de 20 a\u00f1os: \u2018Ya no hablamos\u2019"},"content":{"rendered":"<p class=\"default__StyledText-sc-oqc75h-0 kDYpOE body-paragraph\">El guitarrista Brian May revel\u00f3 que <b>no mantiene contacto alguno con su excompa\u00f1ero de Queen<\/b>, John Deacon, desde hace m\u00e1s de dos d\u00e9cadas. <\/p>\n<p class=\"default__StyledText-sc-oqc75h-0 kDYpOE body-paragraph\">A pesar de haber formado parte de la alineaci\u00f3n original del grupo, junto a Freddie Mercury y Roger Taylor, la relaci\u00f3n entre ambos m\u00fasicos <b>termin\u00f3 en silencio y sin reconciliaci\u00f3n<\/b>.<\/p>\n<p class=\"default__StyledText-sc-oqc75h-0 kDYpOE body-paragraph\">Deacon <b>se alej\u00f3 de la vida p\u00fablica en 1991<\/b>, tras la muerte de Freddie Mercury. <b>Su \u00faltima aparici\u00f3n p\u00fablica ocurri\u00f3 en 1997<\/b> y desde entonces, mantuvo un perfil completamente reservado. <\/p>\n<p class=\"interstitial-link block-margin-bottom\" style=\"min-height:20px;display:inline-block\">LEA M\u00c1S: <a target=\"_blank\" href=\"https:\/\/www.nacion.com\/viva\/musica\/brian-may-guitarrista-de-queen-sufrio-derrame\/Y3RXACSA3ZDWDDYTJQ4MTOVWEE\/story\/\" aria-label=\"Abrir historia relacionada\" class=\"default__StyledLink-sc-oqc75h-1 lnjDHE\" rel=\"nofollow noopener\">Brian May, guitarrista de Queen, sufri\u00f3 derrame cerebral: \u2018Perd\u00ed el control de mi brazo izquierdo\u2019<\/a><\/p>\n<p class=\"default__StyledText-sc-oqc75h-0 kDYpOE body-paragraph\">May <b>abord\u00f3 el tema en una entrevista<\/b> con la versi\u00f3n estadounidense de la revista <a href=\"https:\/\/www.rollingstone.com\/music\/music-features\/queen-bohemian-rhapsody-50th-anniversary-1235423897\/\" target=\"_blank\" rel=\"nofollow noopener\" title=\"https:\/\/www.rollingstone.com\/music\/music-features\/queen-bohemian-rhapsody-50th-anniversary-1235423897\/\">Rolling Stone<\/a>, durante un reportaje que conmemor\u00f3 los 50 a\u00f1os del tema Bohemian Rhapsody.<\/p>\n<p class=\"default__StyledText-sc-oqc75h-0 kDYpOE body-paragraph\">En la conversaci\u00f3n, Brian May explic\u00f3 que tanto \u00e9l como Roger Taylor <b>lamentan el distanciamiento<\/b>, pero aclar\u00f3 que respetan la decisi\u00f3n del bajista. Se\u00f1al\u00f3 que, aunque Deacon no desea mantener contacto, <b>sigue involucrado en decisiones importantes de la banda<\/b>, pero solo mediante asesores o el contador del grupo.<\/p>\n<p>\n        <b>Bohemian Rhapsody, la historia de la canci\u00f3n ic\u00f3nica de Queen<\/b>\n     <\/p>\n<p class=\"default__StyledText-sc-oqc75h-0 kDYpOE body-paragraph\">El m\u00fasico expres\u00f3 que, aunque ya no se comunican con Deacon, consideran que cuentan con su aprobaci\u00f3n para continuar con el legado de Queen.<\/p>\n<p class=\"default__StyledText-sc-oqc75h-0 kDYpOE body-paragraph\">\u201cCreo que tanto a Roger como a m\u00ed nos resulta muy dif\u00edcil, pero \u00e9l no quiere y tenemos que respetarlo\u201d, dijo May cuando le preguntaron sobre Deacon. <\/p>\n<p class=\"default__StyledText-sc-oqc75h-0 kDYpOE body-paragraph\">\u201cQuiere mantener las distancias. Pero, aun as\u00ed, sigue siendo parte del destino de la banda. Si intentamos tomar decisiones comerciales, siempre le consultamos, pero eso se hace a trav\u00e9s de la gerencia o de nuestro contador\u201d.<\/p>\n<p class=\"default__StyledText-sc-oqc75h-0 kDYpOE body-paragraph\">A pesar del aislamiento, John Deacon <b>sorprendi\u00f3 a los seguidores del grupo<\/b> cuando particip\u00f3 en un proyecto ben\u00e9fico el pasado mes de agosto. El exbajista <b>autoriz\u00f3 un aut\u00f3grafo en una edici\u00f3n del disco <\/b><b>A Night At The Opera<\/b>, lanzado en 1975, para ser subastado en un evento organizado por la fundaci\u00f3n Mercury Phoenix Trust.<\/p>\n<p class=\"default__StyledText-sc-oqc75h-0 kDYpOE body-paragraph\">Este evento, realizado el 6 de setiembre en el casino Barri\u00e8re Montreux en Suiza, <b>busc\u00f3 recaudar fondos para personas con VIH y sida<\/b>, enfermedad que provoc\u00f3 la muerte de Freddie Mercury.<\/p>\n<p class=\"default__StyledText-sc-oqc75h-0 kDYpOE body-paragraph\">En el largometraje Bohemian Rhapsody, estrenado en 2018 y ganador de cuatro premios \u00d3scar, el papel de John Deacon fue interpretado por el actor Joseph Mazzello.<\/p>\n<p class=\"default__StyledText-sc-oqc75h-0 kDYpOE body-paragraph\">Brian May, de 77 a\u00f1os, concluy\u00f3 que aunque el silencio entre ambos persiste, <b>saben que cuentan con el apoyo<\/b> de Deacon en lo esencial para la continuidad de Queen.<\/p>\n<p class=\"interstitial-link block-margin-bottom\" style=\"min-height:20px;display:inline-block\">LEA M\u00c1S: <a target=\"_blank\" href=\"https:\/\/www.nacion.com\/viva\/tom-holland-rompe-el-silencio-tras-el-accidente\/ZWRNGAZHZBCIFBIVTVSA5VKJXE\/story\/\" aria-label=\"Abrir historia relacionada\" class=\"default__StyledLink-sc-oqc75h-1 lnjDHE\" rel=\"nofollow noopener\">Tom Holland rompe el silencio tras el accidente que interrumpi\u00f3 el rodaje de \u2018Spider-Man\u2019: Esto fue lo que dijo<\/a><\/p>\n<p class=\"default__StyledText-sc-oqc75h-0 kDYpOE body-paragraph\">*La creaci\u00f3n de este contenido cont\u00f3 con la asistencia de inteligencia artificial. La fuente de esta informaci\u00f3n es de un medio del Grupo de Diarios Am\u00e9rica (GDA) y revisada por un editor para asegurar su precisi\u00f3n. El contenido no se gener\u00f3 autom\u00e1ticamente.<\/p>\n","protected":false},"excerpt":{"rendered":"El guitarrista Brian May revel\u00f3 que no mantiene contacto alguno con su excompa\u00f1ero de Queen, John Deacon, desde&hellip;\n","protected":false},"author":2,"featured_media":154031,"comment_status":"","ping_status":"","sticky":false,"template":"","format":"standard","meta":{"footnotes":""},"categories":[170],"tags":[19731,146,147,25,24,19730,9669,184,185,15891,5585,23,25229],"class_list":{"0":"post-154030","1":"post","2":"type-post","3":"status-publish","4":"format-standard","5":"has-post-thumbnail","7":"category-musica","8":"tag-brian-may","9":"tag-entertainment","10":"tag-entretenimiento","11":"tag-es","12":"tag-espana","13":"tag-freddie-mercury","14":"tag-john-deacon","15":"tag-music","16":"tag-musica","17":"tag-notas-ia","18":"tag-queen","19":"tag-spain","20":"tag-suc"},"share_on_mastodon":{"url":"","error":""},"_links":{"self":[{"href":"https:\/\/www.europesays.com\/es\/wp-json\/wp\/v2\/posts\/154030","targetHints":{"allow":["GET"]}}],"collection":[{"href":"https:\/\/www.europesays.com\/es\/wp-json\/wp\/v2\/posts"}],"about":[{"href":"https:\/\/www.europesays.com\/es\/wp-json\/wp\/v2\/types\/post"}],"author":[{"embeddable":true,"href":"https:\/\/www.europesays.com\/es\/wp-json\/wp\/v2\/users\/2"}],"replies":[{"embeddable":true,"href":"https:\/\/www.europesays.com\/es\/wp-json\/wp\/v2\/comments?post=154030"}],"version-history":[{"count":0,"href":"https:\/\/www.europesays.com\/es\/wp-json\/wp\/v2\/posts\/154030\/revisions"}],"wp:featuredmedia":[{"embeddable":true,"href":"https:\/\/www.europesays.com\/es\/wp-json\/wp\/v2\/media\/154031"}],"wp:attachment":[{"href":"https:\/\/www.europesays.com\/es\/wp-json\/wp\/v2\/media?parent=154030"}],"wp:term":[{"taxonomy":"category","embeddable":true,"href":"https:\/\/www.europesays.com\/es\/wp-json\/wp\/v2\/categories?post=154030"},{"taxonomy":"post_tag","embeddable":true,"href":"https:\/\/www.europesays.com\/es\/wp-json\/wp\/v2\/tags?post=154030"}],"curies":[{"name":"wp","href":"https:\/\/api.w.org\/{rel}","templated":true}]}}