{"id":154035,"date":"2025-10-03T03:12:32","date_gmt":"2025-10-03T03:12:32","guid":{"rendered":"https:\/\/www.europesays.com\/es\/154035\/"},"modified":"2025-10-03T03:12:32","modified_gmt":"2025-10-03T03:12:32","slug":"trump-contra-la-super-bowl-y-bad-bunny-es-una-verguenza","status":"publish","type":"post","link":"https:\/\/www.europesays.com\/es\/154035\/","title":{"rendered":"Trump contra la Super Bowl y Bad Bunny: \u00abEs una verg\u00fcenza\u00bb"},"content":{"rendered":"<p>Bad Bunny se ha consolidado en los \u00faltimos a\u00f1os como uno de los artistas m\u00e1s influyentes del panorama musical. Su figura trasciende la m\u00fasica, y es ya protagonista de debates culturales y pol\u00edticos. Especialmente tras ser elegido como la <strong>estrella del show de la Super Bowl 2026<\/strong> y tras su <strong>enfrentamiento <\/strong>abierto con el presidente <strong>Donald Trump. <\/strong><\/p>\n<p>Este choque entre el artista y el presidente se ha originado por las redadas migratorias del ICE (Servicio de Inmigraci\u00f3n y Control de Aduanas de los Estados Unidos). Adem\u00e1s, el ambiente hostil hacia la comunidad latina en Estados Unidos ha provocado diferentes reacciones.<\/p>\n<p>Su actuaci\u00f3n hist\u00f3rica en la Super Bowl<\/p>\n<p>La NFL confirm\u00f3 la presencia de Bad Bunny como protagonista del mayor show televisivo estadounidense: el <strong>Halftime Show de la Super Bowl 2026<\/strong>. Esta actuaci\u00f3n tendr\u00e1 lugar el 8 de febrero en el Levi\u2019s Stadium de Santa Clara, California. La elecci\u00f3n supone un hito, ya que Bad Bunny ser\u00e1 el <strong>primer artista latino desde 2020<\/strong> en actuar en solitario en este escenario. Los \u00faltimos precedentes fueron Shakira y Jennifer L\u00f3pez.<\/p>\n<p>Para Bad Bunny, este logro va mucho m\u00e1s all\u00e1 de lo personal: \u00ab<strong>Esto es para mi gente, mi cultura y nuestra historia<\/strong>. Es para quienes vinieron antes que yo y recorrieron infinitas yardas para que yo pudiera llegar y anotar un touchdown\u00bb, declar\u00f3 tras hacerse p\u00fablica la noticia. La NFL, por su parte, subray\u00f3 la relevancia de escoger a una figura <strong>capaz de unir g\u00e9neros, lenguas y p\u00fablicos<\/strong>. Con ello, buscan reflejar la diversidad cada vez m\u00e1s notoria en el pa\u00eds norteamericano.<\/p>\n<p>Pese a la controversia que ha provocado su anuncio, la organizaci\u00f3n del evento mantiene firme su apuesta. El show espera ser <strong>uno de los m\u00e1s vistos de la historia<\/strong> y ya ha generado un gran debate sobre identidad cultural.<\/p>\n<p>Bad Bunny y la pol\u00e9mica con Trump<\/p>\n<p>La tensi\u00f3n entre <a href=\"https:\/\/www.elindependiente.com\/tendencias\/musica\/2025\/01\/07\/bad-bunny-antiimperialistas-espana\/\" rel=\"nofollow noopener\" target=\"_blank\">Bad Bunny<\/a> y la<strong> Administraci\u00f3n de Donald Trump<\/strong> explot\u00f3 cuando el gobierno estadounidense anunci\u00f3 que desplegar\u00eda <strong>agentes migratorios <\/strong>del ICE durante el espect\u00e1culo de la Super Bowl 2026, con el objetivo expl\u00edcito de imponer controles sobre la poblaci\u00f3n inmigrante asistente al evento. Corey Lewandowski, asesor de Seguridad Nacional, no ha dudado en calificar de <strong>\u00abverg\u00fcenza\u00bb la elecci\u00f3n del artista puertorrique\u00f1o<\/strong> para el show, \u00abalguien que parece odiar tanto a Estados Unidos, para representarlos en el descanso del partido\u00bb. Lewandowski ha afirmado en medios que \u00abno hay ning\u00fan lugar donde se pueda brindar refugio a quienes se encuentran en este pa\u00eds ilegalmente. <strong>Ni la Super Bowl ni ning\u00fan otro lugar ser\u00e1n espacios seguros<\/strong>\u00bb para inmigrantes irregulares, prometiendo deportaciones incluso durante eventos masivos como este.<\/p>\n<p>La reacci\u00f3n de <a href=\"https:\/\/www.elindependiente.com\/gente\/2025\/08\/21\/bad-bunny-bailar-sordos-interpretes-senas\/\" rel=\"nofollow noopener\" target=\"_blank\">Bad Bunny<\/a> no se hizo esperar. Conocido por su postura cr\u00edtica ante las pol\u00edticas anti inmigratorias de Trump, el artista decidi\u00f3 en junio no dar ninguno concierto de su gira en Estados Unidos. No hay confirmaci\u00f3n oficial, pero todo apunta a que es una decisi\u00f3n motivada por el<strong> temor de que los propios conciertos fueran objeto de redadas del ICE,<\/strong> afectando principalmente a su p\u00fablico latino.<\/p>\n<blockquote class=\"twitter-tweet\">\n<p lang=\"es\" dir=\"ltr\">estuve pensando en estos d\u00edas, y luego de hablarlo con mi equipo, creo que har\u00e9 una sola fecha en Estados Unidos.<\/p>\n<p>\u2014 Benito Antonio (@sanbenito) <a href=\"https:\/\/twitter.com\/sanbenito\/status\/1972478017307042265?ref_src=twsrc%5Etfw\" rel=\"nofollow noopener\" target=\"_blank\">September 29, 2025<\/a><\/p><\/blockquote>\n<p>\u00abDeB\u00cd TiRAR M\u00e1S FOToS World Tour\u00bb: el fen\u00f3meno global<\/p>\n<p>El anuncio de la gira mundial de Bad Bunny, titulada \u00abDeB\u00cd TiRAR M\u00e1S FOToS World Tour\u00bb, ha multiplicado el impacto medi\u00e1tico del artista. La gira, promocional de su sexto \u00e1lbum de estudio, comenzar\u00e1 el<strong> 21 de noviembre de 2025 en Santo Domingo, Rep\u00fablica Dominicana<\/strong>, y prev\u00e9 terminar el 22 de julio en Bruselas, B\u00e9lgica. Inicialmente, se anunciaron 24 fechas, pero la alt\u00edsima demanda oblig\u00f3 a duplicar el n\u00famero de conciertos, superando as\u00ed los <strong>50 shows<\/strong> en estadios de Am\u00e9rica Latina, Europa y Australia. En menos de una semana, se vendieron<strong> 2,6 millones de entradas<\/strong>, un r\u00e9cord hist\u00f3rico para un artista latino y cifra comparable solo al fen\u00f3meno de artistas de talla mundial como Coldplay o Taylor Swift. <strong><a href=\"https:\/\/www.elindependiente.com\/tendencias\/musica\/2025\/05\/08\/bad-bunny-colapsa-la-preventa-de-entradas-y-anade-5-conciertos-mas-en-espana\/\" rel=\"nofollow noopener\" target=\"_blank\">Espa\u00f1a<\/a> ser\u00e1 uno de los destinos clave<\/strong>, con conciertos en Barcelona y Madrid. Estas son las fechas donde podremos ver a Bad Bunny en nuestro pa\u00eds:<\/p>\n<ul class=\"wp-block-list\">\n<li>22 y 23 de mayo de 2026 en el Estadi Ol\u00edmpic Llu\u00eds Companys.\u00a0<\/li>\n<li>30 y 31 de mayo, 2, 3, 6, 7, 10, 11, 14 y 15 de junio de 2026 en el Riyadh Air Metropolitano.\u00a0<\/li>\n<\/ul>\n<p>            <a class=\"articulo-relacionado__media\" href=\"https:\/\/www.elindependiente.com\/tendencias\/2025\/09\/29\/bad-bunny-super-bowl-2026\/\" title=\"Bad Bunny har\u00e1 historia en la Super Bowl 2026 mientras Taylor Swift se queda fuera\" rel=\"nofollow noopener\" target=\"_blank\"><\/p>\n<p>                <img decoding=\"async\" src=\"https:\/\/www.europesays.com\/es\/wp-content\/uploads\/2025\/10\/0f4152a7-9281-424a-8521-51469d4e2f90-390x220.webp.webp\" loading=\"lazy\" width=\"390\" height=\"220\" alt=\"Bad Bunny har\u00e1 historia en la Super Bowl 2026 mientras Taylor Swift se queda fuera\"\/><\/p>\n<p>\t\t\t            <\/a><\/p>\n<p>PUBLICIDAD<\/p>\n<p><script async src=\"https:\/\/platform.twitter.com\/widgets.js\" charset=\"utf-8\"><\/script><\/p>\n","protected":false},"excerpt":{"rendered":"Bad Bunny se ha consolidado en los \u00faltimos a\u00f1os como uno de los artistas m\u00e1s influyentes del panorama&hellip;\n","protected":false},"author":2,"featured_media":154036,"comment_status":"","ping_status":"","sticky":false,"template":"","format":"standard","meta":{"footnotes":""},"categories":[91],"tags":[1282,208,146,147,25,24,975,23],"class_list":{"0":"post-154035","1":"post","2":"type-post","3":"status-publish","4":"format-standard","5":"has-post-thumbnail","7":"category-entretenimiento","8":"tag-bad-bunny","9":"tag-conciertos","10":"tag-entertainment","11":"tag-entretenimiento","12":"tag-es","13":"tag-espana","14":"tag-seo","15":"tag-spain"},"share_on_mastodon":{"url":"","error":""},"_links":{"self":[{"href":"https:\/\/www.europesays.com\/es\/wp-json\/wp\/v2\/posts\/154035","targetHints":{"allow":["GET"]}}],"collection":[{"href":"https:\/\/www.europesays.com\/es\/wp-json\/wp\/v2\/posts"}],"about":[{"href":"https:\/\/www.europesays.com\/es\/wp-json\/wp\/v2\/types\/post"}],"author":[{"embeddable":true,"href":"https:\/\/www.europesays.com\/es\/wp-json\/wp\/v2\/users\/2"}],"replies":[{"embeddable":true,"href":"https:\/\/www.europesays.com\/es\/wp-json\/wp\/v2\/comments?post=154035"}],"version-history":[{"count":0,"href":"https:\/\/www.europesays.com\/es\/wp-json\/wp\/v2\/posts\/154035\/revisions"}],"wp:featuredmedia":[{"embeddable":true,"href":"https:\/\/www.europesays.com\/es\/wp-json\/wp\/v2\/media\/154036"}],"wp:attachment":[{"href":"https:\/\/www.europesays.com\/es\/wp-json\/wp\/v2\/media?parent=154035"}],"wp:term":[{"taxonomy":"category","embeddable":true,"href":"https:\/\/www.europesays.com\/es\/wp-json\/wp\/v2\/categories?post=154035"},{"taxonomy":"post_tag","embeddable":true,"href":"https:\/\/www.europesays.com\/es\/wp-json\/wp\/v2\/tags?post=154035"}],"curies":[{"name":"wp","href":"https:\/\/api.w.org\/{rel}","templated":true}]}}